{"id":44920,"date":"2025-08-02T03:00:00","date_gmt":"2025-08-02T06:00:00","guid":{"rendered":"https:\/\/noticiasdestaque.com.br\/index.php\/2025\/08\/02\/tarifa-adicional-de-50-incidira-sobre-359-das-exportacoes-brasileiras-industria-propoe-acoes-emergenciais-ao-governo\/"},"modified":"2025-08-02T03:00:00","modified_gmt":"2025-08-02T06:00:00","slug":"tarifa-adicional-de-50-incidira-sobre-359-das-exportacoes-brasileiras-industria-propoe-acoes-emergenciais-ao-governo","status":"publish","type":"post","link":"https:\/\/noticiasdestaque.com.br\/index.php\/2025\/08\/02\/tarifa-adicional-de-50-incidira-sobre-359-das-exportacoes-brasileiras-industria-propoe-acoes-emergenciais-ao-governo\/","title":{"rendered":"Tarifa adicional de 50% incidir\u00e1 sobre 35,9% das exporta\u00e7\u00f5es brasileiras; Ind\u00fastria prop\u00f5e a\u00e7\u00f5es emergenciais ao governo"},"content":{"rendered":"<p>\t\t\t\t\t\t\t\t\t\t<audio controls class=\"b61_audio_player\" data-noticia=\"83763\" src=\"https:\/\/brasil61.com\/rails\/active_storage\/blobs\/eyJfcmFpbHMiOnsibWVzc2FnZSI6IkJBaHBBNUNBQXc9PSIsImV4cCI6bnVsbCwicHVyIjoiYmxvYl9pZCJ9fQ==--5933d6415624126069d3aad4cf0cc4908aa8ebd0\/PIND254576A\"><\/audio><\/p>\n<p>Embora gigantes como a Embraer j\u00e1 tenham conseguido derrubar a sobretaxa norte-americana, diversos outros setores produtivos brasileiros permanecem sujeitos \u00e0 tarifa de 50% (aumento de 40% nas tarifas j\u00e1 existentes, de 10%). Oficializada na \u00faltima quarta-feira (30), por decreto do presidente Donald Trump, a medida passa a valer em 6 de agosto.<\/p>\n<p><a href=\"https:\/\/www.gov.br\/mdic\/pt-br\/assuntos\/noticias\/2025\/julho\/nota-do-mdic-sobre-a-ordem-executiva-dos-eua-direcionada-as-exportacoes-brasileiras\">Levantamento preliminar<\/a>\u00a0da Secretaria de Com\u00e9rcio Exterior do Minist\u00e9rio do Desenvolvimento, Ind\u00fastria, Com\u00e9rcio e Servi\u00e7os (Secex\/MDIC) aponta que tarifa adicional de 50% incidir\u00e1 sobre 35,9% das exporta\u00e7\u00f5es brasileiras para os Estados Unidos. Essa fatia correspondeu a US$ 14,5 bilh\u00f5es em 2024.<br \/>\nPreocupada com o impacto desproporcional sobre os neg\u00f3cios de menor porte, a Confedera\u00e7\u00e3o Nacional da Ind\u00fastria (CNI) enviou ao governo federal um pacote de oito medidas emergenciais para amortecer o efeito do \u201ctarifa\u00e7o\u201d. A entidade defende que o momento exige negocia\u00e7\u00e3o diplom\u00e1tica e pol\u00edticas internas de apoio \u00e0s empresas, \u201ce n\u00e3o retalia\u00e7\u00e3o\u201d.<\/p>\n<p>\u201cN\u00e3o h\u00e1 justificativa t\u00e9cnica ou econ\u00f4mica para o aumento das tarifas. Acreditamos que essa medida \u00e9 uma rela\u00e7\u00e3o de perde-perde para os dois pa\u00edses\u201d, afirmou o presidente da CNI, Ricardo Alban.<\/p>\n<h2>Propostas para apoiar as empresas<\/h2>\n<p>As medidas entregues ao ministro da Ind\u00fastria e Com\u00e9rcio, Geraldo Alckmin, visam garantir f\u00f4lego financeiro e preservar a capacidade exportadora dos neg\u00f3cios afetados:<\/p>\n<p>\n\u25cf \u00a0 \u00a0 \u00a0 \u00a0Linha emergencial de cr\u00e9dito do BNDES com juros entre 1% e 4% ao ano;<\/p>\n<p>\u25cf \u00a0 \u00a0 \u00a0 \u00a0Prorroga\u00e7\u00e3o e flexibiliza\u00e7\u00e3o de contratos de c\u00e2mbio de exporta\u00e7\u00e3o;<\/p>\n<p>\u25cf \u00a0 \u00a0 \u00a0 \u00a0Adiamento de tributos federais por 120 dias, com parcelamento posterior sem multa ou juros;<\/p>\n<p>\u25cf \u00a0 \u00a0 \u00a0 \u00a0Pagamento imediato de cr\u00e9ditos acumulados de PIS\/Cofins e IPI;<\/p>\n<p>\u25cf \u00a0 \u00a0 \u00a0 \u00a0Amplia\u00e7\u00e3o do Reintegra para 3%;<\/p>\n<p>\u25cf \u00a0 \u00a0 \u00a0 \u00a0Reativa\u00e7\u00e3o do Programa Seguro-Emprego;<\/p>\n<p>\u25cf \u00a0 \u00a0 \u00a0 \u00a0A\u00e7\u00f5es contra pr\u00e1ticas de dumping e refor\u00e7o \u00e0 defesa comercial.<\/p>\n<h2>Setores estrat\u00e9gicos na linha de frente<\/h2>\n<p>Segundo a CNI, cerca de 700 produtos brasileiros ser\u00e3o isentos da tarifa de 50%. Entretanto, os setores importantes para a exporta\u00e7\u00e3o brasileira ficaram de fora da lista de exce\u00e7\u00f5es. Entre os mais atingidos, est\u00e3o:<\/p>\n<p>\n\u25cf \u00a0 \u00a0 \u00a0 \u00a0Prote\u00edna animal, caf\u00e9 e etanol;<\/p>\n<p>\u25cf \u00a0 \u00a0 \u00a0 \u00a0M\u00e1quinas e equipamentos industriais;<\/p>\n<p>\u25cf \u00a0 \u00a0 \u00a0 \u00a0Produtos manufaturados e de alto valor agregado.<\/p>\n<h2>Rela\u00e7\u00e3o bilateral<\/h2>\n<p>Os Estados Unidos s\u00e3o o principal destino das exporta\u00e7\u00f5es da ind\u00fastria de transforma\u00e7\u00e3o brasileira, com destaque para pequenas e m\u00e9dias empresas. Segundo a CNI:<\/p>\n<p>\n\u25cf \u00a0 \u00a0 \u00a0 \u00a0Cada R$ 1 bilh\u00e3o exportado em 2024 gerou 24,3 mil empregos e R$ 3,2 bilh\u00f5es em produ\u00e7\u00e3o nacional;<\/p>\n<p>\u25cf \u00a0 \u00a0 \u00a0 \u00a0O Brasil tem quase 3 mil empresas atuando nos EUA;<\/p>\n<p>\u25cf \u00a0 \u00a0 \u00a0 \u00a0Os investimentos brasileiros no pa\u00eds somam US$ 22,1 bilh\u00f5es.<\/p>\n<h2>Miss\u00e3o aos EUA tenta conter preju\u00edzos<\/h2>\n<p>Para a CNI, o momento exige press\u00e3o coordenada entre setor produtivo e diplomacia governamental para evitar perdas duradouras. Como resposta diplom\u00e1tica, a CNI prepara uma miss\u00e3o empresarial aos Estados Unidos para sensibilizar o setor privado norte-americano. A inten\u00e7\u00e3o \u00e9 mostrar que a tarifa afeta ambos os lados da rela\u00e7\u00e3o comercial, com preju\u00edzos diretos para cadeias produtivas e empregos.<\/p>\n<p>&#8220;O nosso objetivo \u00e9 abrir a conversa entre empresas brasileiras e americanas que sejam fornecedores ou clientes e vice-versa umas das outras. Nosso papel da CNI \u00e9 ser um facilitador e um coordenador&#8221;, refor\u00e7ou Alban.<br \/>\n\u00a0<\/p>\n<p>\t\t\t\t\t\t\t\t\t<img loading=\"lazy\" decoding=\"async\" src=\"https:\/\/brasil61.com\/api\/v1\/serve_pixel\/17677\/83763\" alt=\"Pixel Brasil 61\" class=\"b61_pixel\" width=\"0\" height=\"0\"><\/p>\n<input type=\"hidden\" id=\"baseurl\" value=\"https:\/\/noticiasdestaque.com.br\"><input type=\"hidden\" id=\"audio_nonce\" value=\"6f73a554f1\">","protected":false},"excerpt":{"rendered":"<p>Pacote de medidas enviado ao governo federal pela entidade prev\u00ea desde a amplia\u00e7\u00e3o do cr\u00e9dito com juros reduzidos at\u00e9 a prorroga\u00e7\u00e3o de tributos<\/p>\n","protected":false},"author":1,"featured_media":44921,"comment_status":"open","ping_status":"open","sticky":false,"template":"","format":"standard","meta":{"fifu_image_url":"","fifu_image_alt":"","footnotes":""},"categories":[59],"tags":[],"class_list":["post-44920","post","type-post","status-publish","format-standard","has-post-thumbnail","hentry","category-economia"],"distributor_meta":false,"distributor_terms":false,"distributor_media":false,"distributor_original_site_name":"Noticias em Destaque","distributor_original_site_url":"https:\/\/noticiasdestaque.com.br","push-errors":false,"_links":{"self":[{"href":"https:\/\/noticiasdestaque.com.br\/index.php\/wp-json\/wp\/v2\/posts\/44920","targetHints":{"allow":["GET"]}}],"collection":[{"href":"https:\/\/noticiasdestaque.com.br\/index.php\/wp-json\/wp\/v2\/posts"}],"about":[{"href":"https:\/\/noticiasdestaque.com.br\/index.php\/wp-json\/wp\/v2\/types\/post"}],"author":[{"embeddable":true,"href":"https:\/\/noticiasdestaque.com.br\/index.php\/wp-json\/wp\/v2\/users\/1"}],"replies":[{"embeddable":true,"href":"https:\/\/noticiasdestaque.com.br\/index.php\/wp-json\/wp\/v2\/comments?post=44920"}],"version-history":[{"count":0,"href":"https:\/\/noticiasdestaque.com.br\/index.php\/wp-json\/wp\/v2\/posts\/44920\/revisions"}],"wp:featuredmedia":[{"embeddable":true,"href":"https:\/\/noticiasdestaque.com.br\/index.php\/wp-json\/wp\/v2\/media\/44921"}],"wp:attachment":[{"href":"https:\/\/noticiasdestaque.com.br\/index.php\/wp-json\/wp\/v2\/media?parent=44920"}],"wp:term":[{"taxonomy":"category","embeddable":true,"href":"https:\/\/noticiasdestaque.com.br\/index.php\/wp-json\/wp\/v2\/categories?post=44920"},{"taxonomy":"post_tag","embeddable":true,"href":"https:\/\/noticiasdestaque.com.br\/index.php\/wp-json\/wp\/v2\/tags?post=44920"}],"curies":[{"name":"wp","href":"https:\/\/api.w.org\/{rel}","templated":true}]}}