{"id":44902,"date":"2025-07-31T16:30:00","date_gmt":"2025-07-31T19:30:00","guid":{"rendered":"https:\/\/noticiasdestaque.com.br\/index.php\/2025\/07\/31\/sol-nascente-df-recebe-a-primeira-unidade-movel-automatizada-da-caixa-no-pais\/"},"modified":"2025-07-31T16:30:00","modified_gmt":"2025-07-31T19:30:00","slug":"sol-nascente-df-recebe-a-primeira-unidade-movel-automatizada-da-caixa-no-pais","status":"publish","type":"post","link":"https:\/\/noticiasdestaque.com.br\/index.php\/2025\/07\/31\/sol-nascente-df-recebe-a-primeira-unidade-movel-automatizada-da-caixa-no-pais\/","title":{"rendered":"Sol Nascente (DF) recebe a primeira unidade m\u00f3vel automatizada da CAIXA no pa\u00eds"},"content":{"rendered":"<p>\t\t\t\t\t\t\t\t\t\t<audio controls class=\"b61_audio_player\" data-noticia=\"83720\" src=\"https:\/\/brasil61.com\/rails\/active_storage\/blobs\/eyJfcmFpbHMiOnsibWVzc2FnZSI6IkJBaHBBeDEvQXc9PSIsImV4cCI6bnVsbCwicHVyIjoiYmxvYl9pZCJ9fQ==--326fb6eeda5d991e571289d5119411843199e838\/PCXA250582A\"><\/audio><\/p>\n<p>A primeira unidade m\u00f3vel automatizada da <a href=\"https:\/\/www.caixa.gov.br\/Paginas\/home-caixa.aspx\" target=\"_blank\">Caixa Econ\u00f4mica Federal<\/a> no pa\u00eds foi inaugurada nesta quinta-feira, 31 de julho. Ela est\u00e1 instalada no Centro Ol\u00edmpico Parque da Vaquejada, na comunidade de Sol Nascente, em Ceil\u00e2ndia, no Distrito Federal.<\/p>\n<p>Os servi\u00e7os v\u00e3o ser oferecidos de segunda a sexta-feira, das 10 da manh\u00e3 \u00e0s tr\u00eas da tarde at\u00e9 o dia 29 de agosto. A unidade conta com dois guich\u00eas de atendimento e oferece os mesmos servi\u00e7os de uma ag\u00eancia tradicional, com exce\u00e7\u00e3o de movimenta\u00e7\u00e3o de dinheiro em esp\u00e9cie.<\/p>\n<p>Para o presidente da CAIXA, Carlos Vieira, a iniciativa visa expandir a presen\u00e7a do banco pelo pa\u00eds e fortalecer a inclus\u00e3o financeira da popula\u00e7\u00e3o.\u00a0<\/p>\n<p>\u201cA ag\u00eancia tem o prop\u00f3sito de levar os servi\u00e7os da caixa e do governo federal onde a popula\u00e7\u00e3o est\u00e1. Ent\u00e3o, nada mais simb\u00f3lico do que chegar com esse primeiro modelo na comunidade de Sol Nascente, com todo esse aspecto vinculado a uma popula\u00e7\u00e3o que precisa dos servi\u00e7os banc\u00e1rios, mas muitas vezes precisa se deslocar \u00e0 regi\u00e3o central de Bras\u00edlia.\u201d<\/p>\n<p>O presidente da CAIXA destaca, ainda, que a ideia \u00e9 atender as peculiaridades de cada comunidade, com apoio \u00e0 popula\u00e7\u00e3o, inclusive com base na orienta\u00e7\u00e3o financeira.<\/p>\n<p>\u201cUma comunidade como essa tem uma economia pr\u00f3pria e muitas vezes n\u00e3o precisa nem se deslocar para outros locais. Mas, \u00e0s vezes, precisa de uma institui\u00e7\u00e3o que traga os conceitos banc\u00e1rios, de inclus\u00e3o banc\u00e1ria, de orienta\u00e7\u00e3o para o cr\u00e9dito, de orienta\u00e7\u00e3o ao uso do servi\u00e7o banc\u00e1rio.\u201d<\/p>\n<p>Al\u00e9m da unidade inaugurada nesta quinta-feira, a caixa conta ainda com 11 caminh\u00f5es que percorrem o pa\u00eds, com oferta de atendimento para produtos e servi\u00e7os do banco.<\/p>\n<p>Depois de Bras\u00edlia, a nova unidade vai atender a popula\u00e7\u00e3o de Simpl\u00edcio Mendes, no Piau\u00ed, onde ficar\u00e1 at\u00e9 a inaugura\u00e7\u00e3o da nova ag\u00eancia, prevista para janeiro de 2026.<\/p>\n<p>\n\u00a0<\/p>\n<p>\t\t\t\t\t\t\t\t\t<img loading=\"lazy\" decoding=\"async\" src=\"https:\/\/brasil61.com\/api\/v1\/serve_pixel\/17677\/83720\" alt=\"Pixel Brasil 61\" class=\"b61_pixel\" width=\"0\" height=\"0\"><\/p>\n<input type=\"hidden\" id=\"baseurl\" value=\"https:\/\/noticiasdestaque.com.br\"><input type=\"hidden\" id=\"audio_nonce\" value=\"bebeb23d5e\">","protected":false},"excerpt":{"rendered":"<p>Os atendimentos no local v\u00e3o estar dispon\u00edveis at\u00e9 o dia 29 de agosto<\/p>\n","protected":false},"author":1,"featured_media":44903,"comment_status":"open","ping_status":"open","sticky":false,"template":"","format":"standard","meta":{"fifu_image_url":"","fifu_image_alt":"","footnotes":""},"categories":[59],"tags":[],"class_list":["post-44902","post","type-post","status-publish","format-standard","has-post-thumbnail","hentry","category-economia"],"distributor_meta":false,"distributor_terms":false,"distributor_media":false,"distributor_original_site_name":"Noticias em Destaque","distributor_original_site_url":"https:\/\/noticiasdestaque.com.br","push-errors":false,"_links":{"self":[{"href":"https:\/\/noticiasdestaque.com.br\/index.php\/wp-json\/wp\/v2\/posts\/44902","targetHints":{"allow":["GET"]}}],"collection":[{"href":"https:\/\/noticiasdestaque.com.br\/index.php\/wp-json\/wp\/v2\/posts"}],"about":[{"href":"https:\/\/noticiasdestaque.com.br\/index.php\/wp-json\/wp\/v2\/types\/post"}],"author":[{"embeddable":true,"href":"https:\/\/noticiasdestaque.com.br\/index.php\/wp-json\/wp\/v2\/users\/1"}],"replies":[{"embeddable":true,"href":"https:\/\/noticiasdestaque.com.br\/index.php\/wp-json\/wp\/v2\/comments?post=44902"}],"version-history":[{"count":0,"href":"https:\/\/noticiasdestaque.com.br\/index.php\/wp-json\/wp\/v2\/posts\/44902\/revisions"}],"wp:featuredmedia":[{"embeddable":true,"href":"https:\/\/noticiasdestaque.com.br\/index.php\/wp-json\/wp\/v2\/media\/44903"}],"wp:attachment":[{"href":"https:\/\/noticiasdestaque.com.br\/index.php\/wp-json\/wp\/v2\/media?parent=44902"}],"wp:term":[{"taxonomy":"category","embeddable":true,"href":"https:\/\/noticiasdestaque.com.br\/index.php\/wp-json\/wp\/v2\/categories?post=44902"},{"taxonomy":"post_tag","embeddable":true,"href":"https:\/\/noticiasdestaque.com.br\/index.php\/wp-json\/wp\/v2\/tags?post=44902"}],"curies":[{"name":"wp","href":"https:\/\/api.w.org\/{rel}","templated":true}]}}