{"id":44888,"date":"2025-07-30T21:00:00","date_gmt":"2025-07-31T00:00:00","guid":{"rendered":"https:\/\/noticiasdestaque.com.br\/index.php\/2025\/07\/30\/dolar-encerra-pregao-em-alta-3\/"},"modified":"2025-07-30T21:00:00","modified_gmt":"2025-07-31T00:00:00","slug":"dolar-encerra-pregao-em-alta-3","status":"publish","type":"post","link":"https:\/\/noticiasdestaque.com.br\/index.php\/2025\/07\/30\/dolar-encerra-pregao-em-alta-3\/","title":{"rendered":"D\u00f3lar encerra preg\u00e3o em alta"},"content":{"rendered":"<p>\t\t\t\t\t\t\t\t\t\t<audio controls class=\"b61_audio_player\" data-noticia=\"83704\" src=\"https:\/\/brasil61.com\/rails\/active_storage\/blobs\/eyJfcmFpbHMiOnsibWVzc2FnZSI6IkJBaHBBNVY5QXc9PSIsImV4cCI6bnVsbCwicHVyIjoiYmxvYl9pZCJ9fQ==--11548faa8ec0d5b2f24e53813904b41eb5cf0c7e\/BRAS2514421A\"><\/audio><\/p>\n<p style=\"text-align: justify\">O <strong>d\u00f3lar <\/strong>apresentou oscila\u00e7\u00f5es ao longo do dia e encerrou o \u00faltimo preg\u00e3o com <strong>alta\u00a0de 0,38%<\/strong>, cotado a <strong>R$ 5,57<\/strong>\u00a0frente ao real. A sess\u00e3o reflete a cautela do mercado diante da <strong>tens\u00e3o comercial entre Brasil e Estados Unidos<\/strong>.<\/p>\n<p style=\"text-align: justify\">Na quarta-feira (30) o presidente dos Estados Unidos, Donald Trump,\u00a0assinou a ordem que implementa a tarifa de 50% sobre os produtos brasileiros, com exce\u00e7\u00f5es como suco de laranja, petr\u00f3leo, pe\u00e7as de aeronaves e outros. A medida passa a valer em sete dias.\u00a0<\/p>\n<p style=\"text-align: justify\">A disputa comercial entre os dois pa\u00edses continua tensa\u00a0e os investidores se mant\u00eam em alerta em rela\u00e7\u00e3o aos impactos sobre setores da economia brasileira.\u00a0<\/p>\n<h2>Cota\u00e7\u00e3o do euro hoje<\/h2>\n<p>O <strong>euro <\/strong>encerrou o dia <strong>em baixa<\/strong>, cotado a <strong>R$ 6,35<\/strong>.\u00a0<\/p>\n<h2>Cota\u00e7\u00f5es<\/h2>\n<p style=\"text-align: justify\">A tabela abaixo mostra as cota\u00e7\u00f5es cruzadas entre as principais moedas internacionais e o real. Cada c\u00e9lula indica quanto vale 1 unidade da moeda da linha em rela\u00e7\u00e3o \u00e0 moeda da coluna.<\/p>\n<table>\n<thead>\n<tr>\n<th>\u00a0<\/th>\n<th>BRL<\/th>\n<th>USD<\/th>\n<th>CAD<\/th>\n<th>EUR<\/th>\n<th>JPY<\/th>\n<th>GBP<\/th>\n<th>CHF<\/th>\n<th>AUD<\/th>\n<\/tr>\n<\/thead>\n<tbody>\n<tr>\n<th>BRL<\/th>\n<td>&#8211;<\/td>\n<td>0.1793<\/td>\n<td>0.2479<\/td>\n<td>0.1659<\/td>\n<td>26.7960<\/td>\n<td>0.1352<\/td>\n<td>0.1458<\/td>\n<td>0.2782<\/td>\n<\/tr>\n<tr>\n<th>USD<\/th>\n<td>5.5741<\/td>\n<td>&#8211;<\/td>\n<td>1.3840<\/td>\n<td>0.8759<\/td>\n<td>149.427<\/td>\n<td>0.7549<\/td>\n<td>0.8140<\/td>\n<td>1.5533<\/td>\n<\/tr>\n<tr>\n<th>CAD<\/th>\n<td>4.0230<\/td>\n<td>0.7224<\/td>\n<td>&#8211;<\/td>\n<td>0.6327<\/td>\n<td>107.946<\/td>\n<td>0.5453<\/td>\n<td>0.5880<\/td>\n<td>1.1221<\/td>\n<\/tr>\n<tr>\n<th>EUR<\/th>\n<td>6.3573<\/td>\n<td>1.1417<\/td>\n<td>1.5801<\/td>\n<td>&#8211;<\/td>\n<td>170.592<\/td>\n<td>0.8619<\/td>\n<td>0.9295<\/td>\n<td>1.7733<\/td>\n<\/tr>\n<tr>\n<th>JPY<\/th>\n<td>0.0373<\/td>\n<td>0.0067<\/td>\n<td>0.0093<\/td>\n<td>0.0059<\/td>\n<td>&#8211;<\/td>\n<td>0.0050<\/td>\n<td>0.0547<\/td>\n<td>0.0104<\/td>\n<\/tr>\n<tr>\n<th>GBP<\/th>\n<td>7.3834<\/td>\n<td>1.3235<\/td>\n<td>1.8334<\/td>\n<td>1.1602<\/td>\n<td>197.295<\/td>\n<td>&#8211;<\/td>\n<td>1.0781<\/td>\n<td>2.0574<\/td>\n<\/tr>\n<tr>\n<th>CHF<\/th>\n<td>6.8408<\/td>\n<td>1.2221<\/td>\n<td>1.7027<\/td>\n<td>1.0757<\/td>\n<td>183.517<\/td>\n<td>0.9273<\/td>\n<td>&#8211;<\/td>\n<td>1.9075<\/td>\n<\/tr>\n<tr>\n<th>AUD<\/th>\n<td>3.5849<\/td>\n<td>0.6437<\/td>\n<td>0.8911<\/td>\n<td>0.5638<\/td>\n<td>96.1920<\/td>\n<td>0.4860<\/td>\n<td>0.5240<\/td>\n<td>&#8211;<\/td>\n<\/tr>\n<\/tbody>\n<\/table>\n<p>Os dados s\u00e3o da <a href=\"https:\/\/www.morningstarbr.com\/br\/\">Companhia Morningstar<\/a>.<\/p>\n<p>\t\t\t\t\t\t\t\t\t<img loading=\"lazy\" decoding=\"async\" src=\"https:\/\/brasil61.com\/api\/v1\/serve_pixel\/17677\/83704\" alt=\"Pixel Brasil 61\" class=\"b61_pixel\" width=\"0\" height=\"0\"><\/p>\n<input type=\"hidden\" id=\"baseurl\" value=\"https:\/\/noticiasdestaque.com.br\"><input type=\"hidden\" id=\"audio_nonce\" value=\"bebeb23d5e\">","protected":false},"excerpt":{"rendered":"<p>Diante da tens\u00e3o comercial entre Brasil e Estados Unidos, o d\u00f3lar encerrou o dia cotado a R$ 5,57<\/p>\n","protected":false},"author":1,"featured_media":44889,"comment_status":"open","ping_status":"open","sticky":false,"template":"","format":"standard","meta":{"fifu_image_url":"","fifu_image_alt":"","footnotes":""},"categories":[59],"tags":[],"class_list":["post-44888","post","type-post","status-publish","format-standard","has-post-thumbnail","hentry","category-economia"],"distributor_meta":false,"distributor_terms":false,"distributor_media":false,"distributor_original_site_name":"Noticias em Destaque","distributor_original_site_url":"https:\/\/noticiasdestaque.com.br","push-errors":false,"_links":{"self":[{"href":"https:\/\/noticiasdestaque.com.br\/index.php\/wp-json\/wp\/v2\/posts\/44888","targetHints":{"allow":["GET"]}}],"collection":[{"href":"https:\/\/noticiasdestaque.com.br\/index.php\/wp-json\/wp\/v2\/posts"}],"about":[{"href":"https:\/\/noticiasdestaque.com.br\/index.php\/wp-json\/wp\/v2\/types\/post"}],"author":[{"embeddable":true,"href":"https:\/\/noticiasdestaque.com.br\/index.php\/wp-json\/wp\/v2\/users\/1"}],"replies":[{"embeddable":true,"href":"https:\/\/noticiasdestaque.com.br\/index.php\/wp-json\/wp\/v2\/comments?post=44888"}],"version-history":[{"count":0,"href":"https:\/\/noticiasdestaque.com.br\/index.php\/wp-json\/wp\/v2\/posts\/44888\/revisions"}],"wp:featuredmedia":[{"embeddable":true,"href":"https:\/\/noticiasdestaque.com.br\/index.php\/wp-json\/wp\/v2\/media\/44889"}],"wp:attachment":[{"href":"https:\/\/noticiasdestaque.com.br\/index.php\/wp-json\/wp\/v2\/media?parent=44888"}],"wp:term":[{"taxonomy":"category","embeddable":true,"href":"https:\/\/noticiasdestaque.com.br\/index.php\/wp-json\/wp\/v2\/categories?post=44888"},{"taxonomy":"post_tag","embeddable":true,"href":"https:\/\/noticiasdestaque.com.br\/index.php\/wp-json\/wp\/v2\/tags?post=44888"}],"curies":[{"name":"wp","href":"https:\/\/api.w.org\/{rel}","templated":true}]}}