{"id":44884,"date":"2025-07-30T18:33:00","date_gmt":"2025-07-30T21:33:00","guid":{"rendered":"https:\/\/noticiasdestaque.com.br\/index.php\/2025\/07\/30\/trump-assina-tarifa-de-50-medida-deixa-de-fora-fertilizantes-combustiveis-aeronaves-e-suco-de-laranja\/"},"modified":"2025-07-30T18:33:00","modified_gmt":"2025-07-30T21:33:00","slug":"trump-assina-tarifa-de-50-medida-deixa-de-fora-fertilizantes-combustiveis-aeronaves-e-suco-de-laranja","status":"publish","type":"post","link":"https:\/\/noticiasdestaque.com.br\/index.php\/2025\/07\/30\/trump-assina-tarifa-de-50-medida-deixa-de-fora-fertilizantes-combustiveis-aeronaves-e-suco-de-laranja\/","title":{"rendered":"Trump assina tarifa de 50%; medida deixa de fora fertilizantes, combust\u00edveis, aeronaves e suco de laranja"},"content":{"rendered":"<p>\t\t\t\t\t\t\t\t\t\t<audio controls class=\"b61_audio_player\" data-noticia=\"83710\" src=\"https:\/\/brasil61.com\/rails\/active_storage\/blobs\/eyJfcmFpbHMiOnsibWVzc2FnZSI6IkJBaHBBNFo5QXc9PSIsImV4cCI6bnVsbCwicHVyIjoiYmxvYl9pZCJ9fQ==--33fc18f4a5dcb14fe00ac749ed52a16a8b1500f3\/BRAS2514424A\"><\/audio><\/p>\n<p>O <strong>presidente dos Estados Unidos, Donald Trump, assinou nesta quarta-feira (30) <a href=\"https:\/\/www.whitehouse.gov\/presidential-actions\/2025\/07\/addressing-threats-to-the-us\/\">uma ordem executiva que imp\u00f5e tarifa de 50% <\/a>sobre a importa\u00e7\u00e3o produtos brasileiros. <\/strong>A medida entra em vigor no <strong>dia 6 de agosto<\/strong>.<\/p>\n<p><strong>Ficaram de fora da taxa\u00e7\u00e3o cerca de 694 itens, como suco e polpa de laranja, combust\u00edveis, fertilizantes, min\u00e9rios, polpa de madeira, celulose e aeronaves civis, incluindo motores e pe\u00e7as<\/strong>.<\/p>\n<p><strong>Por outro lado, caf\u00e9, carnes e frutas ser\u00e3o taxados integralmente. <\/strong>Produtos que j\u00e1 est\u00e3o em tr\u00e2nsito para os Estados Unidos n\u00e3o ser\u00e3o atingidos.<\/p>\n<p>O governo americano justificou a medida alegando que o <strong>Brasil representa uma \u201camea\u00e7a incomum e extraordin\u00e1ria\u201d \u00e0 seguran\u00e7a nacional, numa classifica\u00e7\u00e3o semelhante \u00e0 usada contra Cuba, Ir\u00e3 e Venezuela<\/strong>.<\/p>\n<p>Trump tamb\u00e9m avisou que a lista de exce\u00e7\u00f5es pode mudar, caso o Brasil se alinhe \u00e0s pol\u00edticas dos EUA. E fez um alerta: se houver retalia\u00e7\u00e3o, novas tarifas poder\u00e3o ser impostas.<\/p>\n<p>O governo ainda n\u00e3o se pronunciou oficialmente. <strong>Segundo publica\u00e7\u00e3o do\u00a0jornal Estad\u00e3o, t\u00e9cnicos dos principais minist\u00e9rios envolvidos fazem um pente-fino no documento publicado pela Casa Branca <\/strong>nesta quarta-feira.\u00a0<\/p>\n<p>Com informa\u00e7\u00f5es da Ag\u00eancia Brasil<\/p>\n<p>\t\t\t\t\t\t\t\t\t<img loading=\"lazy\" decoding=\"async\" src=\"https:\/\/brasil61.com\/api\/v1\/serve_pixel\/17677\/83710\" alt=\"Pixel Brasil 61\" class=\"b61_pixel\" width=\"0\" height=\"0\"><\/p>\n<input type=\"hidden\" id=\"baseurl\" value=\"https:\/\/noticiasdestaque.com.br\"><input type=\"hidden\" id=\"audio_nonce\" value=\"bebeb23d5e\">","protected":false},"excerpt":{"rendered":"<p>Cerca de 700 produtos ficam de fora da medida, mas nova tarifa afeta caf\u00e9, frutas e carnes brasileiras<\/p>\n","protected":false},"author":1,"featured_media":44885,"comment_status":"open","ping_status":"open","sticky":false,"template":"","format":"standard","meta":{"fifu_image_url":"","fifu_image_alt":"","footnotes":""},"categories":[59],"tags":[],"class_list":["post-44884","post","type-post","status-publish","format-standard","has-post-thumbnail","hentry","category-economia"],"distributor_meta":false,"distributor_terms":false,"distributor_media":false,"distributor_original_site_name":"Noticias em Destaque","distributor_original_site_url":"https:\/\/noticiasdestaque.com.br","push-errors":false,"_links":{"self":[{"href":"https:\/\/noticiasdestaque.com.br\/index.php\/wp-json\/wp\/v2\/posts\/44884","targetHints":{"allow":["GET"]}}],"collection":[{"href":"https:\/\/noticiasdestaque.com.br\/index.php\/wp-json\/wp\/v2\/posts"}],"about":[{"href":"https:\/\/noticiasdestaque.com.br\/index.php\/wp-json\/wp\/v2\/types\/post"}],"author":[{"embeddable":true,"href":"https:\/\/noticiasdestaque.com.br\/index.php\/wp-json\/wp\/v2\/users\/1"}],"replies":[{"embeddable":true,"href":"https:\/\/noticiasdestaque.com.br\/index.php\/wp-json\/wp\/v2\/comments?post=44884"}],"version-history":[{"count":0,"href":"https:\/\/noticiasdestaque.com.br\/index.php\/wp-json\/wp\/v2\/posts\/44884\/revisions"}],"wp:featuredmedia":[{"embeddable":true,"href":"https:\/\/noticiasdestaque.com.br\/index.php\/wp-json\/wp\/v2\/media\/44885"}],"wp:attachment":[{"href":"https:\/\/noticiasdestaque.com.br\/index.php\/wp-json\/wp\/v2\/media?parent=44884"}],"wp:term":[{"taxonomy":"category","embeddable":true,"href":"https:\/\/noticiasdestaque.com.br\/index.php\/wp-json\/wp\/v2\/categories?post=44884"},{"taxonomy":"post_tag","embeddable":true,"href":"https:\/\/noticiasdestaque.com.br\/index.php\/wp-json\/wp\/v2\/tags?post=44884"}],"curies":[{"name":"wp","href":"https:\/\/api.w.org\/{rel}","templated":true}]}}