{"id":44872,"date":"2025-07-30T02:00:00","date_gmt":"2025-07-30T05:00:00","guid":{"rendered":"https:\/\/noticiasdestaque.com.br\/index.php\/2025\/07\/30\/conta-de-luz-mais-cara-aneel-aciona-bandeira-vermelha-2-para-o-mes-de-agosto\/"},"modified":"2025-07-30T02:00:00","modified_gmt":"2025-07-30T05:00:00","slug":"conta-de-luz-mais-cara-aneel-aciona-bandeira-vermelha-2-para-o-mes-de-agosto","status":"publish","type":"post","link":"https:\/\/noticiasdestaque.com.br\/index.php\/2025\/07\/30\/conta-de-luz-mais-cara-aneel-aciona-bandeira-vermelha-2-para-o-mes-de-agosto\/","title":{"rendered":"Conta de luz mais cara: ANEEL aciona bandeira vermelha 2 para o m\u00eas de agosto"},"content":{"rendered":"<p>\t\t\t\t\t\t\t\t\t\t<audio controls class=\"b61_audio_player\" data-noticia=\"83668\" src=\"https:\/\/brasil61.com\/rails\/active_storage\/blobs\/eyJfcmFpbHMiOnsibWVzc2FnZSI6IkJBaHBBMjU4QXc9PSIsImV4cCI6bnVsbCwicHVyIjoiYmxvYl9pZCJ9fQ==--caeb04cf48dd023f4cf6a312bd5620466767bfb4\/BRAS2514412A\"><\/audio><\/p>\n<p>A <a href=\"https:\/\/www.gov.br\/aneel\/pt-br\"><strong>Ag\u00eancia Nacional de Energia El\u00e9trica <\/strong>(ANEEL)<\/a> informou, na \u00faltima sexta-feira (25), <strong>o acionamento da Bandeira Vermelha no patamar 2<\/strong>. A medida <strong>adiciona R$ 7,87 \u00e0 conta de luz<\/strong> para cada 100 quilowatts-hora (kWh) consumidos no m\u00eas de agosto.<\/p>\n<p>O principal fator para o aumento \u00e9 a <strong>redu\u00e7\u00e3o na aflu\u00eancia de rios e reservat\u00f3rios<\/strong>, que est\u00e1 abaixo da m\u00e9dia esperada. Essa condi\u00e7\u00e3o reduz a capacidade de gera\u00e7\u00e3o de energia das usinas hidrel\u00e9tricas e exige a ativa\u00e7\u00e3o de fontes mais caras, como as usinas termel\u00e9tricas.<\/p>\n<p>Com a entrada em vigor da Bandeira Vermelha no patamar 2, a ANEEL refor\u00e7a a import\u00e2ncia do consumo consciente de energia el\u00e9trica. \u201cA economia de energia contribui para a preserva\u00e7\u00e3o dos recursos naturais e para a sustentabilidade do setor el\u00e9trico como um todo\u201d, informa a Ag\u00eancia.<\/p>\n<h2>O que s\u00e3o as bandeiras tarif\u00e1rias e como elas impactam a conta de luz?<\/h2>\n<p>A <strong>Ag\u00eancia Nacional de Energia El\u00e9trica<\/strong> (ANEEL) implementou em 2015 o <strong>sistema de bandeiras tarif\u00e1rias<\/strong> para tornar mais transparente o custo da gera\u00e7\u00e3o de energia el\u00e9trica no Brasil. O modelo funciona como um <strong>sinalizador mensal<\/strong>, que informa se o valor de produ\u00e7\u00e3o est\u00e1 alto ou baixo e se haver\u00e1 acr\u00e9scimos na conta de luz.<\/p>\n<p>Antes da ado\u00e7\u00e3o, as varia\u00e7\u00f5es que ocorriam nos custos de gera\u00e7\u00e3o de energia, para mais ou para menos, eram repassados at\u00e9 um ano depois, no reajuste tarif\u00e1rio seguinte.<\/p>\n<p>Assim como um sem\u00e1foro, o sistema de bandeiras tarif\u00e1rias usa as cores verde, amarela e vermelha para indicar diferentes n\u00edveis de custo. S\u00e3o elas:<\/p>\n<ul>\n<li><strong>Bandeira verde:<\/strong> condi\u00e7\u00f5es favor\u00e1veis de gera\u00e7\u00e3o de energia. A tarifa n\u00e3o sofre nenhum acr\u00e9scimo;<\/li>\n<li><strong>Bandeira amarela:<\/strong> condi\u00e7\u00f5es de gera\u00e7\u00e3o menos favor\u00e1veis. A tarifa sofre acr\u00e9scimo de R$ 1,88 para cada 100 quilowatt-hora (kWh) consumido;<\/li>\n<li><strong>Bandeira vermelha &#8211; Patamar 1:<\/strong> condi\u00e7\u00f5es mais custosas de gera\u00e7\u00e3o. A tarifa sofre acr\u00e9scimo de R$4,46 para cada 100 quilowatt-hora (kWh) consumido;<\/li>\n<li><strong>Bandeira vermelha &#8211; Patamar 2:<\/strong> condi\u00e7\u00f5es ainda mais custosas de gera\u00e7\u00e3o. A tarifa sofre acr\u00e9scimo de R$ 7,87 para cada 100 quilowatt-hora kWh consumido.<\/li>\n<\/ul>\n<p>As informa\u00e7\u00f5es s\u00e3o da Ag\u00eancia Nacional de Energia El\u00e9trica (<a href=\"https:\/\/www.gov.br\/aneel\/pt-br\">ANEEL<\/a>).<\/p>\n<p>\t\t\t\t\t\t\t\t\t<img loading=\"lazy\" decoding=\"async\" src=\"https:\/\/brasil61.com\/api\/v1\/serve_pixel\/17677\/83668\" alt=\"Pixel Brasil 61\" class=\"b61_pixel\" width=\"0\" height=\"0\"><\/p>\n<input type=\"hidden\" id=\"baseurl\" value=\"https:\/\/noticiasdestaque.com.br\"><input type=\"hidden\" id=\"audio_nonce\" value=\"bebeb23d5e\">","protected":false},"excerpt":{"rendered":"<p>Acr\u00e9scimo de R$ 7,87 por 100 kWh ser\u00e1 aplicado devido \u00e0 baixa nos reservat\u00f3rios e ao uso de fontes de energia mais caras<\/p>\n","protected":false},"author":1,"featured_media":44873,"comment_status":"open","ping_status":"open","sticky":false,"template":"","format":"standard","meta":{"fifu_image_url":"","fifu_image_alt":"","footnotes":""},"categories":[59],"tags":[],"class_list":["post-44872","post","type-post","status-publish","format-standard","has-post-thumbnail","hentry","category-economia"],"distributor_meta":false,"distributor_terms":false,"distributor_media":false,"distributor_original_site_name":"Noticias em Destaque","distributor_original_site_url":"https:\/\/noticiasdestaque.com.br","push-errors":false,"_links":{"self":[{"href":"https:\/\/noticiasdestaque.com.br\/index.php\/wp-json\/wp\/v2\/posts\/44872","targetHints":{"allow":["GET"]}}],"collection":[{"href":"https:\/\/noticiasdestaque.com.br\/index.php\/wp-json\/wp\/v2\/posts"}],"about":[{"href":"https:\/\/noticiasdestaque.com.br\/index.php\/wp-json\/wp\/v2\/types\/post"}],"author":[{"embeddable":true,"href":"https:\/\/noticiasdestaque.com.br\/index.php\/wp-json\/wp\/v2\/users\/1"}],"replies":[{"embeddable":true,"href":"https:\/\/noticiasdestaque.com.br\/index.php\/wp-json\/wp\/v2\/comments?post=44872"}],"version-history":[{"count":0,"href":"https:\/\/noticiasdestaque.com.br\/index.php\/wp-json\/wp\/v2\/posts\/44872\/revisions"}],"wp:featuredmedia":[{"embeddable":true,"href":"https:\/\/noticiasdestaque.com.br\/index.php\/wp-json\/wp\/v2\/media\/44873"}],"wp:attachment":[{"href":"https:\/\/noticiasdestaque.com.br\/index.php\/wp-json\/wp\/v2\/media?parent=44872"}],"wp:term":[{"taxonomy":"category","embeddable":true,"href":"https:\/\/noticiasdestaque.com.br\/index.php\/wp-json\/wp\/v2\/categories?post=44872"},{"taxonomy":"post_tag","embeddable":true,"href":"https:\/\/noticiasdestaque.com.br\/index.php\/wp-json\/wp\/v2\/tags?post=44872"}],"curies":[{"name":"wp","href":"https:\/\/api.w.org\/{rel}","templated":true}]}}