{"id":44870,"date":"2025-07-30T00:00:00","date_gmt":"2025-07-30T03:00:00","guid":{"rendered":"https:\/\/noticiasdestaque.com.br\/index.php\/2025\/07\/30\/tarifaco-a-dois-dias-de-entrar-em-vigor-governadores-anunciam-pacotes-proprios-para-mitigar-efeitos-e-proteger-empregos\/"},"modified":"2025-07-30T00:00:00","modified_gmt":"2025-07-30T03:00:00","slug":"tarifaco-a-dois-dias-de-entrar-em-vigor-governadores-anunciam-pacotes-proprios-para-mitigar-efeitos-e-proteger-empregos","status":"publish","type":"post","link":"https:\/\/noticiasdestaque.com.br\/index.php\/2025\/07\/30\/tarifaco-a-dois-dias-de-entrar-em-vigor-governadores-anunciam-pacotes-proprios-para-mitigar-efeitos-e-proteger-empregos\/","title":{"rendered":"Tarifa\u00e7o: a dois dias de entrar em vigor, governadores anunciam pacotes pr\u00f3prios para mitigar efeitos e proteger empregos"},"content":{"rendered":"<p>\t\t\t\t\t\t\t\t\t\t<audio controls class=\"b61_audio_player\" data-noticia=\"83667\" src=\"https:\/\/brasil61.com\/rails\/active_storage\/blobs\/eyJfcmFpbHMiOnsibWVzc2FnZSI6IkJBaHBBNUo4QXc9PSIsImV4cCI6bnVsbCwicHVyIjoiYmxvYl9pZCJ9fQ==--f9167c6254a6e8b9a67bb1a5692c92926baa2ac7\/BRAS2514411A\"><\/audio><\/p>\n<p>A dois dias da entrada em vigor das tarifas de 50% sobre produtos brasileiros nos Estados Unidos \u2014 marcada para o dia 1\u00ba de agosto \u2014 os estados mais impactados pela medida adotada pelo presidente norte-americano Donald Trump decidiram agir por conta pr\u00f3pria para proteger empresas e empregos locais.<\/p>\n<p>O movimento seria coordenado pelo F\u00f3rum Nacional de Governadores, que havia convocado uma reuni\u00e3o extraordin\u00e1ria para esta quarta-feira (30), com a participa\u00e7\u00e3o do vice-presidente Geraldo Alckmin. No entanto, o encontro foi cancelado, e os governadores seguem articulando individualmente medidas emergenciais e formas de pressionar o governo federal por apoio.<\/p>\n<p>Apesar da suspens\u00e3o da reuni\u00e3o, o governador do Distrito Federal, Ibaneis Rocha (MDB), que coordena o F\u00f3rum, refor\u00e7ou a necessidade de articula\u00e7\u00e3o conjunta entre os estados.<\/p>\n<h2>Cear\u00e1: maior impacto proporcional leva governador a cobrar Alckmin<\/h2>\n<p>Embora S\u00e3o Paulo lidere em volume absoluto de exporta\u00e7\u00f5es para os EUA, o Cear\u00e1 \u00e9 o estado com maior depend\u00eancia proporcional: no primeiro semestre, mais da metade das exporta\u00e7\u00f5es cearenses teve como destino o mercado americano. Os principais produtos atingidos s\u00e3o a\u00e7o, pescados, cera de carna\u00faba e castanha de caju.<\/p>\n<p>O governador Elmano de Freitas (PT) esteve nesta ter\u00e7a-feira (29) com o vice-presidente Geraldo Alckmin, acompanhado de uma comitiva empresarial. Ap\u00f3s a reuni\u00e3o, ele avaliou positivamente a abertura de di\u00e1logo.<\/p>\n<p>\u201cPrimeiro, no sentido de intensificar o di\u00e1logo e as negocia\u00e7\u00f5es com o governo americano para que possamos ter efetivamente al\u00edquotas razo\u00e1veis na tratativa do Brasil com os Estados Unidos. E termos um grupo de trabalho que envolve o governo do estado, a Federa\u00e7\u00e3o das Ind\u00fastrias, a Federa\u00e7\u00e3o da Agricultura do Cear\u00e1, com t\u00e9cnicos do Minist\u00e9rio e do grupo de trabalho.\u201d<\/p>\n<p>Segundo Elmano, a ideia \u00e9 monitorar os desdobramentos at\u00e9 1\u00ba de agosto e, a partir da\u00ed, definir a\u00e7\u00f5es emergenciais para apoiar as empresas afetadas.<\/p>\n<p>Entre janeiro e junho deste ano, o Cear\u00e1 exportou US$ 1,072 bilh\u00e3o (cerca de R$ 6 bilh\u00f5es), conforme dados do ComexStat, plataforma do Minist\u00e9rio do Desenvolvimento, Ind\u00fastria, Com\u00e9rcio e Servi\u00e7os (MDIC).<\/p>\n<h2>Exporta\u00e7\u00f5es por estado para os EUA<\/h2>\n<\/p>\n<h2>S\u00e3o Paulo: linha de cr\u00e9dito de R$ 200 mi e diplomacia econ\u00f4mica<\/h2>\n<p>O governador Tarc\u00edsio de Freitas (Republicanos) lan\u00e7ou o programa Giro Exportador, com R$ 200 milh\u00f5es em linha de cr\u00e9dito emergencial via Desenvolve SP. Os empr\u00e9stimos t\u00eam juros a partir de 0,27% ao m\u00eas, com 12 meses de car\u00eancia e prazo total de cinco anos.<\/p>\n<p>O estado tamb\u00e9m avalia liberar cr\u00e9ditos acumulados de ICMS e refor\u00e7ar o Fundo Garantidor estadual. Na frente diplom\u00e1tica, S\u00e3o Paulo intensifica articula\u00e7\u00f5es com a embaixada americana e com governadores de estados dos EUA.<\/p>\n<h2>Goi\u00e1s: uso de tr\u00eas fundos estaduais e foco no agro e minera\u00e7\u00e3o<\/h2>\n<p>No Centro-Oeste, o governador Ronaldo Caiado (Uni\u00e3o Brasil) anunciou um pacote de medidas que inclui o uso de tr\u00eas fundos estaduais para apoiar setores como agropecu\u00e1ria, minera\u00e7\u00e3o e pesca. O estado tamb\u00e9m utilizar\u00e1 cr\u00e9ditos de ICMS como ferramenta de est\u00edmulo.<\/p>\n<p>\u201cTenho que cuidar da sobreviv\u00eancia das empresas e da economia do meu estado. Goi\u00e1s saiu na frente\u201d, afirmou Caiado, que tamb\u00e9m criticou a falta de medidas federais at\u00e9 o momento.<\/p>\n<h2>Paran\u00e1: pacote de R$ 400 milh\u00f5es e renegocia\u00e7\u00e3o de d\u00edvidas<\/h2>\n<p>No Paran\u00e1, os principais setores afetados s\u00e3o madeira, cer\u00e2mica e alimentos processados. O governador Ratinho J\u00fanior (PSD) anunciou a libera\u00e7\u00e3o de cr\u00e9ditos de ICMS, renegocia\u00e7\u00e3o de d\u00edvidas com a Fomento Paran\u00e1 e o BRDE, al\u00e9m de uma nova linha de cr\u00e9dito com aporte inicial de R$ 80 milh\u00f5es, podendo chegar a R$ 400 milh\u00f5es. O governo tamb\u00e9m estuda flexibilizar exig\u00eancias fiscais para exportadores com incentivos vigentes.<\/p>\n<h2>Rio de Janeiro: grupo t\u00e9cnico e foco em petr\u00f3leo e siderurgia<\/h2>\n<p>O governador Cl\u00e1udio Castro (PL) criou um grupo de trabalho para diagnosticar os impactos e propor solu\u00e7\u00f5es espec\u00edficas. O Rio \u00e9 o segundo maior exportador para os EUA, com destaque para petr\u00f3leo refinado e produtos sider\u00fargicos.<\/p>\n<p>\u201cVamos apresentar uma defesa s\u00f3lida, t\u00e9cnica e pol\u00edtica dos interesses do Rio\u201d, afirmou.<\/p>\n<h2>Rio Grande do Sul: cr\u00e9dito de R$ 100 milh\u00f5es com juros subsidiados<\/h2>\n<p>No Sul, o governo ga\u00facho lan\u00e7ou um programa emergencial via BRDE, com R$ 100 milh\u00f5es em cr\u00e9dito para empresas exportadoras. Os juros ser\u00e3o subsidiados pelo Fundo Impulsiona Sul, com taxas entre 8% e 9% ao ano. O programa prev\u00ea prazo de pagamento de 60 meses e 12 meses de car\u00eancia.<\/p>\n<p>A Fiergs estima que o impacto no PIB estadual pode chegar a R$ 1,92 bilh\u00e3o, especialmente nos setores de metalurgia, armas, couro e cal\u00e7ados.<\/p>\n<h2>Esp\u00edrito Santo: diagn\u00f3stico e prote\u00e7\u00e3o aos pequenos<\/h2>\n<p>O vice-governador Ricardo Ferra\u00e7o (MDB) lidera a resposta local, com foco nos setores de celulose, caf\u00e9, gengibre, rochas ornamentais e mam\u00e3o. O plano estadual est\u00e1 em constru\u00e7\u00e3o e ser\u00e1 dividido em duas fases: medidas emergenciais e a\u00e7\u00f5es de redirecionamento de mercados.<\/p>\n<h2>Em Washington, senadores pedem prorroga\u00e7\u00e3o das tarifas<\/h2>\n<p>Enquanto os estados atuam internamente, uma comitiva de senadores est\u00e1 em miss\u00e3o nos Estados Unidos para tentar adiar a entrada em vigor da tarifa.\u00a0O secret\u00e1rio de Com\u00e9rcio dos EUA, Howard Lutnick, afirmou nesta ter\u00e7a-feira (29) que bens que n\u00e3o crescem em solo americano, como caf\u00e9 e cacau, podem ser isentos das tarifas \u2014 sinal que trouxe esperan\u00e7a a pequenos produtores brasileiros.<\/p>\n<p>No caso do suco de laranja, que destina 41,7% de suas exporta\u00e7\u00f5es aos EUA, o impacto pode ser de at\u00e9 US$ 792 milh\u00f5es por ano. A CitrusBR estima um aumento de 456% nos impostos pagos pelo setor na safra 2024\/25.<\/p>\n<p>A reuni\u00e3o do F\u00f3rum Nacional de Governadores ser\u00e1 nesta quarta-feira (30), \u00e0s 9h, na Vice-Presid\u00eancia da Rep\u00fablica, no Pal\u00e1cio do Planalto. O objetivo \u00e9 formar uma comitiva de governadores para acompanhar o vice-presidente Alckmin nas tratativas diplom\u00e1ticas em Washington, demonstrando unidade dos entes federativos diante do impacto das tarifas.<\/p>\n<p>\t\t\t\t\t\t\t\t\t<img loading=\"lazy\" decoding=\"async\" src=\"https:\/\/brasil61.com\/api\/v1\/serve_pixel\/17677\/83667\" alt=\"Pixel Brasil 61\" class=\"b61_pixel\" width=\"0\" height=\"0\"><\/p>\n<input type=\"hidden\" id=\"baseurl\" value=\"https:\/\/noticiasdestaque.com.br\"><input type=\"hidden\" id=\"audio_nonce\" value=\"bebeb23d5e\">","protected":false},"excerpt":{"rendered":"<p>Cr\u00e9ditos de ICMS, linhas de financiamento e articula\u00e7\u00e3o com Alckmin est\u00e3o entre as a\u00e7\u00f5es dos estados mais afetados pelas tarifas de 50% dos EUA; Cear\u00e1 lidera em impacto proporcional e cobra repasse federal<\/p>\n","protected":false},"author":1,"featured_media":44871,"comment_status":"open","ping_status":"open","sticky":false,"template":"","format":"standard","meta":{"fifu_image_url":"","fifu_image_alt":"","footnotes":""},"categories":[59],"tags":[],"class_list":["post-44870","post","type-post","status-publish","format-standard","has-post-thumbnail","hentry","category-economia"],"distributor_meta":false,"distributor_terms":false,"distributor_media":false,"distributor_original_site_name":"Noticias em Destaque","distributor_original_site_url":"https:\/\/noticiasdestaque.com.br","push-errors":false,"_links":{"self":[{"href":"https:\/\/noticiasdestaque.com.br\/index.php\/wp-json\/wp\/v2\/posts\/44870","targetHints":{"allow":["GET"]}}],"collection":[{"href":"https:\/\/noticiasdestaque.com.br\/index.php\/wp-json\/wp\/v2\/posts"}],"about":[{"href":"https:\/\/noticiasdestaque.com.br\/index.php\/wp-json\/wp\/v2\/types\/post"}],"author":[{"embeddable":true,"href":"https:\/\/noticiasdestaque.com.br\/index.php\/wp-json\/wp\/v2\/users\/1"}],"replies":[{"embeddable":true,"href":"https:\/\/noticiasdestaque.com.br\/index.php\/wp-json\/wp\/v2\/comments?post=44870"}],"version-history":[{"count":0,"href":"https:\/\/noticiasdestaque.com.br\/index.php\/wp-json\/wp\/v2\/posts\/44870\/revisions"}],"wp:featuredmedia":[{"embeddable":true,"href":"https:\/\/noticiasdestaque.com.br\/index.php\/wp-json\/wp\/v2\/media\/44871"}],"wp:attachment":[{"href":"https:\/\/noticiasdestaque.com.br\/index.php\/wp-json\/wp\/v2\/media?parent=44870"}],"wp:term":[{"taxonomy":"category","embeddable":true,"href":"https:\/\/noticiasdestaque.com.br\/index.php\/wp-json\/wp\/v2\/categories?post=44870"},{"taxonomy":"post_tag","embeddable":true,"href":"https:\/\/noticiasdestaque.com.br\/index.php\/wp-json\/wp\/v2\/tags?post=44870"}],"curies":[{"name":"wp","href":"https:\/\/api.w.org\/{rel}","templated":true}]}}