{"id":44757,"date":"2025-07-18T04:00:00","date_gmt":"2025-07-18T07:00:00","guid":{"rendered":"https:\/\/noticiasdestaque.com.br\/index.php\/2025\/07\/18\/tarifaco-dos-eua-veja-quais-setores-e-estados-devem-ter-mais-prejuizos\/"},"modified":"2025-07-18T04:00:00","modified_gmt":"2025-07-18T07:00:00","slug":"tarifaco-dos-eua-veja-quais-setores-e-estados-devem-ter-mais-prejuizos","status":"publish","type":"post","link":"https:\/\/noticiasdestaque.com.br\/index.php\/2025\/07\/18\/tarifaco-dos-eua-veja-quais-setores-e-estados-devem-ter-mais-prejuizos\/","title":{"rendered":"Tarifa\u00e7o dos EUA: veja quais setores e estados devem ter mais preju\u00edzos"},"content":{"rendered":"<p>\t\t\t\t\t\t\t\t\t\t<audio controls class=\"b61_audio_player\" data-noticia=\"83438\" src=\"https:\/\/brasil61.com\/rails\/active_storage\/blobs\/eyJfcmFpbHMiOnsibWVzc2FnZSI6IkJBaHBBNEIxQXc9PSIsImV4cCI6bnVsbCwicHVyIjoiYmxvYl9pZCJ9fQ==--17a6717a1ef08d3226b09c143c00e06b64fcec9a\/PIND254555A\"><\/audio><\/p>\n<p>Caso entrem em vigor, as barreiras tarif\u00e1rias impostas pelo governo dos Estados Unidos causar\u00e3o impacto negativo mundial. A eleva\u00e7\u00e3o das tarifas sobre importa\u00e7\u00f5es dos EUA pode resultar em queda de 0,12% no PIB global. O com\u00e9rcio internacional pode ter redu\u00e7\u00e3o de 2,1%, equivalente a US$ 483 bilh\u00f5es. A estimativa \u00e9 de <a href=\"\">estudo econ\u00f4mico da Universidade Federal de Minas Gerais (UFMG), divulgado no dia 11 de julho<\/a>.\u00a0<\/p>\n<p>Segundo a publica\u00e7\u00e3o, em 12 meses, os EUA ser\u00e3o os maiores prejudicados, com redu\u00e7\u00e3o de 0,37% no PIB. China e Brasil teriam diminui\u00e7\u00e3o de 0,16% no PIB. No Brasil, o percentual equivale a R$ 19,2 bilh\u00f5es.\u00a0<\/p>\n<p>As exporta\u00e7\u00f5es brasileiras podem ter queda de R$ 52 bilh\u00f5es e as importa\u00e7\u00f5es podem ser reduzidas em R$ 33 bilh\u00f5es. O emprego pode cair 0,21%, cerca de 110 mil postos de trabalho.\u00a0<\/p>\n<p>Os setores industrial e o agropecu\u00e1rio devem ser os mais afetados em exporta\u00e7\u00e3o e produ\u00e7\u00e3o, estima o estudo. Tratores e outras m\u00e1quinas agr\u00edcolas apresentariam a maior redu\u00e7\u00e3o nas exporta\u00e7\u00f5es, -23,61%. A produ\u00e7\u00e3o desse tipo de maquin\u00e1rio recuaria 1,86%.\u00a0<\/p>\n<p>De acordo com Ricardo Alban, presidente da <a href=\"https:\/\/cni.portaldaindustria.com.br\/pt\/\">Confedera\u00e7\u00e3o Nacional da Ind\u00fastria (CNI)<\/a>, o volume de impacto mais significativo pode acontecer em empresas que importam e exportam, como fundi\u00e7\u00e3o Tupy, WEG e Embraer, cujo percentual de 40% das exporta\u00e7\u00f5es s\u00e3o para os EUA. Aeronaves, embarca\u00e7\u00f5es e outros equipamentos de transporte aparecem no estudo da UFMG com redu\u00e7\u00e3o de 9,19% na produ\u00e7\u00e3o e queda de 22,33% nas exporta\u00e7\u00f5es.<\/p>\n<p>A proje\u00e7\u00e3o dos impactos das medidas tarif\u00e1rias no emprego brasileiro aponta redu\u00e7\u00e3o de 40 mil ocupa\u00e7\u00f5es na agropecu\u00e1ria, 31 mil no com\u00e9rcio e 26 mil na ind\u00fastria.\u00a0<\/p>\n<p><a href=\"https:\/\/noticias.portaldaindustria.com.br\/entrevistas\/confira-entrevista-com-o-presidente-da-cni-ricardo-alban-sobre-a-taxacao-dos-eua-sobre-os-produto-brasileiros\/\">Somadas \u00e0s repercuss\u00f5es nas grandes empresas brasileiras, o presidente da CNI alerta para as consequ\u00eancias regionais do tarifa\u00e7o, a partir do efeito em pequenas e m\u00e9dias empresas<\/a>.\u00a0<\/p>\n<p>\u201cTemos que dar aten\u00e7\u00e3o tamb\u00e9m aos setores que n\u00e3o t\u00eam essa dimens\u00e3o de volume, mas t\u00eam uma representatividade muito grande para as exporta\u00e7\u00f5es daquele segmento. Por exemplo, cal\u00e7ados ou hortifrutigranjeiros, como as frutas do Cear\u00e1. Das exporta\u00e7\u00f5es cearenses, cerca de 45% s\u00e3o para os Estados Unidos. Ent\u00e3o, para aquele estado, a relatividade do impacto seria muito grande\u201d, disse Alban.<\/p>\n<h2>Impactos regionais no Brasil<\/h2>\n<p>Na proje\u00e7\u00e3o econ\u00f4mica da UFMG, os cinco estados mais afetados ser\u00e3o S\u00e3o Paulo, com queda de R$ 4,4 bilh\u00f5es no PIB estadual; Rio Grande do Sul, com menos R$ 1,9 bilh\u00e3o; Paran\u00e1, com baixa de R$ 1,9 bilh\u00e3o; Santa Catarina com decl\u00ednio de R$ 1,74 bilh\u00e3o; e Minas Gerais com perda de R$ 1,66 bilh\u00e3o.<\/p>\n<p style=\"text-align: center\"><img decoding=\"async\" style=\"width:100%\" alt=\"\" src=\"\" \/><img decoding=\"async\" style=\"width:100%\" alt=\"\" src=\"https:\/\/noticiasdestaque.com.br\/wp-content\/uploads\/2025\/07\/TarifaodosEUAvejaquaissetoreseestadosdevemtermaisprejuzos_0923916001752822111.png\" \/><\/p>\n<p>A intensidade dos impactos setoriais varia entre os estados, destacando Minas Gerais com impactos mais expressivos na Agropecu\u00e1ria e Ind\u00fastria Extrativa, e S\u00e3o Paulo, especialmente afetado nas Ind\u00fastrias de Transforma\u00e7\u00e3o, Com\u00e9rcio e Transporte.\u00a0<\/p>\n<p>No setor Agropecu\u00e1rio, Minas Gerais registraria a maior queda percentual, de 1,15%, seguida por S\u00e3o Paulo, com menos 0,73%.<\/p>\n<p>Na Ind\u00fastria Extrativa, Minas Gerais tamb\u00e9m pode ter retra\u00e7\u00e3o mais acentuada, de 0,35%, em compara\u00e7\u00e3o a S\u00e3o Paulo, com 0,12%, e ao Brasil, com 0,29%.<\/p>\n<p>J\u00e1 nas Ind\u00fastrias de Transforma\u00e7\u00e3o, S\u00e3o Paulo pode apresentar a maior redu\u00e7\u00e3o, de 0,31%, enquanto Minas Gerais pode ter queda de 0,22%.<\/p>\n<h2>Retomada do di\u00e1logo<\/h2>\n<p>A embaixada do Brasil em Washington protocolou, na quarta-feira (16), uma carta junto ao governo dos Estados Unidos pedindo a retomada do di\u00e1logo t\u00e9cnico sobre a suspens\u00e3o das tarifas de 50% impostas \u00e0s exporta\u00e7\u00f5es brasileiras.\u00a0<\/p>\n<p>O documento foi assinado pelo vice-presidente e ministro do Desenvolvimento, Ind\u00fastria, Com\u00e9rcio e Servi\u00e7os, Geraldo Alckmin, e pelo ministro das Rela\u00e7\u00f5es Exteriores, Mauro Vieira. Ainda sem respostas por parte de Washington.<\/p>\n<p>Ainda nesta semana, a U.S. Chamber of Commerce e a C\u00e2mara Americana de Com\u00e9rcio para o Brasil (Amcham Brasil) divulgaram nota conjunta na qual solicitam ao presidente Trump a suspens\u00e3o das tarifas. No documento, as C\u00e2maras de Com\u00e9rcio pedem que os governos dos dois pa\u00edses se engajem em negocia\u00e7\u00f5es de alto n\u00edvel.\u00a0<\/p>\n<p>As institui\u00e7\u00f5es afirmam que mais de 6,5 mil pequenas empresas nos Estados Unidos dependem de produtos importados do Brasil e que 3,9 mil empresas norte-americanas t\u00eam investimentos no pa\u00eds.\u00a0<\/p>\n<p>\t\t\t\t\t\t\t\t\t<img loading=\"lazy\" decoding=\"async\" src=\"https:\/\/brasil61.com\/api\/v1\/serve_pixel\/17677\/83438\" alt=\"Pixel Brasil 61\" class=\"b61_pixel\" width=\"0\" height=\"0\"><\/p>\n<input type=\"hidden\" id=\"baseurl\" value=\"https:\/\/noticiasdestaque.com.br\"><input type=\"hidden\" id=\"audio_nonce\" value=\"6f73a554f1\">","protected":false},"excerpt":{"rendered":"<p>Estudo da UFMG mostra perdas mundiais; no Brasil, estados das regi\u00f5es Sul e Sudeste podem ser os mais afetados<\/p>\n","protected":false},"author":1,"featured_media":44758,"comment_status":"open","ping_status":"open","sticky":false,"template":"","format":"standard","meta":{"fifu_image_url":"","fifu_image_alt":"","footnotes":""},"categories":[59],"tags":[],"class_list":["post-44757","post","type-post","status-publish","format-standard","has-post-thumbnail","hentry","category-economia"],"distributor_meta":false,"distributor_terms":false,"distributor_media":false,"distributor_original_site_name":"Noticias em Destaque","distributor_original_site_url":"https:\/\/noticiasdestaque.com.br","push-errors":false,"_links":{"self":[{"href":"https:\/\/noticiasdestaque.com.br\/index.php\/wp-json\/wp\/v2\/posts\/44757","targetHints":{"allow":["GET"]}}],"collection":[{"href":"https:\/\/noticiasdestaque.com.br\/index.php\/wp-json\/wp\/v2\/posts"}],"about":[{"href":"https:\/\/noticiasdestaque.com.br\/index.php\/wp-json\/wp\/v2\/types\/post"}],"author":[{"embeddable":true,"href":"https:\/\/noticiasdestaque.com.br\/index.php\/wp-json\/wp\/v2\/users\/1"}],"replies":[{"embeddable":true,"href":"https:\/\/noticiasdestaque.com.br\/index.php\/wp-json\/wp\/v2\/comments?post=44757"}],"version-history":[{"count":0,"href":"https:\/\/noticiasdestaque.com.br\/index.php\/wp-json\/wp\/v2\/posts\/44757\/revisions"}],"wp:featuredmedia":[{"embeddable":true,"href":"https:\/\/noticiasdestaque.com.br\/index.php\/wp-json\/wp\/v2\/media\/44758"}],"wp:attachment":[{"href":"https:\/\/noticiasdestaque.com.br\/index.php\/wp-json\/wp\/v2\/media?parent=44757"}],"wp:term":[{"taxonomy":"category","embeddable":true,"href":"https:\/\/noticiasdestaque.com.br\/index.php\/wp-json\/wp\/v2\/categories?post=44757"},{"taxonomy":"post_tag","embeddable":true,"href":"https:\/\/noticiasdestaque.com.br\/index.php\/wp-json\/wp\/v2\/tags?post=44757"}],"curies":[{"name":"wp","href":"https:\/\/api.w.org\/{rel}","templated":true}]}}