{"id":44753,"date":"2025-07-18T01:30:00","date_gmt":"2025-07-18T04:30:00","guid":{"rendered":"https:\/\/noticiasdestaque.com.br\/index.php\/2025\/07\/18\/stf-mantem-alta-do-iof-e-reconhece-uso-fiscal-do-imposto-mas-exclui-risco-sacado\/"},"modified":"2025-07-18T01:30:00","modified_gmt":"2025-07-18T04:30:00","slug":"stf-mantem-alta-do-iof-e-reconhece-uso-fiscal-do-imposto-mas-exclui-risco-sacado","status":"publish","type":"post","link":"https:\/\/noticiasdestaque.com.br\/index.php\/2025\/07\/18\/stf-mantem-alta-do-iof-e-reconhece-uso-fiscal-do-imposto-mas-exclui-risco-sacado\/","title":{"rendered":"STF mant\u00e9m alta do IOF e reconhece uso fiscal do imposto, mas exclui risco sacado"},"content":{"rendered":"<p>\t\t\t\t\t\t\t\t\t\t<audio controls class=\"b61_audio_player\" data-noticia=\"83449\" src=\"https:\/\/brasil61.com\/rails\/active_storage\/blobs\/eyJfcmFpbHMiOnsibWVzc2FnZSI6IkJBaHBBNHgxQXc9PSIsImV4cCI6bnVsbCwicHVyIjoiYmxvYl9pZCJ9fQ==--ea556b73acb948c517ff6e3cfcb442623e81cb75\/BRAS2514337A\"><\/audio><\/p>\n<p>O uso do IOF como instrumento de aumento de arrecada\u00e7\u00e3o ganhou aval do Supremo Tribunal Federal. Em decis\u00e3o esta semana, o ministro Alexandre de Moraes manteve a maior parte dos decretos presidenciais que elevaram as al\u00edquotas do Imposto sobre Opera\u00e7\u00f5es Financeiras, mas excluiu da cobran\u00e7a as opera\u00e7\u00f5es de \u201crisco sacado\u201d, utilizadas por empresas do varejo para antecipar receb\u00edveis.<\/p>\n<p>A medida refor\u00e7a a posi\u00e7\u00e3o do Executivo em usar o tributo para ajudar no equil\u00edbrio das contas p\u00fablicas, mas dentro dos limites constitucionais. Segundo o professor da FAAP e advogado tributarista German San Mart\u00edn, a decis\u00e3o reafirma o entendimento j\u00e1 consolidado no STF.<\/p>\n<p>\u201cO Supremo j\u00e1 tinha jurisprud\u00eancia s\u00f3lida de que o IOF pode ter finalidade arrecadat\u00f3ria, desde que a norma apenas altere al\u00edquotas e n\u00e3o crie novas situa\u00e7\u00f5es de incid\u00eancia\u201d, afirma San Mart\u00edn.<\/p>\n<h2>Entenda<\/h2>\n<p>A decis\u00e3o foi tomada depois de uma tentativa frustrada de concilia\u00e7\u00e3o entre o Congresso e o governo. O Legislativo havia aprovado um decreto legislativo para suspender os efeitos dos decretos presidenciais, alegando que o IOF, por sua natureza extrafiscal, n\u00e3o poderia ser usado exclusivamente para elevar receitas.<\/p>\n<p>Contudo, para Moraes, a legisla\u00e7\u00e3o vigente j\u00e1 permite que o tributo tenha tamb\u00e9m fun\u00e7\u00e3o fiscal. A exce\u00e7\u00e3o ficou por conta da inclus\u00e3o do risco sacado na base de incid\u00eancia do IOF, o que, segundo o ministro, configura a cria\u00e7\u00e3o de um novo fato gerador \u2014 algo que s\u00f3 pode ser feito por meio de lei.<\/p>\n<p>\u201cAo equiparar o risco sacado \u00e0 opera\u00e7\u00e3o de cr\u00e9dito, o decreto criou um novo fato gerador, o que n\u00e3o \u00e9 permitido. Por isso, nesse ponto, Moraes agiu corretamente ao suspender a cobran\u00e7a\u201d, explica o professor da FAAP.<\/p>\n<h2>O que muda com a decis\u00e3o<\/h2>\n<p><strong>A eleva\u00e7\u00e3o das al\u00edquotas de IOF afeta diretamente empresas, investidores e consumidores. Veja os principais pontos:<\/strong><\/p>\n<p><strong>Cr\u00e9dito para empresas<\/strong><\/p>\n<ul>\n<li>Antes: 0,0041% ao dia + 0,38% fixo<\/li>\n<li>Agora: 0,0082% ao dia + 0,38% fixo<\/li>\n<\/ul>\n<p>O custo do cr\u00e9dito mais que dobrou nas opera\u00e7\u00f5es di\u00e1rias.<\/p>\n<p>\n<strong>C\u00e2mbio<\/strong><\/p>\n<ul>\n<li>Antes: 3,38% para cart\u00e3o; 1,1% para esp\u00e9cie<\/li>\n<li>Agora: al\u00edquota \u00fanica de 3,5%<\/li>\n<\/ul>\n<p>\u00a0Mais caro para quem compra moeda estrangeira em esp\u00e9cie.<\/p>\n<p><strong>Previd\u00eancia privada (VGBL)<\/strong><\/p>\n<ul>\n<li>Antes: isento<\/li>\n<\/ul>\n<p>Agora:<\/p>\n<ul>\n<li>At\u00e9 2025: 5% sobre aportes acima de R$ 300 mil\/ano<\/li>\n<li>A partir de 2026: isen\u00e7\u00e3o at\u00e9 R$ 600 mil\/ano<\/li>\n<\/ul>\n<p>\u00a0Impacto sobre investidores de alta renda.<\/p>\n<p>\n<strong>Fundos FIDC<\/strong><\/p>\n<ul>\n<li>Antes: isentos<\/li>\n<li>Agora: 0,38% sobre aquisi\u00e7\u00e3o prim\u00e1ria de cotas, inclusive por bancos<\/li>\n<\/ul>\n<p>\u00a0Impacta fundos de cr\u00e9dito e opera\u00e7\u00f5es estruturadas.<\/p>\n<h2>\nRisco sacado: fora da cobran\u00e7a<\/h2>\n<p>O risco sacado, usado para antecipar capital de giro, n\u00e3o ser\u00e1 tributado. O STF entendeu que a cobran\u00e7a representaria a cria\u00e7\u00e3o de um novo fato gerador \u2014 o que s\u00f3 pode ocorrer por lei.<\/p>\n<h2>Impacto fiscal menor que o previsto<\/h2>\n<p>A Fazenda esperava arrecadar R$ 12 bilh\u00f5es em 2025 e R$ 31,2 bilh\u00f5es em 2026 com os ajustes no IOF. Com a exclus\u00e3o do risco sacado, a previs\u00e3o cai R$ 450 milh\u00f5es no ano que vem e R$ 3,5 bilh\u00f5es no seguinte \u2014 perda total de R$ 4 bilh\u00f5es.<\/p>\n<h2>E agora?<\/h2>\n<p>A decis\u00e3o de Moraes \u00e9 monocr\u00e1tica, mas segue entendimento j\u00e1 consolidado pelo Supremo e pode ser referendada pelo plen\u00e1rio. Para o professor German San Mart\u00edn, o caso delimita bem at\u00e9 onde vai a liberdade do Executivo na gest\u00e3o tribut\u00e1ria.<\/p>\n<p>\u201cA decis\u00e3o refor\u00e7a a seguran\u00e7a jur\u00eddica e tamb\u00e9m os limites institucionais. O governo pode usar o IOF para arrecadar, sim, mas n\u00e3o pode inventar novos fatos geradores sem passar pelo Congresso\u201d, conclui.<br \/>\n\u00a0<\/p>\n<p>\t\t\t\t\t\t\t\t\t<img loading=\"lazy\" decoding=\"async\" src=\"https:\/\/brasil61.com\/api\/v1\/serve_pixel\/17677\/83449\" alt=\"Pixel Brasil 61\" class=\"b61_pixel\" width=\"0\" height=\"0\"><\/p>\n<input type=\"hidden\" id=\"baseurl\" value=\"https:\/\/noticiasdestaque.com.br\"><input type=\"hidden\" id=\"audio_nonce\" value=\"6f73a554f1\">","protected":false},"excerpt":{"rendered":"<p>Decis\u00e3o individual do ministro Alexandre de Moraes valida decretos do governo; especialista v\u00ea refor\u00e7o \u00e0 jurisprud\u00eancia e limite constitucional preservado<\/p>\n","protected":false},"author":1,"featured_media":44754,"comment_status":"open","ping_status":"open","sticky":false,"template":"","format":"standard","meta":{"fifu_image_url":"","fifu_image_alt":"","footnotes":""},"categories":[59],"tags":[],"class_list":["post-44753","post","type-post","status-publish","format-standard","has-post-thumbnail","hentry","category-economia"],"distributor_meta":false,"distributor_terms":false,"distributor_media":false,"distributor_original_site_name":"Noticias em Destaque","distributor_original_site_url":"https:\/\/noticiasdestaque.com.br","push-errors":false,"_links":{"self":[{"href":"https:\/\/noticiasdestaque.com.br\/index.php\/wp-json\/wp\/v2\/posts\/44753","targetHints":{"allow":["GET"]}}],"collection":[{"href":"https:\/\/noticiasdestaque.com.br\/index.php\/wp-json\/wp\/v2\/posts"}],"about":[{"href":"https:\/\/noticiasdestaque.com.br\/index.php\/wp-json\/wp\/v2\/types\/post"}],"author":[{"embeddable":true,"href":"https:\/\/noticiasdestaque.com.br\/index.php\/wp-json\/wp\/v2\/users\/1"}],"replies":[{"embeddable":true,"href":"https:\/\/noticiasdestaque.com.br\/index.php\/wp-json\/wp\/v2\/comments?post=44753"}],"version-history":[{"count":0,"href":"https:\/\/noticiasdestaque.com.br\/index.php\/wp-json\/wp\/v2\/posts\/44753\/revisions"}],"wp:featuredmedia":[{"embeddable":true,"href":"https:\/\/noticiasdestaque.com.br\/index.php\/wp-json\/wp\/v2\/media\/44754"}],"wp:attachment":[{"href":"https:\/\/noticiasdestaque.com.br\/index.php\/wp-json\/wp\/v2\/media?parent=44753"}],"wp:term":[{"taxonomy":"category","embeddable":true,"href":"https:\/\/noticiasdestaque.com.br\/index.php\/wp-json\/wp\/v2\/categories?post=44753"},{"taxonomy":"post_tag","embeddable":true,"href":"https:\/\/noticiasdestaque.com.br\/index.php\/wp-json\/wp\/v2\/tags?post=44753"}],"curies":[{"name":"wp","href":"https:\/\/api.w.org\/{rel}","templated":true}]}}