{"id":44745,"date":"2025-07-17T02:00:00","date_gmt":"2025-07-17T05:00:00","guid":{"rendered":"https:\/\/noticiasdestaque.com.br\/index.php\/2025\/07\/17\/tarifaco-de-trump-brasil-pede-aos-eua-retomada-do-dialogo-tecnico-para-evitar-tarifa-de-50-sobre-exportacoes\/"},"modified":"2025-07-17T02:00:00","modified_gmt":"2025-07-17T05:00:00","slug":"tarifaco-de-trump-brasil-pede-aos-eua-retomada-do-dialogo-tecnico-para-evitar-tarifa-de-50-sobre-exportacoes","status":"publish","type":"post","link":"https:\/\/noticiasdestaque.com.br\/index.php\/2025\/07\/17\/tarifaco-de-trump-brasil-pede-aos-eua-retomada-do-dialogo-tecnico-para-evitar-tarifa-de-50-sobre-exportacoes\/","title":{"rendered":"Tarifa\u00e7o de Trump: Brasil pede aos EUA retomada do di\u00e1logo t\u00e9cnico para evitar tarifa de 50% sobre exporta\u00e7\u00f5es"},"content":{"rendered":"<p>\t\t\t\t\t\t\t\t\t\t<audio controls class=\"b61_audio_player\" data-noticia=\"83425\" src=\"https:\/\/brasil61.com\/rails\/active_storage\/blobs\/eyJfcmFpbHMiOnsibWVzc2FnZSI6IkJBaHBBN2R6QXc9PSIsImV4cCI6bnVsbCwicHVyIjoiYmxvYl9pZCJ9fQ==--6623cfb4ced878750b6c331dbd543eda3edeaa0a\/PIND254554A\"><\/audio><\/p>\n<p><strong>A embaixada do Brasil em Washington<\/strong> protocolou uma carta junto ao governo dos Estados Unidos, nesta quarta-feira (16), pedindo a retomada do di\u00e1logo t\u00e9cnico sobre a suspens\u00e3o das tarifas de 50% impostas \u00e0s exporta\u00e7\u00f5es brasileiras. A previs\u00e3o \u00e9 de que a taxa\u00e7\u00e3o entre em vigor em 1\u00ba de agosto. O documento \u00e9 assinado pelo vice-presidente e ministro do Desenvolvimento, Ind\u00fastria, Com\u00e9rcio e Servi\u00e7os, Geraldo Alckmin, e pelo ministro das Rela\u00e7\u00f5es Exteriores, Mauro Vieira.<\/p>\n<p>Nesta quarta-feira, o vice-presidente conduziu a segunda rodada de reuni\u00f5es com o setor produtivo para debater os impactos da tarifa. Alckmin disse que o Brasil vai explicar aos Estados Unidos os pontos citados na investiga\u00e7\u00e3o comercial aberta pelo <strong>governo Donald Trump<\/strong> contra o Brasil. O <strong>Escrit\u00f3rio do Representante do Com\u00e9rcio dos EUA (USTR)<\/strong> abriu processo e vai apurar se as pr\u00e1ticas listadas s\u00e3o consideradas desleais.<\/p>\n<p>Na ter\u00e7a-feira (15),\u00a0<a href=\"https:\/\/agenciabrasil.ebc.com.br\/economia\/noticia\/2025-07\/camaras-de-comercio-nos-eua-e-no-brasil-pedem-suspensao-de-taxas\">a U.S. Chamber of Commerce e a C\u00e2mara Americana de Com\u00e9rcio para o Brasil (Amcham Brasil) divulgaram nota conjunta<\/a> na qual solicitam ao presidente Trump a suspens\u00e3o das tarifas. No documento, as <strong>C\u00e2maras de Com\u00e9rcio<\/strong> pedem que os governos dos dois pa\u00edses se engajem em negocia\u00e7\u00f5es de alto n\u00edvel porque a imposi\u00e7\u00e3o pode causar graves danos tanto \u00e0s rela\u00e7\u00f5es econ\u00f4micas entre Estados Unidos e Brasil, quanto aos consumidores finais.\u00a0<\/p>\n<p>As institui\u00e7\u00f5es afirmam que mais de 6,5 mil pequenas empresas nos Estados Unidos dependem de produtos importados do Brasil e que 3,9 mil empresas norte-americanas t\u00eam investimentos no pa\u00eds. Al\u00e9m disso, o Brasil est\u00e1 entre os dez principais mercados para exporta\u00e7\u00f5es dos Estados Unidos e \u00e9 destino, a cada ano, de cerca de US$ 60 bilh\u00f5es em bens e servi\u00e7os norte-americanos.<\/p>\n<p><a href=\"https:\/\/noticias.portaldaindustria.com.br\/noticias\/internacional\/cni-destaca-apoio-de-entidades-empresariais-dos-eua-contra-tarifaco\/\">Para a Confedera\u00e7\u00e3o Nacional da Ind\u00fastria (CNI), o posicionamento dos grupos empresariais \u00e9 \u201cestrat\u00e9gico e emblem\u00e1tico\u201d<\/a>. \u201cA manifesta\u00e7\u00e3o da U.S. Chamber e da Amcham deixa claro que n\u00e3o estamos sozinhos. Contar com a voz ativa de l\u00edderes empresariais dos Estados Unidos fortalece nossas negocia\u00e7\u00f5es e evidencia que essa medida \u00e9 danosa n\u00e3o s\u00f3 para o Brasil\u201d, afirmou Ricardo Alban, presidente da CNI.<\/p>\n<p>Alban destaca que, se entrar em vigor, a tarifa pode gerar perda de mais de 110 mil empregos na ind\u00fastria brasileira, ao mesmo tempo em que coloca em risco cadeias produtivas e pequenas empresas norte-americanas, que dependem de insumos brasileiros.<\/p>\n<p>O presidente da CNI tamb\u00e9m tem defendido a resolu\u00e7\u00e3o diplom\u00e1tica entre os pa\u00edses. \u201c\u00c9 essencial mantermos um tom t\u00e9cnico e construtivo, n\u00e3o pol\u00edtico. Defendemos que o governo americano revogue a tarifa ou, no m\u00ednimo, adie sua entrada em vigor por 90 dias, permitindo um debate mais racional e equilibrado sobre seus impactos\u201d, disse.\u00a0<\/p>\n<h2><strong>EUA \u00e9 o pa\u00eds mais prejudicado com aumento de tarifas<\/strong><\/h2>\n<p>Os Estados Unidos tendem a ser os mais prejudicados com a escalada protecionista da <strong>Casa Branca<\/strong>, <a href=\"https:\/\/noticias.portaldaindustria.com.br\/noticias\/internacional\/levantamento-feito-pela-cni-mostra-impactos-do-tarifaco-sobre-economia-brasileira-e-global-\/\">mostra levantamento feito pela CNI<\/a>. As estimativas da <strong>Universidade Federal de Minas Gerais (UFMG) <\/strong>indicam que o Produto Interno Bruto (PIB) norte-americano pode encolher 0,37% em raz\u00e3o das tarifas adotadas contra o Brasil, a China e outros 14 pa\u00edses, al\u00e9m das taxas adicionais sobre as importa\u00e7\u00f5es de autom\u00f3veis e a\u00e7o de qualquer origem.<\/p>\n<p>O panorama foi feito com base em dados do IBGE, da UFMG e do Minist\u00e9rio do Desenvolvimento, Ind\u00fastria, Com\u00e9rcio e Servi\u00e7os (MDIC).<\/p>\n<p>Para o Brasil e a China, o impacto estimado \u00e9 uma retra\u00e7\u00e3o de 0,16% no PIB de cada pa\u00eds. O tarifa\u00e7o ainda pode afetar a economia global, com uma queda de 0,12% no PIB mundial e uma redu\u00e7\u00e3o de 2,1% no com\u00e9rcio internacional \u2013 o equivalente a US$ 483 bilh\u00f5es.<br \/>\n\u00a0<\/p>\n<p>\t\t\t\t\t\t\t\t\t<img loading=\"lazy\" decoding=\"async\" src=\"https:\/\/brasil61.com\/api\/v1\/serve_pixel\/17677\/83425\" alt=\"Pixel Brasil 61\" class=\"b61_pixel\" width=\"0\" height=\"0\"><\/p>\n<input type=\"hidden\" id=\"baseurl\" value=\"https:\/\/noticiasdestaque.com.br\"><input type=\"hidden\" id=\"audio_nonce\" value=\"6f73a554f1\">","protected":false},"excerpt":{"rendered":"<p>Carta assinada por Alckmin e Mauro Vieira foi entregue pela embaixada em Washington; C\u00e2maras de com\u00e9rcio nos EUA e no Brasil pedem suspens\u00e3o de taxas<\/p>\n","protected":false},"author":1,"featured_media":44746,"comment_status":"open","ping_status":"open","sticky":false,"template":"","format":"standard","meta":{"fifu_image_url":"","fifu_image_alt":"","footnotes":""},"categories":[59],"tags":[],"class_list":["post-44745","post","type-post","status-publish","format-standard","has-post-thumbnail","hentry","category-economia"],"distributor_meta":false,"distributor_terms":false,"distributor_media":false,"distributor_original_site_name":"Noticias em Destaque","distributor_original_site_url":"https:\/\/noticiasdestaque.com.br","push-errors":false,"_links":{"self":[{"href":"https:\/\/noticiasdestaque.com.br\/index.php\/wp-json\/wp\/v2\/posts\/44745","targetHints":{"allow":["GET"]}}],"collection":[{"href":"https:\/\/noticiasdestaque.com.br\/index.php\/wp-json\/wp\/v2\/posts"}],"about":[{"href":"https:\/\/noticiasdestaque.com.br\/index.php\/wp-json\/wp\/v2\/types\/post"}],"author":[{"embeddable":true,"href":"https:\/\/noticiasdestaque.com.br\/index.php\/wp-json\/wp\/v2\/users\/1"}],"replies":[{"embeddable":true,"href":"https:\/\/noticiasdestaque.com.br\/index.php\/wp-json\/wp\/v2\/comments?post=44745"}],"version-history":[{"count":0,"href":"https:\/\/noticiasdestaque.com.br\/index.php\/wp-json\/wp\/v2\/posts\/44745\/revisions"}],"wp:featuredmedia":[{"embeddable":true,"href":"https:\/\/noticiasdestaque.com.br\/index.php\/wp-json\/wp\/v2\/media\/44746"}],"wp:attachment":[{"href":"https:\/\/noticiasdestaque.com.br\/index.php\/wp-json\/wp\/v2\/media?parent=44745"}],"wp:term":[{"taxonomy":"category","embeddable":true,"href":"https:\/\/noticiasdestaque.com.br\/index.php\/wp-json\/wp\/v2\/categories?post=44745"},{"taxonomy":"post_tag","embeddable":true,"href":"https:\/\/noticiasdestaque.com.br\/index.php\/wp-json\/wp\/v2\/tags?post=44745"}],"curies":[{"name":"wp","href":"https:\/\/api.w.org\/{rel}","templated":true}]}}