{"id":44743,"date":"2025-07-17T00:00:00","date_gmt":"2025-07-17T03:00:00","guid":{"rendered":"https:\/\/noticiasdestaque.com.br\/index.php\/2025\/07\/17\/comissao-especial-da-pec-da-seguranca-publica-sera-instalada-em-agosto\/"},"modified":"2025-07-17T00:00:00","modified_gmt":"2025-07-17T03:00:00","slug":"comissao-especial-da-pec-da-seguranca-publica-sera-instalada-em-agosto","status":"publish","type":"post","link":"https:\/\/noticiasdestaque.com.br\/index.php\/2025\/07\/17\/comissao-especial-da-pec-da-seguranca-publica-sera-instalada-em-agosto\/","title":{"rendered":"Comiss\u00e3o especial da PEC da Seguran\u00e7a P\u00fablica ser\u00e1 instalada em agosto"},"content":{"rendered":"<p>\t\t\t\t\t\t\t\t\t\t<audio controls class=\"b61_audio_player\" data-noticia=\"83417\" src=\"https:\/\/brasil61.com\/rails\/active_storage\/blobs\/eyJfcmFpbHMiOnsibWVzc2FnZSI6IkJBaHBBNWh6QXc9PSIsImV4cCI6bnVsbCwicHVyIjoiYmxvYl9pZCJ9fQ==--e2f32ace6497cd8d00775b0bd348809eb847e090\/BRAS2514325A\"><\/audio><\/p>\n<p>A Comiss\u00e3o especial que analisar\u00e1 a Proposta de Emenda \u00e0 Constitui\u00e7\u00e3o (PEC) da Seguran\u00e7a P\u00fablica ser\u00e1 formada ap\u00f3s o recesso parlamentar, que come\u00e7a na sexta-feira (18), e vai at\u00e9 o dia 31 de julho. A mat\u00e9ria teve sua admissibilidade aprovada na ter\u00e7a-feira (15), pela Comiss\u00e3o de Constitui\u00e7\u00e3o e Justi\u00e7a e Cidadania da C\u00e2mara dos Deputados (CCJC) .<\/p>\n<p>Por se tratar de um tema que reconfigura a estrutura da Seguran\u00e7a P\u00fablica no pa\u00eds, ao constitucionalizar o Sistema \u00danico de Seguran\u00e7a P\u00fablica (SUSP), que hoje \u00e9 amparado por lei ordin\u00e1ria, a mat\u00e9ria \u00e9 bastante pol\u00eamica. Assim, partidos pol\u00edticos e parlamentares negociam para decidir quem far\u00e1 parte do colegiado.\u00a0<\/p>\n<p>No parecer do relator da PEC na CCJC, deputado Mendon\u00e7a Filho (Uni\u00e3o-PE), foram feitas algumas modifica\u00e7\u00f5es. Mendon\u00e7a Filho retirou do texto dois pontos considerados pol\u00eamicos. Um deles era o trecho que previa compet\u00eancia privativa da Uni\u00e3o para legislar sobre normas gerais de seguran\u00e7a p\u00fablica, defesa social e sistema penitenci\u00e1rio. Hoje, essa compet\u00eancia \u00e9 dividida com os estados.\u00a0<\/p>\n<p>Outra emenda do relator excluiu a palavra \u201cexclusiva\u201d de um dispositivo que prev\u00ea que a Pol\u00edcia Vi\u00e1ria Federal, que substituir\u00e1 a Pol\u00edcia Rodovi\u00e1ria Federal, n\u00e3o exercer\u00e1 fun\u00e7\u00f5es inerentes \u00e0s pol\u00edcias judici\u00e1rias, nem proceder\u00e1 a apura\u00e7\u00e3o de infra\u00e7\u00f5es penais, cuja compet\u00eancia ser\u00e1 exclusiva da Pol\u00edcia Federal e das pol\u00edcias civis.\u00a0<\/p>\n<p>Em entrevista ap\u00f3s a aprova\u00e7\u00e3o da admissibilidade da mat\u00e9ria na CCJC, Mendon\u00e7a Filho destacou que\u00a0a discuss\u00e3o em torno do texto da PEC ser\u00e1 intensificada na Comiss\u00e3o Especial.\u00a0<\/p>\n<p>\u201cE a\u00ed eu espero que na Comiss\u00e3o Especial a gente possa ampliar ainda mais o debate, porque o debate na Comiss\u00e3o de Justi\u00e7a, ele \u00e9 limitado \u00e0 constitucionalidade e admissibilidade. Na Comiss\u00e3o especial, o debate \u00e9 aberto, a\u00ed a gente pode discutir a audi\u00eancia de cust\u00f3dia, que \u00e9 uma coisa que muito pr\u00f3pria da legisla\u00e7\u00e3o infraconstitucional, a gente pode ditar normas gerais com rela\u00e7\u00e3o ao tema, a gente pode discutir ciclo completo\u201d.<\/p>\n<p>O Brasil registrou, em 2023, a menor taxa de homic\u00eddios dos \u00faltimos 11 anos: foram 45.747 mortes, o equivalente a 21,2 casos por 100 mil habitantes. Os dados fazem parte do Atlas da Viol\u00eancia 2025, divulgado em maio de 2025\u00a0pelo Instituto de Pesquisa Econ\u00f4mica Aplicada (Ipea), em parceria com o F\u00f3rum Brasileiro de Seguran\u00e7a P\u00fablica (FBSP). Em rela\u00e7\u00e3o a 2022, a redu\u00e7\u00e3o foi de 2,3%.<\/p>\n<p>\t\t\t\t\t\t\t\t\t<img loading=\"lazy\" decoding=\"async\" src=\"https:\/\/brasil61.com\/api\/v1\/serve_pixel\/17677\/83417\" alt=\"Pixel Brasil 61\" class=\"b61_pixel\" width=\"0\" height=\"0\"><\/p>\n<input type=\"hidden\" id=\"baseurl\" value=\"https:\/\/noticiasdestaque.com.br\"><input type=\"hidden\" id=\"audio_nonce\" value=\"6f73a554f1\">","protected":false},"excerpt":{"rendered":"<p>Parlamentares definir\u00e3o os nomes dos deputados que v\u00e3o compor a comiss\u00e3o respons\u00e1vel pela aprova\u00e7\u00e3o do texto da PEC da Seguran\u00e7a, que ser\u00e1 votado no Plen\u00e1rio da C\u00e2mara<\/p>\n","protected":false},"author":1,"featured_media":44744,"comment_status":"open","ping_status":"open","sticky":false,"template":"","format":"standard","meta":{"fifu_image_url":"","fifu_image_alt":"","footnotes":""},"categories":[50],"tags":[],"class_list":["post-44743","post","type-post","status-publish","format-standard","has-post-thumbnail","hentry","category-politica"],"distributor_meta":false,"distributor_terms":false,"distributor_media":false,"distributor_original_site_name":"Noticias em Destaque","distributor_original_site_url":"https:\/\/noticiasdestaque.com.br","push-errors":false,"_links":{"self":[{"href":"https:\/\/noticiasdestaque.com.br\/index.php\/wp-json\/wp\/v2\/posts\/44743","targetHints":{"allow":["GET"]}}],"collection":[{"href":"https:\/\/noticiasdestaque.com.br\/index.php\/wp-json\/wp\/v2\/posts"}],"about":[{"href":"https:\/\/noticiasdestaque.com.br\/index.php\/wp-json\/wp\/v2\/types\/post"}],"author":[{"embeddable":true,"href":"https:\/\/noticiasdestaque.com.br\/index.php\/wp-json\/wp\/v2\/users\/1"}],"replies":[{"embeddable":true,"href":"https:\/\/noticiasdestaque.com.br\/index.php\/wp-json\/wp\/v2\/comments?post=44743"}],"version-history":[{"count":0,"href":"https:\/\/noticiasdestaque.com.br\/index.php\/wp-json\/wp\/v2\/posts\/44743\/revisions"}],"wp:featuredmedia":[{"embeddable":true,"href":"https:\/\/noticiasdestaque.com.br\/index.php\/wp-json\/wp\/v2\/media\/44744"}],"wp:attachment":[{"href":"https:\/\/noticiasdestaque.com.br\/index.php\/wp-json\/wp\/v2\/media?parent=44743"}],"wp:term":[{"taxonomy":"category","embeddable":true,"href":"https:\/\/noticiasdestaque.com.br\/index.php\/wp-json\/wp\/v2\/categories?post=44743"},{"taxonomy":"post_tag","embeddable":true,"href":"https:\/\/noticiasdestaque.com.br\/index.php\/wp-json\/wp\/v2\/tags?post=44743"}],"curies":[{"name":"wp","href":"https:\/\/api.w.org\/{rel}","templated":true}]}}