{"id":44737,"date":"2025-07-16T04:00:00","date_gmt":"2025-07-16T07:00:00","guid":{"rendered":"https:\/\/noticiasdestaque.com.br\/index.php\/2025\/07\/16\/salvador-recebe-painel-do-gasto-brasil-em-frente-a-associacao-comercial-mais-antiga-do-pais\/"},"modified":"2025-07-16T04:00:00","modified_gmt":"2025-07-16T07:00:00","slug":"salvador-recebe-painel-do-gasto-brasil-em-frente-a-associacao-comercial-mais-antiga-do-pais","status":"publish","type":"post","link":"https:\/\/noticiasdestaque.com.br\/index.php\/2025\/07\/16\/salvador-recebe-painel-do-gasto-brasil-em-frente-a-associacao-comercial-mais-antiga-do-pais\/","title":{"rendered":"Salvador recebe painel do Gasto Brasil em frente \u00e0 associa\u00e7\u00e3o comercial mais antiga do pa\u00eds"},"content":{"rendered":"<p>\t\t\t\t\t\t\t\t\t\t<audio controls class=\"b61_audio_player\" data-noticia=\"83397\" src=\"https:\/\/brasil61.com\/rails\/active_storage\/blobs\/eyJfcmFpbHMiOnsibWVzc2FnZSI6IkJBaHBBeDF5QXc9PSIsImV4cCI6bnVsbCwicHVyIjoiYmxvYl9pZCJ9fQ==--6776f7c54f8f03c66224a6e171c37bfb4041a6f7\/CACB250037A\"><\/audio><\/p>\n<p>Na tarde desta ter\u00e7a-feira (15), Salvador recebeu o segundo painel f\u00edsico instalado no pa\u00eds do , plataforma que permite acompanhar os gastos p\u00fablicos em tempo real. O painel de <strong>LED <\/strong>foi instalado pr\u00f3ximo \u00e0<strong> Associa\u00e7\u00e3o Comercial de Salvador (ACS)<\/strong>, na Pra\u00e7a Conde dos Arcos, em frente ao pr\u00e9dio hist\u00f3rico da entidade \u2014 que completa 214 anos de funda\u00e7\u00e3o nesta mesma data, sendo a mais antiga associa\u00e7\u00e3o comercial do Brasil.<\/p>\n<p>A instala\u00e7\u00e3o do equipamento integra a proposta da <strong>Confedera\u00e7\u00e3o das Associa\u00e7\u00f5es Comerciais e Empresariais do Brasil (CACB)<\/strong> de ampliar o alcance da transpar\u00eancia fiscal no pa\u00eds. O primeiro painel foi inaugurado em abril deste ano, em S\u00e3o Paulo.<\/p>\n<p>Durante a cerim\u00f4nia de inaugura\u00e7\u00e3o, o presidente da <strong>ACS<\/strong>, Paulo S\u00e9rgio Cavalcanti, ressaltou o papel educativo do painel e a import\u00e2ncia de despertar o senso de participa\u00e7\u00e3o do cidad\u00e3o:<\/p>\n<p>\u201cEste painel consegue trazer informa\u00e7\u00f5es fundamentais para que o cidad\u00e3o compreenda o que todos n\u00f3s pagamos em impostos. Despertar o sentimento de pertencimento do cidad\u00e3o brasileiro em rela\u00e7\u00e3o aos direitos que ele tem, entendendo que ele \u00e9 parte deste poder que emana do povo. Isso \u00e9 important\u00edssimo para a transforma\u00e7\u00e3o.\u201d<\/p>\n<p>O evento marcou tamb\u00e9m um momento simb\u00f3lico para o movimento associativista nacional. Est\u00e1 em tramita\u00e7\u00e3o no Congresso Nacional um projeto de lei que prop\u00f5e a cria\u00e7\u00e3o do Dia Nacional do Associativismo, a ser celebrado no dia 15 de julho \u2014 em homenagem \u00e0 funda\u00e7\u00e3o da Associa\u00e7\u00e3o Comercial da Bahia, em 1811.<\/p>\n<p>Para o presidente da <strong>CACB<\/strong>, Alfredo Cotait,\u00a0 a data \u00e9 mais do que simb\u00f3lica. &#8220;O associativismo \u00e9 fundamental na vida do empreendedorismo brasileiro. O empreendedor, n\u00e3o importa aquele que \u00e9 empreendedor de empresa, empreendedor cultural, social. O importante \u00e9 que o associativismo une as pessoas, para cada vez mais termos um pa\u00eds justo e com desenvolvimento econ\u00f4mico.&#8221;<\/p>\n<p>A expectativa da <strong>CACB <\/strong>\u00e9 que outras associa\u00e7\u00f5es comerciais de todo o pa\u00eds tamb\u00e9m passem a receber pain\u00e9is semelhantes, aproximando a popula\u00e7\u00e3o dos dados fiscais e promovendo maior engajamento c\u00edvico. Para a entidade, a informa\u00e7\u00e3o \u00e9 a base do controle social.<\/p>\n<h2><b>Gasto Brasil<\/b><\/h2>\n<p>Al\u00e9m de mostrar o total atualizado dos gastos p\u00fablicos com base nos dados do Tesouro Nacional, a plataforma digital Gasto Brasil ganhou recentemente novas funcionalidades. Entre elas, est\u00e1 a possibilidade de visualizar separadamente os valores pagos com Previd\u00eancia \u2014 que j\u00e1 somam R$ 785 bilh\u00f5es apenas em 2025 \u2014 e o detalhamento dos gastos com pessoal, separados por poderes: Executivo, Judici\u00e1rio, Legislativo, Minist\u00e9rio P\u00fablico e Defensoria P\u00fablica.<\/p>\n<p>O criador da plataforma e consultor da <strong>CACB<\/strong>, Cl\u00e1udio Queiroz, explica que a mais recente inova\u00e7\u00e3o lan\u00e7ada permite a visualiza\u00e7\u00e3o na plataforma do gasto com m\u00e3o de obra, separada por poderes:<\/p>\n<p>\u201cO quanto os poderes gastam de m\u00e3o de obra, Executivo, Judici\u00e1rio, o Legislativo, Minist\u00e9rio P\u00fablico e Defensoria P\u00fablica. Vai ter uma aba chamada Poderes, onde eu mostro a apresenta\u00e7\u00e3o dos gastos do governo com Pessoal e Encargos, isso eu abro para o governo geral, governo federal, estados e munic\u00edpios. Cada dia estamos evoluindo para mostrar que o governo gasta mal, investe pouco e gasta mal.\u201d<\/p>\n<p>A cerim\u00f4nia de inaugura\u00e7\u00e3o do painel foi aberta ao p\u00fablico e contou com lideran\u00e7as do setor produtivo, representantes da sociedade civil organizada e autoridades locais.<\/p>\n<p>\t\t\t\t\t\t\t\t\t<img loading=\"lazy\" decoding=\"async\" src=\"https:\/\/brasil61.com\/api\/v1\/serve_pixel\/17677\/83397\" alt=\"Pixel Brasil 61\" class=\"b61_pixel\" width=\"0\" height=\"0\"><\/p>\n<input type=\"hidden\" id=\"baseurl\" value=\"https:\/\/noticiasdestaque.com.br\"><input type=\"hidden\" id=\"audio_nonce\" value=\"6f73a554f1\">","protected":false},"excerpt":{"rendered":"<p>Equipamento instalado na Pra\u00e7a Conde dos Arcos permite acompanhar em tempo real os gastos p\u00fablicos. Iniciativa marca os 214 anos da Associa\u00e7\u00e3o Comercial da Bahia e busca ampliar a transpar\u00eancia fiscal<\/p>\n","protected":false},"author":1,"featured_media":44738,"comment_status":"open","ping_status":"open","sticky":false,"template":"","format":"standard","meta":{"fifu_image_url":"","fifu_image_alt":"","footnotes":""},"categories":[59],"tags":[],"class_list":["post-44737","post","type-post","status-publish","format-standard","has-post-thumbnail","hentry","category-economia"],"distributor_meta":false,"distributor_terms":false,"distributor_media":false,"distributor_original_site_name":"Noticias em Destaque","distributor_original_site_url":"https:\/\/noticiasdestaque.com.br","push-errors":false,"_links":{"self":[{"href":"https:\/\/noticiasdestaque.com.br\/index.php\/wp-json\/wp\/v2\/posts\/44737","targetHints":{"allow":["GET"]}}],"collection":[{"href":"https:\/\/noticiasdestaque.com.br\/index.php\/wp-json\/wp\/v2\/posts"}],"about":[{"href":"https:\/\/noticiasdestaque.com.br\/index.php\/wp-json\/wp\/v2\/types\/post"}],"author":[{"embeddable":true,"href":"https:\/\/noticiasdestaque.com.br\/index.php\/wp-json\/wp\/v2\/users\/1"}],"replies":[{"embeddable":true,"href":"https:\/\/noticiasdestaque.com.br\/index.php\/wp-json\/wp\/v2\/comments?post=44737"}],"version-history":[{"count":0,"href":"https:\/\/noticiasdestaque.com.br\/index.php\/wp-json\/wp\/v2\/posts\/44737\/revisions"}],"wp:featuredmedia":[{"embeddable":true,"href":"https:\/\/noticiasdestaque.com.br\/index.php\/wp-json\/wp\/v2\/media\/44738"}],"wp:attachment":[{"href":"https:\/\/noticiasdestaque.com.br\/index.php\/wp-json\/wp\/v2\/media?parent=44737"}],"wp:term":[{"taxonomy":"category","embeddable":true,"href":"https:\/\/noticiasdestaque.com.br\/index.php\/wp-json\/wp\/v2\/categories?post=44737"},{"taxonomy":"post_tag","embeddable":true,"href":"https:\/\/noticiasdestaque.com.br\/index.php\/wp-json\/wp\/v2\/tags?post=44737"}],"curies":[{"name":"wp","href":"https:\/\/api.w.org\/{rel}","templated":true}]}}