{"id":44729,"date":"2025-07-15T17:45:00","date_gmt":"2025-07-15T20:45:00","guid":{"rendered":"https:\/\/noticiasdestaque.com.br\/index.php\/2025\/07\/15\/tarifaco-de-trump-veja-o-que-preve-decreto-que-regulamenta-reciprocidade-economica\/"},"modified":"2025-07-15T17:45:00","modified_gmt":"2025-07-15T20:45:00","slug":"tarifaco-de-trump-veja-o-que-preve-decreto-que-regulamenta-reciprocidade-economica","status":"publish","type":"post","link":"https:\/\/noticiasdestaque.com.br\/index.php\/2025\/07\/15\/tarifaco-de-trump-veja-o-que-preve-decreto-que-regulamenta-reciprocidade-economica\/","title":{"rendered":"Tarifa\u00e7o de Trump: veja o que prev\u00ea decreto que regulamenta reciprocidade econ\u00f4mica"},"content":{"rendered":"<p>\t\t\t\t\t\t\t\t\t\t<audio controls class=\"b61_audio_player\" data-noticia=\"83395\" src=\"https:\/\/brasil61.com\/rails\/active_storage\/blobs\/eyJfcmFpbHMiOnsibWVzc2FnZSI6IkJBaHBBeGR5QXc9PSIsImV4cCI6bnVsbCwicHVyIjoiYmxvYl9pZCJ9fQ==--752b133c1f8bde3ebbadbf324b4135c6c9b760e5\/PIND254552A\"><\/audio><\/p>\n<p>O presidente Luiz In\u00e1cio Lula da Silva regulamentou, nesta ter\u00e7a-feira (15), a <strong><a href=\"https:\/\/www.in.gov.br\/en\/web\/dou\/-\/lei-n-15.122-de-11-de-abril-de-2025-623734149\">Lei da Reciprocidade Econ\u00f4mica<\/a>. O <a href=\"https:\/\/www.in.gov.br\/en\/web\/dou\/-\/decreto-n-12.551-de-14-de-julho-de-2025-641912765\">decreto <\/a>cria instrumentos para que o Brasil possa reagir formalmente a medidas unilaterais de pa\u00edses ou blocos econ\u00f4micos que prejudiquem sua competitividade.\u00a0<\/strong><\/p>\n<p>A publica\u00e7\u00e3o do decreto no Di\u00e1rio Oficial da Uni\u00e3o ocorre em meio \u00e0 <strong>crise provocada pela decis\u00e3o dos Estados Unidos de aplicar uma tarifa de 50% sobre todos os produtos importados do Brasil<\/strong>.<\/p>\n<h2>O que prev\u00ea o decreto da reciprocidade econ\u00f4mica?<\/h2>\n<p>Segundo o minist\u00e9rio do Desenvolvimento, Ind\u00fastria, Com\u00e9rcio e Servi\u00e7os (MDIC), a nova regulamenta\u00e7\u00e3o <strong>autoriza o governo a suspender concess\u00f5es comerciais, investimentos e obriga\u00e7\u00f5es relativas a propriedade intelectual como forma de contrapartida a medidas &#8220;unilaterais&#8221; adotadas por pa\u00edses ou blocos econ\u00f4micos que impactem a competitividade internacional brasileira<\/strong>.<\/p>\n<p>O decreto tamb\u00e9m criou o <strong>Comit\u00ea Interministerial de Negocia\u00e7\u00e3o e Contramedidas Econ\u00f4micas e Comerciais<\/strong>. O comit\u00ea ficar\u00e1 respons\u00e1vel por deliberar sobre contramedidas a serem adotadas \u2014 tanto as provis\u00f3rias e emergenciais quanto as ordin\u00e1rias, com tramita\u00e7\u00e3o mais longa.<\/p>\n<h2>Contramedidas: provis\u00f3rias e ordin\u00e1rias<\/h2>\n<p>As <strong>contramedidas provis\u00f3rias <\/strong>t\u00eam car\u00e1ter excepcional e poder\u00e3o ser aplicadas de forma mais c\u00e9lere, mediante aprova\u00e7\u00e3o do Comit\u00ea. J\u00e1 as <strong>ordin\u00e1rias <\/strong>exigir\u00e3o consulta p\u00fablica e an\u00e1lise pelo Comit\u00ea-Executivo de Gest\u00e3o da Camex (Gecex), com decis\u00e3o final a cargo do Conselho Estrat\u00e9gico da Camex.<\/p>\n<p>Em todos os casos, o Minist\u00e9rio das Rela\u00e7\u00f5es Exteriores ser\u00e1 respons\u00e1vel por conduzir as notifica\u00e7\u00f5es diplom\u00e1ticas e acompanhar o processo de negocia\u00e7\u00e3o com o pa\u00eds ou bloco envolvido.<\/p>\n<h2>Ind\u00fastria defende di\u00e1logo e pede prazo para negociar<\/h2>\n<p>Apesar da regulamenta\u00e7\u00e3o abrir caminho para poss\u00edveis medidas de retalia\u00e7\u00e3o, a <strong>Confedera\u00e7\u00e3o Nacional da Ind\u00fastria (CNI) refor\u00e7ou a import\u00e2ncia de &#8220;esgotar&#8221; o di\u00e1logo com os Estados Unidos antes de qualquer resposta comercial<\/strong>.<\/p>\n<p>\u201cAntes (de retaliar), \u00e9 preciso esgotar toda e qualquer possibilidade de negocia\u00e7\u00e3o\u201d, defendeu o presidente da CNI, Ricardo Alban, ap\u00f3s encontro com presidentes das federa\u00e7\u00f5es da ind\u00fastria, ocorrido na segunda-feira (14).\u00a0<\/p>\n<p>Na primeira reuni\u00e3o do Comit\u00ea Interministerial, nesta ter\u00e7a-feira, o <strong>setor pediu ao governo brasileiro que discuta junto ao norte-americano um adiamento de 90 dias no in\u00edcio da vig\u00eancia da tarifa<\/strong>. O objetivo \u00e9 de abrir espa\u00e7o para acordos bilaterais e negocia\u00e7\u00f5es setoriais.\u00a0<\/p>\n<p>Alban participou do encontro, junto a empres\u00e1rios e representantes de associa\u00e7\u00f5es industriais. &#8220;O setor produtivo, a Ind\u00fastria e, certamente, o agroneg\u00f3cio est\u00e3o convergentes na busca da solu\u00e7\u00e3o, porque o que temos aqui \u00e9 um verdadeiro &#8216;perde-perde&#8217;. N\u00e3o faz sentido, de forma nenhuma \u2013 nem econ\u00f4mica, nem social, nem geopol\u00edtica. Ent\u00e3o, temos que trabalhar para que a situa\u00e7\u00e3o seja contornada&#8221;, explicou o dirigente.<\/p>\n<p>\u201cO Brasil n\u00e3o pretende ser reativo, intempestivamente. N\u00f3s entendemos, nesta reuni\u00e3o, \u00e9 que o pa\u00eds n\u00e3o se precipitar\u00e1 em medidas de retalia\u00e7\u00f5es, para que elas n\u00e3o sejam interpretadas simplesmente uma disputa. O que n\u00f3s queremos \u00e9 o entendimento&#8221;, complementou.<\/p>\n<p>A CNI estima que, se a tarifa de <strong>50% entrar em vigor conforme anunciado, o <a href=\"https:\/\/brasil61.com\/n\/tarifaco-de-trump-pode-causar-perda-de-110-mil-empregos-no-brasil-pind254551\">Brasil pode perder ao menos 110 mil empregos diretos<\/a>, <\/strong>com impactos relevantes sobre o PIB e a balan\u00e7a comercial.\u00a0<\/p>\n<h2>Governo deve priorizar revers\u00e3o da tarifa<\/h2>\n<p>O ministro Geraldo Alckmin afirmou que o governo est\u00e1 empenhado em reverter a nova taxa\u00e7\u00e3o americana, que considera \u201ccompletamente inadequada\u201d. Segundo o vice-presidente, os EUA mant\u00eam super\u00e1vit com o Brasil h\u00e1 15 anos, com uma tarifa m\u00e9dia de apenas 2,7% sobre produtos americanos exportados ao Brasil. \u201cDe outro lado, dos 10 principais produtos que os Estados Unidos exportam para n\u00f3s, oito s\u00e3o ex-tarif\u00e1rio ou tarifa zero, n\u00e3o pagam nenhum imposto para entrar no Brasil. E a tarifa m\u00e9dia \u00e9 de 2,7%, a tarifa m\u00e9dia de importa\u00e7\u00e3o\u201d, explicou o ministro.<\/p>\n<p>Al\u00e9m de Alckmin, a articula\u00e7\u00e3o do governo inclui o Itamaraty e as pastas da Fazenda e da Casa Civil.<br \/>\n\u00a0<\/p>\n<p>\t\t\t\t\t\t\t\t\t<img loading=\"lazy\" decoding=\"async\" src=\"https:\/\/brasil61.com\/api\/v1\/serve_pixel\/17677\/83395\" alt=\"Pixel Brasil 61\" class=\"b61_pixel\" width=\"0\" height=\"0\"><\/p>\n<input type=\"hidden\" id=\"baseurl\" value=\"https:\/\/noticiasdestaque.com.br\"><input type=\"hidden\" id=\"audio_nonce\" value=\"6f73a554f1\">","protected":false},"excerpt":{"rendered":"<p>Decreto tamb\u00e9m criou comit\u00ea interministerial para deliberar sobre a aplica\u00e7\u00e3o de contramedidas provis\u00f3rias; em primeira reuni\u00e3o do colegiado, setor da Ind\u00fastria defendeu negocia\u00e7\u00e3o com EUA antes de recorrer \u00e0 poss\u00edveis retalia\u00e7\u00f5es <\/p>\n","protected":false},"author":1,"featured_media":44730,"comment_status":"open","ping_status":"open","sticky":false,"template":"","format":"standard","meta":{"fifu_image_url":"","fifu_image_alt":"","footnotes":""},"categories":[59],"tags":[],"class_list":["post-44729","post","type-post","status-publish","format-standard","has-post-thumbnail","hentry","category-economia"],"distributor_meta":false,"distributor_terms":false,"distributor_media":false,"distributor_original_site_name":"Noticias em Destaque","distributor_original_site_url":"https:\/\/noticiasdestaque.com.br","push-errors":false,"_links":{"self":[{"href":"https:\/\/noticiasdestaque.com.br\/index.php\/wp-json\/wp\/v2\/posts\/44729","targetHints":{"allow":["GET"]}}],"collection":[{"href":"https:\/\/noticiasdestaque.com.br\/index.php\/wp-json\/wp\/v2\/posts"}],"about":[{"href":"https:\/\/noticiasdestaque.com.br\/index.php\/wp-json\/wp\/v2\/types\/post"}],"author":[{"embeddable":true,"href":"https:\/\/noticiasdestaque.com.br\/index.php\/wp-json\/wp\/v2\/users\/1"}],"replies":[{"embeddable":true,"href":"https:\/\/noticiasdestaque.com.br\/index.php\/wp-json\/wp\/v2\/comments?post=44729"}],"version-history":[{"count":0,"href":"https:\/\/noticiasdestaque.com.br\/index.php\/wp-json\/wp\/v2\/posts\/44729\/revisions"}],"wp:featuredmedia":[{"embeddable":true,"href":"https:\/\/noticiasdestaque.com.br\/index.php\/wp-json\/wp\/v2\/media\/44730"}],"wp:attachment":[{"href":"https:\/\/noticiasdestaque.com.br\/index.php\/wp-json\/wp\/v2\/media?parent=44729"}],"wp:term":[{"taxonomy":"category","embeddable":true,"href":"https:\/\/noticiasdestaque.com.br\/index.php\/wp-json\/wp\/v2\/categories?post=44729"},{"taxonomy":"post_tag","embeddable":true,"href":"https:\/\/noticiasdestaque.com.br\/index.php\/wp-json\/wp\/v2\/tags?post=44729"}],"curies":[{"name":"wp","href":"https:\/\/api.w.org\/{rel}","templated":true}]}}