{"id":44727,"date":"2025-07-15T10:45:00","date_gmt":"2025-07-15T13:45:00","guid":{"rendered":"https:\/\/noticiasdestaque.com.br\/index.php\/2025\/07\/15\/tarifaco-de-trump-pode-causar-perda-de-110-mil-empregos-no-brasil\/"},"modified":"2025-07-15T10:45:00","modified_gmt":"2025-07-15T13:45:00","slug":"tarifaco-de-trump-pode-causar-perda-de-110-mil-empregos-no-brasil","status":"publish","type":"post","link":"https:\/\/noticiasdestaque.com.br\/index.php\/2025\/07\/15\/tarifaco-de-trump-pode-causar-perda-de-110-mil-empregos-no-brasil\/","title":{"rendered":"Tarifa\u00e7o de Trump pode causar perda de 110 mil empregos no Brasil"},"content":{"rendered":"<p>\t\t\t\t\t\t\t\t\t\t<audio controls class=\"b61_audio_player\" data-noticia=\"83380\" src=\"https:\/\/brasil61.com\/rails\/active_storage\/blobs\/eyJfcmFpbHMiOnsibWVzc2FnZSI6IkJBaHBBN054QXc9PSIsImV4cCI6bnVsbCwicHVyIjoiYmxvYl9pZCJ9fQ==--3e4d0efbb445c0a732ea035ebe211a42ab2bff73\/PIND254551A\"><\/audio><\/p>\n<p>Em<a href=\"https:\/\/noticias.portaldaindustria.com.br\/noticias\/internacional\/empresarios-defendem-adiamento-de-tarifaco-dos-estados-unidos\/\"> reuni\u00e3o virtual de emerg\u00eancia realizada nesta segunda-feira (14)<\/a>, com presidentes das federa\u00e7\u00f5es das ind\u00fastrias de todo o pa\u00eds, <strong>o presidente da Confedera\u00e7\u00e3o Nacional da Ind\u00fastria (CNI), Ricardo Alban, alertou que o aumento de tarifas imposto pelos Estados Unidos poder\u00e1 causar a perda de at\u00e9 110 mil postos de trabalho no setor<\/strong>.<\/p>\n<p>A reuni\u00e3o contou tamb\u00e9m com a participa\u00e7\u00e3o da secret\u00e1ria de Com\u00e9rcio Exterior do Minist\u00e9rio do Desenvolvimento, Ind\u00fastria, Com\u00e9rcio e Servi\u00e7os (MDIC), Tatiana Lacerda Prazeres, e teve como foco a avalia\u00e7\u00e3o dos impactos econ\u00f4micos e sociais da medida.<\/p>\n<p>Durante o encontro, os representantes da Ind\u00fastria brasileira defenderam <strong>o adiamento m\u00ednimo de 90 dias na aplica\u00e7\u00e3o das novas tarifas, previstas para entrarem em vigor em 1\u00ba de agosto. <\/strong>O objetivo, segundo os participantes, \u00e9 ganhar tempo para an\u00e1lises t\u00e9cnicas e articula\u00e7\u00f5es diplom\u00e1ticas que possam reverter a medida.<\/p>\n<p>Para a CNI, a d<strong>ecis\u00e3o do governo norte-americano de impor um tarifa\u00e7o generalizado n\u00e3o possui embasamento t\u00e9cnico e representa uma ruptura em uma rela\u00e7\u00e3o comercial centen\u00e1ria. A medida vai afetar f\u00e1bricas brasileiras e plantas industriais nos EUA que dependem de insumos brasileiros. Isso, na avalia\u00e7\u00e3o da entidade, trar\u00e1 impactos aos contratos de longo prazo e \u00e0 previsibilidade necess\u00e1ria ao ambiente de neg\u00f3cios.<\/strong><\/p>\n<p>\u201cLembro que os EUA s\u00e3o o principal destino das exporta\u00e7\u00f5es industriais do Brasil e o nosso pa\u00eds \u00e9 um importante fornecedor para o mercado norte-americano\u201d, afirmou o presidente da CNI, Ricardo Alban, logo ap\u00f3s o an\u00fancio do governo dos EUA. \u201cUma quebra nessa rela\u00e7\u00e3o, com um impacto dessa magnitude, teria muitos preju\u00edzos ao nosso crescimento, \u00e0 competitividade, aos empregos e, consequentemente, um forte impacto sobre a economia em geral.\u201d<\/p>\n<p>Em comunicado, a CNI afirmou que o tarifa\u00e7o anunciado pelo presidente norte-americano, Donald Trump, tamb\u00e9m<a href=\"https:\/\/noticias.portaldaindustria.com.br\/posicionamentos\/tarifaco-agrava-situacao-da-industria-brasileira-sufocada-por-juros-altos-e-aumento-de-custos\/\"> agrava a situa\u00e7\u00e3o da ind\u00fastria brasileira, j\u00e1 \u201casfixiada pelo injustificado patamar das taxas de juros\u201d, hoje em 15% ao ano<\/a>. \u00c9 o patamar mais alto desde 2006, que coloca o pa\u00eds na segunda posi\u00e7\u00e3o do infame ranking de maiores taxas de juros reais do mundo.\u00a0<\/p>\n<p>No posicionamento, a CNI refor\u00e7ou que o momento exige &#8220;a\u00e7\u00f5es en\u00e9rgicas e equilibradas, tanto internas quanto externas\u201d. &#8220;Devemos negociar a revoga\u00e7\u00e3o da taxa\u00e7\u00e3o na condi\u00e7\u00e3o de pa\u00eds parceiro e de na\u00e7\u00e3o soberana. Cabe ao governo brasileiro defender os interesses da sociedade brasileira evitando, sobretudo, as armadilhas da polariza\u00e7\u00e3o pol\u00edtica que o epis\u00f3dio coloca no caminho&#8221;, pontuou a entidade.<\/p>\n<p>Diante do cen\u00e1rio, o presidente Luiz In\u00e1cio Lula da Silva anunciou, ainda nesta segunda-feira, a <a href=\"https:\/\/www.gov.br\/mdic\/pt-br\/assuntos\/noticias\/2025\/julho\/presidente-lula-anuncia-comite-para-adocao-de-medidas-de-protecao-da-economia-brasileira\">cria\u00e7\u00e3o do Comit\u00ea Interministerial de Negocia\u00e7\u00e3o e Contramedidas Econ\u00f4micas e Comerciais<\/a>, respons\u00e1vel por coordenar a resposta do Brasil ao tarifa\u00e7o.\u00a0<\/p>\n<p>O grupo ser\u00e1 institu\u00eddo por meio de decreto de regulamenta\u00e7\u00e3o da Lei de Reciprocidade Econ\u00f4mica (Lei 15.122\/25). A primeira reuni\u00e3o do grupo dever\u00e1 ocorrer ainda nesta ter\u00e7a-feira.\u00a0<\/p>\n<p>O comit\u00ea ser\u00e1 presidido pelo vice-presidente e ministro do MDIC, Geraldo Alckmin, e contar\u00e1 com os ministros Rui Costa, da Casa Civil), Mauro Vieira, das Rela\u00e7\u00f5es Exteriores e Fernando Haddad, da Fazenda.\u00a0<\/p>\n<p>Segundo informa\u00e7\u00f5es do MDIC primeira reuni\u00e3o oficial do comit\u00ea dever\u00e1 ocorrer ainda nesta ter\u00e7a-feira (15).<\/p>\n<h2>Rela\u00e7\u00e3o comercial entre Brasil e EUA em n\u00fameros (Fonte: CNI)<\/h2>\n<p>Para cada R$ 1 bilh\u00e3o exportado para os EUA, em 2024, foram gerados:<br \/>\n&#8211; 24,3 mil empregos;<br \/>\n&#8211; R$ 531,8 milh\u00f5es em massa salarial;<br \/>\n&#8211; R$ 3,2 bilh\u00f5es em produ\u00e7\u00e3o na economia brasileira.<\/p>\n<p>Os Estados Unidos s\u00e3o o principal destino das <a href=\"https:\/\/imprensa.portaldaindustria.com.br\/posicionamentos\/exportacoes-da-industria-de-transformacao-brasileira-batem-recorde-em-2024\/\">exporta\u00e7\u00f5es da ind\u00fastria de transforma\u00e7\u00e3o brasileira<\/a>:<br \/>\n&#8211; Em 2024, as exporta\u00e7\u00f5es brasileiras de produtos industriais para os EUA atingiram US$ 181,9 bilh\u00f5es, um aumento de 2,7% em rela\u00e7\u00e3o a 2023.<br \/>\n&#8211; O crescimento foi impulsionado por bens de consumo n\u00e3o dur\u00e1veis e semidur\u00e1veis, com alta de 11% nas exporta\u00e7\u00f5es em rela\u00e7\u00e3o ao ano anterior.<br \/>\n\u00a0<\/p>\n<p>\t\t\t\t\t\t\t\t\t<img loading=\"lazy\" decoding=\"async\" src=\"https:\/\/brasil61.com\/api\/v1\/serve_pixel\/17677\/83380\" alt=\"Pixel Brasil 61\" class=\"b61_pixel\" width=\"0\" height=\"0\"><\/p>\n<input type=\"hidden\" id=\"baseurl\" value=\"https:\/\/noticiasdestaque.com.br\"><input type=\"hidden\" id=\"audio_nonce\" value=\"6f73a554f1\">","protected":false},"excerpt":{"rendered":"<p>A estimativa \u00e9 da Confedera\u00e7\u00e3o Nacional da Ind\u00fastria (CNI). Entidade realizou reuni\u00e3o de emerg\u00eancia com presidentes de federa\u00e7\u00f5es estaduais de todo o pa\u00eds para avaliar impactos econ\u00f4micos e sociais da medida; empres\u00e1rios defendem adiamento de tarifa\u00e7o<\/p>\n","protected":false},"author":1,"featured_media":44728,"comment_status":"open","ping_status":"open","sticky":false,"template":"","format":"standard","meta":{"fifu_image_url":"","fifu_image_alt":"","footnotes":""},"categories":[59],"tags":[],"class_list":["post-44727","post","type-post","status-publish","format-standard","has-post-thumbnail","hentry","category-economia"],"distributor_meta":false,"distributor_terms":false,"distributor_media":false,"distributor_original_site_name":"Noticias em Destaque","distributor_original_site_url":"https:\/\/noticiasdestaque.com.br","push-errors":false,"_links":{"self":[{"href":"https:\/\/noticiasdestaque.com.br\/index.php\/wp-json\/wp\/v2\/posts\/44727","targetHints":{"allow":["GET"]}}],"collection":[{"href":"https:\/\/noticiasdestaque.com.br\/index.php\/wp-json\/wp\/v2\/posts"}],"about":[{"href":"https:\/\/noticiasdestaque.com.br\/index.php\/wp-json\/wp\/v2\/types\/post"}],"author":[{"embeddable":true,"href":"https:\/\/noticiasdestaque.com.br\/index.php\/wp-json\/wp\/v2\/users\/1"}],"replies":[{"embeddable":true,"href":"https:\/\/noticiasdestaque.com.br\/index.php\/wp-json\/wp\/v2\/comments?post=44727"}],"version-history":[{"count":0,"href":"https:\/\/noticiasdestaque.com.br\/index.php\/wp-json\/wp\/v2\/posts\/44727\/revisions"}],"wp:featuredmedia":[{"embeddable":true,"href":"https:\/\/noticiasdestaque.com.br\/index.php\/wp-json\/wp\/v2\/media\/44728"}],"wp:attachment":[{"href":"https:\/\/noticiasdestaque.com.br\/index.php\/wp-json\/wp\/v2\/media?parent=44727"}],"wp:term":[{"taxonomy":"category","embeddable":true,"href":"https:\/\/noticiasdestaque.com.br\/index.php\/wp-json\/wp\/v2\/categories?post=44727"},{"taxonomy":"post_tag","embeddable":true,"href":"https:\/\/noticiasdestaque.com.br\/index.php\/wp-json\/wp\/v2\/tags?post=44727"}],"curies":[{"name":"wp","href":"https:\/\/api.w.org\/{rel}","templated":true}]}}