{"id":44721,"date":"2025-07-15T00:00:00","date_gmt":"2025-07-15T03:00:00","guid":{"rendered":"https:\/\/noticiasdestaque.com.br\/index.php\/2025\/07\/15\/carro-sustentavel-programa-ja-conta-com-adesao-de-cinco-montadoras\/"},"modified":"2025-07-15T00:00:00","modified_gmt":"2025-07-15T03:00:00","slug":"carro-sustentavel-programa-ja-conta-com-adesao-de-cinco-montadoras","status":"publish","type":"post","link":"https:\/\/noticiasdestaque.com.br\/index.php\/2025\/07\/15\/carro-sustentavel-programa-ja-conta-com-adesao-de-cinco-montadoras\/","title":{"rendered":"Carro Sustent\u00e1vel: programa j\u00e1 conta com ades\u00e3o de cinco montadoras"},"content":{"rendered":"<p>\t\t\t\t\t\t\t\t\t\t<audio controls class=\"b61_audio_player\" data-noticia=\"83365\" src=\"https:\/\/brasil61.com\/rails\/active_storage\/blobs\/eyJfcmFpbHMiOnsibWVzc2FnZSI6IkJBaHBBNE54QXc9PSIsImV4cCI6bnVsbCwicHVyIjoiYmxvYl9pZCJ9fQ==--604198e76f2abc8e2f5f32ddef4a5a5db609b166\/BRAS2514306A\"><\/audio><\/p>\n<p>General Motors, Renault, Volkswagem, Hyundai e Stellants enviaram ao <strong>Minist\u00e9rio do Desenvolvimento, Ind\u00fastria, Com\u00e9rcio e Servi\u00e7os (<a href=\"https:\/\/www.gov.br\/mdic\/pt-br\" target=\"_blank\">MDIC<\/a>)<\/strong> na sexta-feira (11) pedido de credenciamento de cinco modelos de ve\u00edculos de entrada no programa <strong>Carro Sustent\u00e1vel<\/strong> \u2013 que garante IPI Zero para autom\u00f3veis mais econ\u00f4micos, sustent\u00e1veis e com fabrica\u00e7\u00e3o no Brasil. O Carro Sustent\u00e1vel complementa, sob o ponto de vista fiscal, o <strong>Programa<\/strong> <strong>(Mobilidade Verde e Inova\u00e7\u00e3o) Mover<\/strong>, criado em dezembro de 2023.<\/p>\n<p>O <strong>Carro Sustent\u00e1vel<\/strong> foi lan\u00e7ado na \u00faltima quinta-feira (10), pelo vice-presidente da Rep\u00fablica e ministro do Desenvolvimento, Ind\u00fastria, Com\u00e9rcio e Servi\u00e7os, Geraldo Alkimin, ap\u00f3s a assinatura pelo presidente Luiz In\u00e1cio Lula da Silva, do Decreto 12.549, que estabelece as regras fiscais do programa.\u00a0<\/p>\n<p>O regramento determina redu\u00e7\u00e3o de IPI para carros menos poluentes, mais leves e que atendam a requisitos de reciclabilidade. Enquanto isso, os ve\u00edculos que mais poluem ter\u00e3o al\u00edquotas maiores, promovendo justi\u00e7a social e ambiental sem nenhum impacto fiscal. O decreto tamb\u00e9m determina que ve\u00edculos compactos com alta efici\u00eancia energ\u00e9tica-ambiental e fabricados no Brasil tenham o IPI zerado.\u00a0<\/p>\n<p>No lan\u00e7amento do <strong>Programa<\/strong>, Alckim garantiu que o decreto n\u00e3o ter\u00e1 impacto fiscal. Ele redefine a tabela do <strong>Imposto sobre Produtos Industrializados (IPI)<\/strong>, que foi constru\u00edda como um mecanismo de soma zero, em rela\u00e7\u00e3o ao total de carros vendidos no Brasil. Com validade at\u00e9 dezembro de 2026, o decreto antecede os efeitos da <strong>Reforma Tribut\u00e1ria<\/strong>.<\/p>\n<p>Para ter direito ao <strong>IPI zero<\/strong>, o carro sustent\u00e1vel deve atender a quatro requisitos: emitir menos de 83 gramas de CO\u2082 por quil\u00f4metro; conter mais de 80% de materiais recicl\u00e1veis; ser fabricado no Brasil (com etapas como soldagem, pintura, fabrica\u00e7\u00e3o do motor e montagem no pa\u00eds); e se enquadrar em uma das categorias de carro compacto. A legisla\u00e7\u00e3o tamb\u00e9m incentiva a industrializa\u00e7\u00e3o do pa\u00eds, preservando os empregos e com a diretriz da sustentabilidade real\u00e7ada.<\/p>\n<h2>Medida elogiada<\/h2>\n<p>O advogado Fabr\u00edcio Soler, s\u00f3cio da S2F Partners, consultoria internacional de gest\u00e3o de res\u00edduos e economia circular, e membro do Pacto da ONU para temas de economia Circular, elogiou o teor do Decreto por trazer diretrizes fiscais que efetivamente impulsionam a agenda ambiental.\u00a0<\/p>\n<p>&#8220;Na linha da economia circular, n\u00f3s temos como objetivos um ambiente normativo e institucional favor\u00e1vel \u00e0 economia circular e mais, fomentar a inova\u00e7\u00e3o, a gera\u00e7\u00e3o de compet\u00eancia para reutilizar e promover o desenho circular e tamb\u00e9m, naturalmente, propondo instrumentos financeiros de aux\u00edlio a economia circular. Na minha opini\u00e3o, tudo que foi feito no \u00e2mbito do <strong>Mover e do Carro Sustent\u00e1vel <\/strong>est\u00e3o aderentes \u00e0 estrat\u00e9gia nacional de economia Circular, ao Plano Nacional de Economia Circular recentemente veiculado\u201d,\u00a0 ressalta Fabr\u00edcio.<\/p>\n<p>O presidente da <strong>Associa\u00e7\u00e3o Nacional dos Ve\u00edculos Automotores (Anfavea)<\/strong>, Igor Carvel, participou do lan\u00e7amento do Programa e tamb\u00e9m elogiou a iniciativa. Segundo ele, a Anfavea apoia o Carro Sustent\u00e1vel, que \u00e9 a continuidade do que j\u00e1 foi publicado\u00a0pelo governo, uma op\u00e7\u00e3o a mais do ponto de vista do IPI para aquilo que realmente importa, carros sustent\u00e1veis, que emitem menos e que tenham etapas fabris no pa\u00eds.\u00a0<\/p>\n<p>\t\t\t\t\t\t\t\t\t<img loading=\"lazy\" decoding=\"async\" src=\"https:\/\/brasil61.com\/api\/v1\/serve_pixel\/17677\/83365\" alt=\"Pixel Brasil 61\" class=\"b61_pixel\" width=\"0\" height=\"0\"><\/p>\n<input type=\"hidden\" id=\"baseurl\" value=\"https:\/\/noticiasdestaque.com.br\"><input type=\"hidden\" id=\"audio_nonce\" value=\"6f73a554f1\">","protected":false},"excerpt":{"rendered":"<p>A iniciativa estabelece IPI zero para ve\u00edculos mais econ\u00f4micos, sustent\u00e1veis e produzidos no Brasil<\/p>\n","protected":false},"author":1,"featured_media":44722,"comment_status":"open","ping_status":"open","sticky":false,"template":"","format":"standard","meta":{"fifu_image_url":"","fifu_image_alt":"","footnotes":""},"categories":[59],"tags":[],"class_list":["post-44721","post","type-post","status-publish","format-standard","has-post-thumbnail","hentry","category-economia"],"distributor_meta":false,"distributor_terms":false,"distributor_media":false,"distributor_original_site_name":"Noticias em Destaque","distributor_original_site_url":"https:\/\/noticiasdestaque.com.br","push-errors":false,"_links":{"self":[{"href":"https:\/\/noticiasdestaque.com.br\/index.php\/wp-json\/wp\/v2\/posts\/44721","targetHints":{"allow":["GET"]}}],"collection":[{"href":"https:\/\/noticiasdestaque.com.br\/index.php\/wp-json\/wp\/v2\/posts"}],"about":[{"href":"https:\/\/noticiasdestaque.com.br\/index.php\/wp-json\/wp\/v2\/types\/post"}],"author":[{"embeddable":true,"href":"https:\/\/noticiasdestaque.com.br\/index.php\/wp-json\/wp\/v2\/users\/1"}],"replies":[{"embeddable":true,"href":"https:\/\/noticiasdestaque.com.br\/index.php\/wp-json\/wp\/v2\/comments?post=44721"}],"version-history":[{"count":0,"href":"https:\/\/noticiasdestaque.com.br\/index.php\/wp-json\/wp\/v2\/posts\/44721\/revisions"}],"wp:featuredmedia":[{"embeddable":true,"href":"https:\/\/noticiasdestaque.com.br\/index.php\/wp-json\/wp\/v2\/media\/44722"}],"wp:attachment":[{"href":"https:\/\/noticiasdestaque.com.br\/index.php\/wp-json\/wp\/v2\/media?parent=44721"}],"wp:term":[{"taxonomy":"category","embeddable":true,"href":"https:\/\/noticiasdestaque.com.br\/index.php\/wp-json\/wp\/v2\/categories?post=44721"},{"taxonomy":"post_tag","embeddable":true,"href":"https:\/\/noticiasdestaque.com.br\/index.php\/wp-json\/wp\/v2\/tags?post=44721"}],"curies":[{"name":"wp","href":"https:\/\/api.w.org\/{rel}","templated":true}]}}