{"id":44715,"date":"2025-07-14T18:15:00","date_gmt":"2025-07-14T21:15:00","guid":{"rendered":"https:\/\/noticiasdestaque.com.br\/index.php\/2025\/07\/14\/tarifaco-de-trump-comite-entre-governo-e-setor-produtivo-e-de-grande-valia-afirma-presidente-da-cni\/"},"modified":"2025-07-14T18:15:00","modified_gmt":"2025-07-14T21:15:00","slug":"tarifaco-de-trump-comite-entre-governo-e-setor-produtivo-e-de-grande-valia-afirma-presidente-da-cni","status":"publish","type":"post","link":"https:\/\/noticiasdestaque.com.br\/index.php\/2025\/07\/14\/tarifaco-de-trump-comite-entre-governo-e-setor-produtivo-e-de-grande-valia-afirma-presidente-da-cni\/","title":{"rendered":"Tarifa\u00e7o de Trump: comit\u00ea entre governo e setor produtivo \u00e9 de &#8220;grande valia&#8221;, afirma presidente da CNI"},"content":{"rendered":"<p>\t\t\t\t\t\t\t\t\t\t<audio controls class=\"b61_audio_player\" data-noticia=\"83367\" src=\"https:\/\/brasil61.com\/rails\/active_storage\/blobs\/eyJfcmFpbHMiOnsibWVzc2FnZSI6IkJBaHBBNFJ4QXc9PSIsImV4cCI6bnVsbCwicHVyIjoiYmxvYl9pZCJ9fQ==--38f3408a1983943f059e350ec555b3f478376883\/PIND254549A\"><\/audio><\/p>\n<p>O <strong>presidente Luiz In\u00e1cio Lula da Silva<\/strong> determinou, no domingo (13), a cria\u00e7\u00e3o de um comit\u00ea interministerial para dialogar com os setores mais afetados pela<strong> sobretaxa de 50%<\/strong> anunciada pelo <strong>presidente dos Estados Unidos (EUA), Donald Trump<\/strong>, aos produtos brasileiros.\u00a0<\/p>\n<p>Segundo informa\u00e7\u00f5es do <strong>Pal\u00e1cio do Planalto<\/strong>, h\u00e1 prioridade na oficializa\u00e7\u00e3o do comit\u00ea, o que deve ocorrer at\u00e9 a pr\u00f3xima quarta-feira (16), quando ser\u00e3o conhecidos os integrantes e a din\u00e2mica do grupo de trabalho.\u00a0<\/p>\n<p>De acordo com o presidente <strong>Lula<\/strong>, a inten\u00e7\u00e3o \u00e9 levantar dados e medir o impacto da a\u00e7\u00e3o de <strong>Trump <\/strong><a href=\"https:\/\/agenciagov.ebc.com.br\/noticias\/202507\/lula-201ctudo-no-brasil-se-resolve-com-dialogo-e-nao-2018na-pressao2019-o-brasil-tem-que-ser-respeitado201d\">entre os exportadores brasileiros<\/a>. A partir disso, o governo ter\u00e1 insumos para tentar negociar com os <strong>EUA<\/strong>.\u00a0<\/p>\n<p>Para o presidente da <strong>Confedera\u00e7\u00e3o Nacional da Ind\u00fastria (CNI)<\/strong>, Ricardo Alban, contemplando o setor produtivo, a forma\u00e7\u00e3o do comit\u00ea \u00e9 de \u201cgrande valia\u201d. \u201cO di\u00e1logo deve ser o caminho priorit\u00e1rio. A <strong>CNI<\/strong>, em parceria com entidades empresariais dos dois pa\u00edses, est\u00e1 pronta para contribuir tecnicamente na busca de uma solu\u00e7\u00e3o negociada que reverta as tarifas e restabele\u00e7a a confian\u00e7a\u201d, <a href=\"https:\/\/noticias.portaldaindustria.com.br\/artigos\/ricardo-alban\/tarifaco-inoportuno-ou-oportunidade-para-fortalecer-relacao-bilateral\/\">afirmou Alban, em artigo publicado no jornal Valor Econ\u00f4mico, no domingo<\/a>.\u00a0<\/p>\n<p>O tarifa\u00e7o, na avalia\u00e7\u00e3o da entidade, n\u00e3o tem fundamentos econ\u00f4micos e caracteriza ruptura de uma rela\u00e7\u00e3o comercial centen\u00e1ria. Assim, o momento requer atenua\u00e7\u00e3o das polariza\u00e7\u00f5es pol\u00edticas e abertura de espa\u00e7o negocial \u201camig\u00e1vel\u201d.\u00a0<\/p>\n<h2><strong>Respaldo econ\u00f4mico<\/strong><\/h2>\n<p>O posicionamento da <strong>CNI <\/strong>se baseia no fato de que, h\u00e1 mais de 15 anos, os<strong> Estados Unidos<\/strong> registram super\u00e1vit constante no interc\u00e2mbio de bens e servi\u00e7os com o <strong>Brasil<\/strong>. Entre 2015 e 2024, o saldo positivo acumulado alcan\u00e7ou US$ 91,6 bilh\u00f5es em mercadorias e US$ 256,9 bilh\u00f5es em servi\u00e7os, segundo dados oficiais norte-americanos.<\/p>\n<p>Al\u00e9m disso, as al\u00edquotas brasileiras s\u00e3o quatro vezes menores \u00e0 al\u00edquota nominal m\u00e9dia de 11,2% registrada na <strong>Organiza\u00e7\u00e3o Mundial do Com\u00e9rcio<\/strong>. Em 2023, a tarifa aplicada pelo pa\u00eds sobre produtos norte-americanos foi de 2,7%.\u00a0<\/p>\n<p>A sobretaxa anunciada pelo governo Trump tamb\u00e9m p\u00f5e fim \u00e0 previsibilidade que sustenta milhares de contratos de longo prazo, com consequ\u00eancias tanto para f\u00e1bricas nacionais, quanto para f\u00e1bricas dos Estados Unidos que dependem de componentes e de insumos brasileiros. No Brasil, o impacto direto envolve cerca de 10 mil empresas.\u00a0<\/p>\n<h2><strong>Impactos na economia e na ind\u00fastria<\/strong><\/h2>\n<p><a href=\"https:\/\/brasil61.com\/n\/tarifa-de-trump-sobre-produtos-do-brasil-pode-afetar-empregos-exportacoes-e-investimentos-pind254544\">A CNI ressalta ainda que, em 2024, para cada R$ 1 bilh\u00e3o exportado para os Estados Unidos, foram gerados 24,3 mil empregos; R$ 531,8 milh\u00f5es em massa salarial e R$ 3,2 bilh\u00f5es em produ\u00e7\u00e3o.<\/a>\u00a0<\/p>\n<p>Ainda de acordo com a confedera\u00e7\u00e3o, os EUA s\u00e3o o principal destino das exporta\u00e7\u00f5es da ind\u00fastria de transforma\u00e7\u00e3o brasileira, setor que alcan\u00e7ou US$ 181,9 bilh\u00f5es em exporta\u00e7\u00f5es, em 2024. O valor representa aumento de 2,7% em rela\u00e7\u00e3o ao ano anterior. O recorde foi motivado pelas exporta\u00e7\u00f5es de bens de consumo n\u00e3o dur\u00e1veis e semidur\u00e1veis, que cresceram 11% em rela\u00e7\u00e3o a 2023.<\/p>\n<p>\t\t\t\t\t\t\t\t\t<img loading=\"lazy\" decoding=\"async\" src=\"https:\/\/brasil61.com\/api\/v1\/serve_pixel\/17677\/83367\" alt=\"Pixel Brasil 61\" class=\"b61_pixel\" width=\"0\" height=\"0\"><\/p>\n<input type=\"hidden\" id=\"baseurl\" value=\"https:\/\/noticiasdestaque.com.br\"><input type=\"hidden\" id=\"audio_nonce\" value=\"6f73a554f1\">","protected":false},"excerpt":{"rendered":"<p>Governo deve oficializar nesta semana a cria\u00e7\u00e3o do grupo para avaliar e negociar impactos com Washington<\/p>\n","protected":false},"author":1,"featured_media":44716,"comment_status":"open","ping_status":"open","sticky":false,"template":"","format":"standard","meta":{"fifu_image_url":"","fifu_image_alt":"","footnotes":""},"categories":[59],"tags":[],"class_list":["post-44715","post","type-post","status-publish","format-standard","has-post-thumbnail","hentry","category-economia"],"distributor_meta":false,"distributor_terms":false,"distributor_media":false,"distributor_original_site_name":"Noticias em Destaque","distributor_original_site_url":"https:\/\/noticiasdestaque.com.br","push-errors":false,"_links":{"self":[{"href":"https:\/\/noticiasdestaque.com.br\/index.php\/wp-json\/wp\/v2\/posts\/44715","targetHints":{"allow":["GET"]}}],"collection":[{"href":"https:\/\/noticiasdestaque.com.br\/index.php\/wp-json\/wp\/v2\/posts"}],"about":[{"href":"https:\/\/noticiasdestaque.com.br\/index.php\/wp-json\/wp\/v2\/types\/post"}],"author":[{"embeddable":true,"href":"https:\/\/noticiasdestaque.com.br\/index.php\/wp-json\/wp\/v2\/users\/1"}],"replies":[{"embeddable":true,"href":"https:\/\/noticiasdestaque.com.br\/index.php\/wp-json\/wp\/v2\/comments?post=44715"}],"version-history":[{"count":0,"href":"https:\/\/noticiasdestaque.com.br\/index.php\/wp-json\/wp\/v2\/posts\/44715\/revisions"}],"wp:featuredmedia":[{"embeddable":true,"href":"https:\/\/noticiasdestaque.com.br\/index.php\/wp-json\/wp\/v2\/media\/44716"}],"wp:attachment":[{"href":"https:\/\/noticiasdestaque.com.br\/index.php\/wp-json\/wp\/v2\/media?parent=44715"}],"wp:term":[{"taxonomy":"category","embeddable":true,"href":"https:\/\/noticiasdestaque.com.br\/index.php\/wp-json\/wp\/v2\/categories?post=44715"},{"taxonomy":"post_tag","embeddable":true,"href":"https:\/\/noticiasdestaque.com.br\/index.php\/wp-json\/wp\/v2\/tags?post=44715"}],"curies":[{"name":"wp","href":"https:\/\/api.w.org\/{rel}","templated":true}]}}