{"id":44713,"date":"2025-07-14T00:00:00","date_gmt":"2025-07-14T03:00:00","guid":{"rendered":"https:\/\/noticiasdestaque.com.br\/index.php\/2025\/07\/14\/congresso-pauta-votacoes-sobre-incentivos-fiscais-taxacao-americana-e-licenciamento-ambiental\/"},"modified":"2025-07-14T00:00:00","modified_gmt":"2025-07-14T03:00:00","slug":"congresso-pauta-votacoes-sobre-incentivos-fiscais-taxacao-americana-e-licenciamento-ambiental","status":"publish","type":"post","link":"https:\/\/noticiasdestaque.com.br\/index.php\/2025\/07\/14\/congresso-pauta-votacoes-sobre-incentivos-fiscais-taxacao-americana-e-licenciamento-ambiental\/","title":{"rendered":"Congresso pauta vota\u00e7\u00f5es sobre incentivos fiscais, taxa\u00e7\u00e3o americana e licenciamento ambiental"},"content":{"rendered":"<p>\t\t\t\t\t\t\t\t\t\t<audio controls class=\"b61_audio_player\" data-noticia=\"83321\" src=\"https:\/\/brasil61.com\/rails\/active_storage\/blobs\/eyJfcmFpbHMiOnsibWVzc2FnZSI6IkJBaHBBelJ4QXc9PSIsImV4cCI6bnVsbCwicHVyIjoiYmxvYl9pZCJ9fQ==--8d99c07bdd2387b6e8ed743cb8de5c9cc9458840\/BRAS2514295A\"><\/audio><\/p>\n<p>Na \u00faltima semana antes do recesso parlamentar, a C\u00e2mara dos Deputados se prepara para votar projetos decisivos para a pol\u00edtica econ\u00f4mica e ambiental do pa\u00eds. Um dos principais destaques \u00e9 o projeto que endurece regras para concess\u00e3o e renova\u00e7\u00e3o de incentivos fiscais. A proposta, relatada pelo deputado Aguinaldo Ribeiro (PP-PB), prev\u00ea limite de cinco anos para os benef\u00edcios, com exig\u00eancia de metas e avalia\u00e7\u00f5es peri\u00f3dicas. A medida tem o apoio do governo como forma de compensar perdas com a queda do IOF.<\/p>\n<p>Outro tema que deve mobilizar o Congresso \u00e9 a rea\u00e7\u00e3o ao aumento de tarifas sobre produtos brasileiros imposto pelo presidente dos EUA, Donald Trump. Parlamentares da base governista pressionam pela aplica\u00e7\u00e3o da Lei de Reciprocidade Econ\u00f4mica, sancionada em abril, que autoriza o Brasil a adotar contramedidas diante de a\u00e7\u00f5es unilaterais de outros pa\u00edses. Os presidentes da C\u00e2mara e do Senado j\u00e1 se pronunciaram, afirmando que est\u00e3o prontos para \u201cagir com equil\u00edbrio e firmeza\u201d em defesa do setor produtivo nacional.<\/p>\n<p>Tamb\u00e9m deve entrar em pauta nesta semana o projeto que reformula as regras de licenciamento ambiental, aprovado pelo Senado em maio. O texto, que volta \u00e0 C\u00e2mara, flexibiliza exig\u00eancias para novos empreendimentos e enfrenta forte resist\u00eancia de ambientalistas e da ministra Marina Silva. J\u00e1 o setor produtivo, especialmente o agroneg\u00f3cio, defende a proposta como essencial para destravar investimentos.<\/p>\n<p>Outro ponto em debate ser\u00e1 o futuro do decreto presidencial que ampliou a cobran\u00e7a do IOF. Lideran\u00e7as do centr\u00e3o propuseram ao governo restringir o aumento \u00e0s opera\u00e7\u00f5es que j\u00e1 t\u00eam cobran\u00e7a do imposto, como alternativa para encerrar o impasse. A ideia ser\u00e1 apresentada na audi\u00eancia de concilia\u00e7\u00e3o marcada para o dia 15 no STF. Se aceita, a medida excluiria da nova taxa\u00e7\u00e3o os empr\u00e9stimos externos de curto prazo e os planos de previd\u00eancia VGBL \u2014 que, segundo o decreto, passariam a ser taxados em at\u00e9 3,5% e 5%, respectivamente.<br \/>\n\u00a0<\/p>\n<p>\t\t\t\t\t\t\t\t\t<img loading=\"lazy\" decoding=\"async\" src=\"https:\/\/brasil61.com\/api\/v1\/serve_pixel\/17677\/83321\" alt=\"Pixel Brasil 61\" class=\"b61_pixel\" width=\"0\" height=\"0\"><\/p>\n<input type=\"hidden\" id=\"baseurl\" value=\"https:\/\/noticiasdestaque.com.br\"><input type=\"hidden\" id=\"audio_nonce\" value=\"6f73a554f1\">","protected":false},"excerpt":{"rendered":"<p>Semana ser\u00e1 marcada por esfor\u00e7o concentrado antes do recesso; parlamentares pressionam por reciprocidade diante de tarifa\u00e7o de Trump<\/p>\n","protected":false},"author":1,"featured_media":44714,"comment_status":"open","ping_status":"open","sticky":false,"template":"","format":"standard","meta":{"fifu_image_url":"","fifu_image_alt":"","footnotes":""},"categories":[50],"tags":[],"class_list":["post-44713","post","type-post","status-publish","format-standard","has-post-thumbnail","hentry","category-politica"],"distributor_meta":false,"distributor_terms":false,"distributor_media":false,"distributor_original_site_name":"Noticias em Destaque","distributor_original_site_url":"https:\/\/noticiasdestaque.com.br","push-errors":false,"_links":{"self":[{"href":"https:\/\/noticiasdestaque.com.br\/index.php\/wp-json\/wp\/v2\/posts\/44713","targetHints":{"allow":["GET"]}}],"collection":[{"href":"https:\/\/noticiasdestaque.com.br\/index.php\/wp-json\/wp\/v2\/posts"}],"about":[{"href":"https:\/\/noticiasdestaque.com.br\/index.php\/wp-json\/wp\/v2\/types\/post"}],"author":[{"embeddable":true,"href":"https:\/\/noticiasdestaque.com.br\/index.php\/wp-json\/wp\/v2\/users\/1"}],"replies":[{"embeddable":true,"href":"https:\/\/noticiasdestaque.com.br\/index.php\/wp-json\/wp\/v2\/comments?post=44713"}],"version-history":[{"count":0,"href":"https:\/\/noticiasdestaque.com.br\/index.php\/wp-json\/wp\/v2\/posts\/44713\/revisions"}],"wp:featuredmedia":[{"embeddable":true,"href":"https:\/\/noticiasdestaque.com.br\/index.php\/wp-json\/wp\/v2\/media\/44714"}],"wp:attachment":[{"href":"https:\/\/noticiasdestaque.com.br\/index.php\/wp-json\/wp\/v2\/media?parent=44713"}],"wp:term":[{"taxonomy":"category","embeddable":true,"href":"https:\/\/noticiasdestaque.com.br\/index.php\/wp-json\/wp\/v2\/categories?post=44713"},{"taxonomy":"post_tag","embeddable":true,"href":"https:\/\/noticiasdestaque.com.br\/index.php\/wp-json\/wp\/v2\/tags?post=44713"}],"curies":[{"name":"wp","href":"https:\/\/api.w.org\/{rel}","templated":true}]}}