{"id":44695,"date":"2025-07-11T16:00:00","date_gmt":"2025-07-11T19:00:00","guid":{"rendered":"https:\/\/noticiasdestaque.com.br\/index.php\/2025\/07\/11\/indice-de-expectativas-do-setor-industrial-volta-a-cair-informa-cni\/"},"modified":"2025-07-11T16:00:00","modified_gmt":"2025-07-11T19:00:00","slug":"indice-de-expectativas-do-setor-industrial-volta-a-cair-informa-cni","status":"publish","type":"post","link":"https:\/\/noticiasdestaque.com.br\/index.php\/2025\/07\/11\/indice-de-expectativas-do-setor-industrial-volta-a-cair-informa-cni\/","title":{"rendered":"\u00cdndice de expectativas do setor industrial volta a cair, informa CNI"},"content":{"rendered":"<p>\t\t\t\t\t\t\t\t\t\t<audio controls class=\"b61_audio_player\" data-noticia=\"83330\" src=\"https:\/\/brasil61.com\/rails\/active_storage\/blobs\/eyJfcmFpbHMiOnsibWVzc2FnZSI6IkJBaHBBd1Z4QXc9PSIsImV4cCI6bnVsbCwicHVyIjoiYmxvYl9pZCJ9fQ==--14aff0f770cd293c9a7f28e866d76ac1dbb489bc\/PIND254545A\"><\/audio><\/p>\n<p>O<strong> \u00cdndice de Expectativas do setor industrial<\/strong> teve nova queda no m\u00eas de julho: com baixa de 1,2 ponto, chegou a 49,7 pontos. O indicador passou todo o 1\u00ba semestre de 2025 no campo negativo. Os dados fazem parte do <strong>\u00cdndice de Confian\u00e7a do Empres\u00e1rio Industrial<\/strong>, o <strong>ICEI<\/strong>, divulgado pela Confedera\u00e7\u00e3o Nacional da Ind\u00fastria (CNI) nesta sexta-feira (11).<\/p>\n<p>Segundo a <strong>CNI<\/strong>, ao ficar abaixo dos 50 pontos, o \u00edndice revela que as perspectivas dos industriais s\u00e3o negativas at\u00e9 o final de 2025. Tanto para a economia, quanto para os pr\u00f3prios neg\u00f3cios. A \u00faltima vez que o indicador ficou abaixo dos 50 pontos foi em janeiro de 2023, quando marcou 48,8 pontos.\u00a0<\/p>\n<h2>\u00cdndice de Confian\u00e7a do Empres\u00e1rio Industrial<\/h2>\n<p>Neste m\u00eas de julho, o ICEI caiu 1,3 ponto, de 48,6 pontos para 47,3 pontos, chegando ao s\u00e9timo m\u00eas consecutivo de falta de confian\u00e7a. \u00c9 a segunda pior sequ\u00eancia negativa da hist\u00f3ria do indicador, atr\u00e1s, somente, dos resultados observados na recess\u00e3o econ\u00f4mica de 2015 e 2016.\u00a0<\/p>\n<p>Entre os fatores que explicam a queda de confian\u00e7a do empres\u00e1rio industrial, Larissa Nocko, especialista em Pol\u00edticas e Ind\u00fastria da CNI, destaca as taxas de juros ainda elevadas \u2013 que contribu\u00edram para a retra\u00e7\u00e3o da atividade industrial no primeiro trimestre, com crescimento de apenas 0,1% no PIB do setor \u2013 al\u00e9m de duas quedas consecutivas na produ\u00e7\u00e3o industrial, conforme dados do IBGE.<\/p>\n<p>Larissa Nocko tamb\u00e9m aponta o aumento do n\u00edvel de estoques na ind\u00fastria,\u00a0em um cen\u00e1rio de estabiliza\u00e7\u00e3o dos indicadores relacionados \u00e0 demanda por bens industriais, como outro fator que contribuiu para a queda do \u00edndice em julho. &#8220;Isso confirma tamb\u00e9m esse cen\u00e1rio de redu\u00e7\u00e3o do ritmo de crescimento da atividade econ\u00f4mica, em particular da atividade industrial\u201d, afirma a especialista.<\/p>\n<p style=\"text-align: center\"><img decoding=\"async\" style=\"width:100%\" alt=\"\" src=\"\" \/><img decoding=\"async\" style=\"width:100%\" alt=\"\" src=\"https:\/\/noticiasdestaque.com.br\/wp-content\/uploads\/2025\/07\/ndicedeexpectativasdosetorindustrialvoltaacairinformaCNI_0763424001752260518.png\" \/><\/p>\n<h2>Mais sobre o ICEI<\/h2>\n<p>O \u00cdndice de Confian\u00e7a do Empres\u00e1rio Industrial (ICEI) \u00e9 uma pesquisa mensal da CNI que mede a confian\u00e7a dos empres\u00e1rios da ind\u00fastria. Para esta edi\u00e7\u00e3o, foram consultadas 1,2 mil empresas, sendo 482 de pequeno porte; 442 de m\u00e9dio porte; e 285 de grande porte, entre os dias 1 e 7 de julho de 2025.<\/p>\n<p>\n\u00a0<\/p>\n<p>\t\t\t\t\t\t\t\t\t<img loading=\"lazy\" decoding=\"async\" src=\"https:\/\/brasil61.com\/api\/v1\/serve_pixel\/17677\/83330\" alt=\"Pixel Brasil 61\" class=\"b61_pixel\" width=\"0\" height=\"0\"><\/p>\n<input type=\"hidden\" id=\"baseurl\" value=\"https:\/\/noticiasdestaque.com.br\"><input type=\"hidden\" id=\"audio_nonce\" value=\"6f73a554f1\">","protected":false},"excerpt":{"rendered":"<p>Alta dos juros e estoques elevados impactam na confian\u00e7a das empresas em julho<\/p>\n","protected":false},"author":1,"featured_media":44696,"comment_status":"open","ping_status":"open","sticky":false,"template":"","format":"standard","meta":{"fifu_image_url":"","fifu_image_alt":"","footnotes":""},"categories":[59],"tags":[],"class_list":["post-44695","post","type-post","status-publish","format-standard","has-post-thumbnail","hentry","category-economia"],"distributor_meta":false,"distributor_terms":false,"distributor_media":false,"distributor_original_site_name":"Noticias em Destaque","distributor_original_site_url":"https:\/\/noticiasdestaque.com.br","push-errors":false,"_links":{"self":[{"href":"https:\/\/noticiasdestaque.com.br\/index.php\/wp-json\/wp\/v2\/posts\/44695","targetHints":{"allow":["GET"]}}],"collection":[{"href":"https:\/\/noticiasdestaque.com.br\/index.php\/wp-json\/wp\/v2\/posts"}],"about":[{"href":"https:\/\/noticiasdestaque.com.br\/index.php\/wp-json\/wp\/v2\/types\/post"}],"author":[{"embeddable":true,"href":"https:\/\/noticiasdestaque.com.br\/index.php\/wp-json\/wp\/v2\/users\/1"}],"replies":[{"embeddable":true,"href":"https:\/\/noticiasdestaque.com.br\/index.php\/wp-json\/wp\/v2\/comments?post=44695"}],"version-history":[{"count":0,"href":"https:\/\/noticiasdestaque.com.br\/index.php\/wp-json\/wp\/v2\/posts\/44695\/revisions"}],"wp:featuredmedia":[{"embeddable":true,"href":"https:\/\/noticiasdestaque.com.br\/index.php\/wp-json\/wp\/v2\/media\/44696"}],"wp:attachment":[{"href":"https:\/\/noticiasdestaque.com.br\/index.php\/wp-json\/wp\/v2\/media?parent=44695"}],"wp:term":[{"taxonomy":"category","embeddable":true,"href":"https:\/\/noticiasdestaque.com.br\/index.php\/wp-json\/wp\/v2\/categories?post=44695"},{"taxonomy":"post_tag","embeddable":true,"href":"https:\/\/noticiasdestaque.com.br\/index.php\/wp-json\/wp\/v2\/tags?post=44695"}],"curies":[{"name":"wp","href":"https:\/\/api.w.org\/{rel}","templated":true}]}}