{"id":44681,"date":"2025-07-10T04:00:00","date_gmt":"2025-07-10T07:00:00","guid":{"rendered":"https:\/\/noticiasdestaque.com.br\/index.php\/2025\/07\/10\/gasto-brasil-amplia-funcionalidades-e-expoe-peso-da-previdencia-nas-contas-publicas\/"},"modified":"2025-07-10T04:00:00","modified_gmt":"2025-07-10T07:00:00","slug":"gasto-brasil-amplia-funcionalidades-e-expoe-peso-da-previdencia-nas-contas-publicas","status":"publish","type":"post","link":"https:\/\/noticiasdestaque.com.br\/index.php\/2025\/07\/10\/gasto-brasil-amplia-funcionalidades-e-expoe-peso-da-previdencia-nas-contas-publicas\/","title":{"rendered":"Gasto Brasil amplia funcionalidades e exp\u00f5e peso da Previd\u00eancia nas contas p\u00fablicas"},"content":{"rendered":"<p>\t\t\t\t\t\t\t\t\t\t<audio controls class=\"b61_audio_player\" data-noticia=\"83294\" src=\"https:\/\/brasil61.com\/rails\/active_storage\/blobs\/eyJfcmFpbHMiOnsibWVzc2FnZSI6IkJBaHBBNVZ2QXc9PSIsImV4cCI6bnVsbCwicHVyIjoiYmxvYl9pZCJ9fQ==--a18ba3aef17d81201c98123c7a832b687a00fec0\/CACB250035A\"><\/audio><\/p>\n<p>A plataforma <a href=\"https:\/\/gastobrasil.com.br\/\">Gasto Brasil<\/a>, criada pela <a href=\"https:\/\/cacb.org.br\/\">Confedera\u00e7\u00e3o das Associa\u00e7\u00f5es Comerciais e Empresariais do Brasil <\/a>(CACB) em parceria com a Associa\u00e7\u00e3o Comercial de S\u00e3o Paulo (ACSP), passou a contar com novas funcionalidades que ampliam o detalhamento dos gastos p\u00fablicos no pa\u00eds. Entre as novidades, est\u00e3o o acesso separado aos valores pagos pelo governo em Previd\u00eancia \u2014 que j\u00e1 somam <strong>R$ 760 bilh\u00f5es <\/strong>neste ano \u2014 e a possibilidade de consultar os gastos com pessoal por Poder, com dados divididos entre Executivo, Judici\u00e1rio, Legislativo, Minist\u00e9rio P\u00fablico e Defensoria P\u00fablica.<\/p>\n<p>Lan\u00e7ada em abril, a ferramenta permite acompanhar, em tempo real, o uso de recursos p\u00fablicos pela Uni\u00e3o, estados e munic\u00edpios, com base em dados do Tesouro Nacional. Segundo o consultor da CACB e criador da plataforma, Claudio Queiroz, a evolu\u00e7\u00e3o da ferramenta tem o objetivo de ampliar o controle social sobre os gastos e incentivar o debate p\u00fablico com base em n\u00fameros consolidados.<\/p>\n<p>\u201cSe voc\u00ea considerar que o gasto da previd\u00eancia hoje, com rela\u00e7\u00e3o ao gasto prim\u00e1rio, representa mais de 40%. Aposentadorias, benef\u00edcios para o setor p\u00fablico e privado, o gasto chega a R$ 760 bilh\u00f5es\u201d, explica Queiroz.\u00a0<\/p>\n<h2>Mais clareza sobre a estrutura dos gastos<\/h2>\n<p>Segundo Queiroz, a nova organiza\u00e7\u00e3o da plataforma tamb\u00e9m permite ao cidad\u00e3o diferenciar melhor o que \u00e9 obrigat\u00f3rio no or\u00e7amento p\u00fablico e quais s\u00e3o os componentes que mais pressionam as contas do governo. \u201cVoc\u00ea entende que essa [Previd\u00eancia] \u00e9 uma das maiores contas e que n\u00f3s temos que estar administrando, porque ela est\u00e1 impulsionando a m\u00e1 administra\u00e7\u00e3o do governo\u201d.<\/p>\n<p>A partir da pr\u00f3xima semana, o Gasto Brasil tamb\u00e9m passar\u00e1 a permitir a pesquisa de gastos p\u00fablicos por poderes, com a divis\u00e3o entre Executivo, Judici\u00e1rio, Legislativo, Minist\u00e9rio P\u00fablico e Defensoria P\u00fablica. \u201cO quanto os poderes gastam de m\u00e3o de obra, divididos entre Executivo, Judici\u00e1rio, Legislativo, Minist\u00e9rio P\u00fablico e Defensoria P\u00fablica\u201d, detalha o consultor.<\/p>\n<p>Segundo ele, a nova aba da plataforma, chamada \u201cPoderes\u201d, mostrar\u00e1 a apresenta\u00e7\u00e3o dos gastos com pessoal e encargos, separados por esfera: governo federal, estados e munic\u00edpios. \u201cCada dia, n\u00f3s estamos evoluindo pra mostrar que o governo gasta mal. Investe pouco e gasta mal. Se voc\u00ea colocar que s\u00f3 o gasto de m\u00e3o de obra dos poderes s\u00e3o R$ 750 bilh\u00f5es at\u00e9 hoje e o valor que est\u00e1 sendo gasto com a previd\u00eancia \u00e9 de R$ 760 bilh\u00f5es.\u201d<\/p>\n<h2>Comparativos para estimular o controle social<\/h2>\n<p>A proposta da plataforma \u00e9 estimular o controle externo do gasto p\u00fablico por meio da informa\u00e7\u00e3o acess\u00edvel e visual. Para a CACB, a <strong>transpar\u00eancia <\/strong>or\u00e7ament\u00e1ria \u00e9 essencial para que a sociedade possa cobrar melhorias na gest\u00e3o p\u00fablica e avaliar com mais clareza o destino dos impostos pagos.<\/p>\n<p>Na vis\u00e3o de Queiroz, o principal desafio do Estado brasileiro est\u00e1 na falta de a\u00e7\u00e3o concreta para conter despesas. \u201cEu, como cidad\u00e3o, cada dia mais vejo que \u00e9 um or\u00e7amento curto. Um or\u00e7amento eu tenho que sempre tentar equilibrar. O governo tem uma dificuldade de equilibrar o or\u00e7amento, por isso que ele paga juros e amortiza\u00e7\u00e3o altos para poder pagar sua d\u00edvida. Mas ele n\u00e3o est\u00e1 fazendo uma a\u00e7\u00e3o de gest\u00e3o de despesas. Ent\u00e3o, cada dia mais, estamos mostrando que a m\u00e1quina est\u00e1 inchada. N\u00f3s temos que desinchar isso e colocar dinheiro onde vai trazer certos retornos.\u201d<\/p>\n<p>A plataforma tamb\u00e9m acompanha o avan\u00e7o das despesas obrigat\u00f3rias, como sa\u00fade e programas sociais, e sugere que a dificuldade de cortar gastos tem levado o governo a buscar solu\u00e7\u00f5es mais f\u00e1ceis do ponto de vista pol\u00edtico, como o aumento de tributos. \u201cEnt\u00e3o eu vou conseguir come\u00e7ar a visualizar a evolu\u00e7\u00e3o desse buraco, porque esse buraco s\u00f3 cresce. Se no pr\u00f3ximo governo n\u00f3s n\u00e3o conseguirmos fazer uma minirreforma previdenci\u00e1ria de novo \u2014 porque n\u00f3s j\u00e1 fizemos ano passado uma pequena \u2014 o governo est\u00e1 suscet\u00edvel a quebrar.\u201d<\/p>\n<p>\n\u00a0<\/p>\n<p>\t\t\t\t\t\t\t\t\t<img loading=\"lazy\" decoding=\"async\" src=\"https:\/\/brasil61.com\/api\/v1\/serve_pixel\/17677\/83294\" alt=\"Pixel Brasil 61\" class=\"b61_pixel\" width=\"0\" height=\"0\"><\/p>\n<input type=\"hidden\" id=\"baseurl\" value=\"https:\/\/noticiasdestaque.com.br\"><input type=\"hidden\" id=\"audio_nonce\" value=\"6f73a554f1\">","protected":false},"excerpt":{"rendered":"<p>Plataforma da CACB passa a detalhar gastos por poderes e destaca despesas com regimes previdenci\u00e1rios \u2014 que j\u00e1 somam R$ 760 bilh\u00f5es em 2025<\/p>\n","protected":false},"author":1,"featured_media":44682,"comment_status":"open","ping_status":"open","sticky":false,"template":"","format":"standard","meta":{"fifu_image_url":"","fifu_image_alt":"","footnotes":""},"categories":[59],"tags":[],"class_list":["post-44681","post","type-post","status-publish","format-standard","has-post-thumbnail","hentry","category-economia"],"distributor_meta":false,"distributor_terms":false,"distributor_media":false,"distributor_original_site_name":"Noticias em Destaque","distributor_original_site_url":"https:\/\/noticiasdestaque.com.br","push-errors":false,"_links":{"self":[{"href":"https:\/\/noticiasdestaque.com.br\/index.php\/wp-json\/wp\/v2\/posts\/44681","targetHints":{"allow":["GET"]}}],"collection":[{"href":"https:\/\/noticiasdestaque.com.br\/index.php\/wp-json\/wp\/v2\/posts"}],"about":[{"href":"https:\/\/noticiasdestaque.com.br\/index.php\/wp-json\/wp\/v2\/types\/post"}],"author":[{"embeddable":true,"href":"https:\/\/noticiasdestaque.com.br\/index.php\/wp-json\/wp\/v2\/users\/1"}],"replies":[{"embeddable":true,"href":"https:\/\/noticiasdestaque.com.br\/index.php\/wp-json\/wp\/v2\/comments?post=44681"}],"version-history":[{"count":0,"href":"https:\/\/noticiasdestaque.com.br\/index.php\/wp-json\/wp\/v2\/posts\/44681\/revisions"}],"wp:featuredmedia":[{"embeddable":true,"href":"https:\/\/noticiasdestaque.com.br\/index.php\/wp-json\/wp\/v2\/media\/44682"}],"wp:attachment":[{"href":"https:\/\/noticiasdestaque.com.br\/index.php\/wp-json\/wp\/v2\/media?parent=44681"}],"wp:term":[{"taxonomy":"category","embeddable":true,"href":"https:\/\/noticiasdestaque.com.br\/index.php\/wp-json\/wp\/v2\/categories?post=44681"},{"taxonomy":"post_tag","embeddable":true,"href":"https:\/\/noticiasdestaque.com.br\/index.php\/wp-json\/wp\/v2\/tags?post=44681"}],"curies":[{"name":"wp","href":"https:\/\/api.w.org\/{rel}","templated":true}]}}