{"id":44675,"date":"2025-07-09T23:00:00","date_gmt":"2025-07-10T02:00:00","guid":{"rendered":"https:\/\/noticiasdestaque.com.br\/index.php\/2025\/07\/09\/ibovespa-hoje-cai-131-e-fecha-acima-dos-137-mil-pontos\/"},"modified":"2025-07-09T23:00:00","modified_gmt":"2025-07-10T02:00:00","slug":"ibovespa-hoje-cai-131-e-fecha-acima-dos-137-mil-pontos","status":"publish","type":"post","link":"https:\/\/noticiasdestaque.com.br\/index.php\/2025\/07\/09\/ibovespa-hoje-cai-131-e-fecha-acima-dos-137-mil-pontos\/","title":{"rendered":"Ibovespa hoje cai 1,31% e fecha acima dos 137 mil pontos"},"content":{"rendered":"<p>\t\t\t\t\t\t\t\t\t\t<audio controls class=\"b61_audio_player\" data-noticia=\"83285\" src=\"https:\/\/brasil61.com\/rails\/active_storage\/blobs\/eyJfcmFpbHMiOnsibWVzc2FnZSI6IkJBaHBBN0p2QXc9PSIsImV4cCI6bnVsbCwicHVyIjoiYmxvYl9pZCJ9fQ==--453b06296e12944ef0605e30b50598d3dfc3dadd\/BRAS2514282A\"><\/audio><\/p>\n<p>O <strong>Ibovespa<\/strong>, principal \u00edndice da <strong>bolsa de valores brasileira (B3)<\/strong>, fechou a \u00faltima sess\u00e3o mais uma vez em alta. A baixa foi de 1,31% atingindo <strong>137.480 pontos<\/strong>.<\/p>\n<\/p>\n<p style=\"text-align: justify\">O dia terminou em baixa pela terceira sess\u00e3o seguida, devido ao an\u00fancio de tarifas comerciais de 50% para produtos brasileiros feito pelo presidente americano, Donald Trump.\u00a0<\/p>\n<p style=\"text-align: justify\">Gustavo Assis, CEO da Asset Bank, destacou ao Infomoney que a fala do presidente dos Estados Unidos, Donald Trump, sobre poss\u00edveis tarifas para pa\u00edses do Brics aumenta o risco percebido sobre o Brasil, que j\u00e1 enfrenta juros elevados, fragilidade fiscal e inseguran\u00e7a jur\u00eddica.\u00a0<br \/>\n\u00a0<\/p>\n<h2>Maiores altas e quedas do Ibovespa<\/h2>\n<p>Confira as<strong> a\u00e7\u00f5es com melhor e pior desempenho<\/strong> no preg\u00e3o desta quarta-feira:<\/p>\n<p><strong>A\u00e7\u00f5es em alta no Ibovespa<\/strong><\/p>\n<\/p>\n<ul>\n<li style=\"text-align: justify\"><strong>AZEVEDO ON (AZV3):<\/strong> +11,32%<\/li>\n<li style=\"text-align: justify\"><strong>FER HERINGERON NM (FHER3):<\/strong> +9,39%<\/li>\n<\/ul>\n<p><strong>A\u00e7\u00f5es em queda no Ibovespa<\/strong><\/p>\n<\/p>\n<ul>\n<li style=\"text-align: justify\"><strong>DOTZ SA ON NM (DOTZ3):<\/strong> -7,68%<\/li>\n<li style=\"text-align: justify\"><strong>GENERALSHOPPON (GSHP3):<\/strong> -7,23%<\/li>\n<\/ul>\n<p>Os dados da bolsa podem ser consultados no <strong><a href=\"https:\/\/www.b3.com.br\/pt_br\/market-data-e-indices\/servicos-de-dados\/market-data\/cotacoes\/\" target=\"_blank\">site da B3<\/a><\/strong>. \u00a0<\/p>\n<\/p>\n<h2 dir=\"ltr\">Volume negociado na B3 hoje<br \/>\n<span style=\"font-size:12px\">O <strong>volume financeiro total negociado na B3<\/strong> nesta sess\u00e3o foi de <strong>R$ 22,9 bilh\u00f5es<\/strong>, distribu\u00eddos Para mais informa\u00e7\u00f5es, acesse o <a href=\"https:\/\/www.b3.com.br\" target=\"_blank\">site oficial da B3<\/a>.<\/span><\/h2>\n<h2>O que \u00e9 o Ibovespa e como ele funciona?<\/h2>\n<p>O<strong> Ibovespa (\u00cdndice Bovespa) \u00e9 o principal indicador do mercado acion\u00e1rio brasileiro<\/strong>. Calculado pela B3, ele reflete a m\u00e9dia do desempenho das a\u00e7\u00f5es mais negociadas na bolsa, com base em crit\u00e9rios de volume e liquidez. O \u00edndice \u00e9 composto por uma carteira te\u00f3rica de ativos, que representa cerca de 80% do volume financeiro total negociado no mercado.<\/p>\n<h2>O que \u00e9 a B3, a bolsa de valores do Brasil?<\/h2>\n<p>A<strong> B3 (Brasil, Bolsa, Balc\u00e3o) \u00e9 a bolsa de valores oficial do Brasil, sediada em S\u00e3o Paulo<\/strong>. \u00c9 respons\u00e1vel pela negocia\u00e7\u00e3o de a\u00e7\u00f5es, derivativos, t\u00edtulos p\u00fablicos e privados, c\u00e2mbio e outros ativos financeiros. A B3 est\u00e1 entre as maiores bolsas do mundo em infraestrutura e valor de mercado. \u00a0<\/p>\n<p>\t\t\t\t\t\t\t\t\t<img loading=\"lazy\" decoding=\"async\" src=\"https:\/\/brasil61.com\/api\/v1\/serve_pixel\/17677\/83285\" alt=\"Pixel Brasil 61\" class=\"b61_pixel\" width=\"0\" height=\"0\"><\/p>\n<input type=\"hidden\" id=\"baseurl\" value=\"https:\/\/noticiasdestaque.com.br\"><input type=\"hidden\" id=\"audio_nonce\" value=\"6f73a554f1\">","protected":false},"excerpt":{"rendered":"<p>Donald Trump anuncia tarifa de 50% para produtos brasileiros.<\/p>\n","protected":false},"author":1,"featured_media":44676,"comment_status":"open","ping_status":"open","sticky":false,"template":"","format":"standard","meta":{"fifu_image_url":"","fifu_image_alt":"","footnotes":""},"categories":[59],"tags":[],"class_list":["post-44675","post","type-post","status-publish","format-standard","has-post-thumbnail","hentry","category-economia"],"distributor_meta":false,"distributor_terms":false,"distributor_media":false,"distributor_original_site_name":"Noticias em Destaque","distributor_original_site_url":"https:\/\/noticiasdestaque.com.br","push-errors":false,"_links":{"self":[{"href":"https:\/\/noticiasdestaque.com.br\/index.php\/wp-json\/wp\/v2\/posts\/44675","targetHints":{"allow":["GET"]}}],"collection":[{"href":"https:\/\/noticiasdestaque.com.br\/index.php\/wp-json\/wp\/v2\/posts"}],"about":[{"href":"https:\/\/noticiasdestaque.com.br\/index.php\/wp-json\/wp\/v2\/types\/post"}],"author":[{"embeddable":true,"href":"https:\/\/noticiasdestaque.com.br\/index.php\/wp-json\/wp\/v2\/users\/1"}],"replies":[{"embeddable":true,"href":"https:\/\/noticiasdestaque.com.br\/index.php\/wp-json\/wp\/v2\/comments?post=44675"}],"version-history":[{"count":0,"href":"https:\/\/noticiasdestaque.com.br\/index.php\/wp-json\/wp\/v2\/posts\/44675\/revisions"}],"wp:featuredmedia":[{"embeddable":true,"href":"https:\/\/noticiasdestaque.com.br\/index.php\/wp-json\/wp\/v2\/media\/44676"}],"wp:attachment":[{"href":"https:\/\/noticiasdestaque.com.br\/index.php\/wp-json\/wp\/v2\/media?parent=44675"}],"wp:term":[{"taxonomy":"category","embeddable":true,"href":"https:\/\/noticiasdestaque.com.br\/index.php\/wp-json\/wp\/v2\/categories?post=44675"},{"taxonomy":"post_tag","embeddable":true,"href":"https:\/\/noticiasdestaque.com.br\/index.php\/wp-json\/wp\/v2\/tags?post=44675"}],"curies":[{"name":"wp","href":"https:\/\/api.w.org\/{rel}","templated":true}]}}