{"id":44671,"date":"2025-07-08T03:00:00","date_gmt":"2025-07-08T06:00:00","guid":{"rendered":"https:\/\/noticiasdestaque.com.br\/index.php\/2025\/07\/08\/mato-grosso-mobilizacao-pretende-vacinar-14-milhao-de-pessoas-contra-a-gripe-no-estado\/"},"modified":"2025-07-08T03:00:00","modified_gmt":"2025-07-08T06:00:00","slug":"mato-grosso-mobilizacao-pretende-vacinar-14-milhao-de-pessoas-contra-a-gripe-no-estado","status":"publish","type":"post","link":"https:\/\/noticiasdestaque.com.br\/index.php\/2025\/07\/08\/mato-grosso-mobilizacao-pretende-vacinar-14-milhao-de-pessoas-contra-a-gripe-no-estado\/","title":{"rendered":"MATO GROSSO: Mobiliza\u00e7\u00e3o pretende vacinar 1,4 milh\u00e3o de pessoas contra a gripe no estado"},"content":{"rendered":"<p>\t\t\t\t\t\t\t\t\t\t<audio controls class=\"b61_audio_player\" data-noticia=\"83187\" src=\"https:\/\/brasil61.com\/rails\/active_storage\/blobs\/eyJfcmFpbHMiOnsibWVzc2FnZSI6IkJBaHBBOUJ1QXc9PSIsImV4cCI6bnVsbCwicHVyIjoiYmxvYl9pZCJ9fQ==--d66ac2cc6d4425fa2b986c1868e82b9a1c300305\/VACI250274B\"><\/audio><\/p>\n<p>A influenza continua predominando em grande parte dos estados brasileiros. <a href=\"https:\/\/www.gov.br\/saude\/pt-br\/centrais-de-conteudo\/publicacoes\/svsa\/influenza\/estrategia-de-vacinacao-contra-a-influenza-na-regiao-nordeste-centro-oeste-sul-e-sudeste-2025\">O alerta \u00e9 do Minist\u00e9rio da Sa\u00fade<\/a>. Por isso, as Unidades de Sa\u00fade dos munic\u00edpios do Mato Grosso est\u00e3o mobilizadas para refor\u00e7ar a vacina\u00e7\u00e3o contra a gripe. No estado mato-grossense<a href=\"https:\/\/www.gov.br\/saude\/pt-br\/centrais-de-conteudo\/publicacoes\/svsa\/influenza\/estrategia-de-vacinacao-contra-a-influenza-na-regiao-nordeste-centro-oeste-sul-e-sudeste-2025\">, 1,4 milh\u00e3o pessoas fazem parte do p\u00fablico priorit\u00e1rio<\/a>. \u00a0<\/p>\n<p>A partir de agora, a vacina contra o v\u00edrus Influenza faz parte do Calend\u00e1rio Nacional de Vacina\u00e7\u00e3o e ser\u00e1 oferecida para os grupos priorit\u00e1rios durante todo ano. Em 2025, o Minist\u00e9rio da Sa\u00fade adquiriu 73 milh\u00f5es e 600 mil doses, que ser\u00e3o distribu\u00eddas em todo o pa\u00eds.\u00a0<\/p>\n<p>E os dados refor\u00e7am a import\u00e2ncia da vacina\u00e7\u00e3o: entre janeiro e 21 de junho (SE 25),<a href=\"https:\/\/www.gov.br\/saude\/pt-br\/assuntos\/saude-de-a-a-z\/c\/covid-19\/atualizacao-de-casos\/informe-se-25-de-2025.pdf\/view\"> foram registrados no estado 170 casos de S\u00edndrome Respirat\u00f3ria Aguda por influenza e 18 \u00f3bitos<\/a>.\u00a0<\/p>\n<p><strong>O Minist\u00e9rio da Sa\u00fade destaca que a vacina da gripe evita de 60% a 70% dos casos graves e mortes. <\/strong>O diretor do Programa Nacional de Imuniza\u00e7\u00f5es, Eder Gatti, explica mais:<\/p>\n<p>\u201cA vacina \u00e9 importante porque diminui o risco de infec\u00e7\u00e3o. Apesar de n\u00e3o ter uma efic\u00e1cia de 100% para proteger contra a infec\u00e7\u00e3o, ela diminui o risco de se infectar. A vacina tamb\u00e9m diminui significativamente o risco de formas graves da doen\u00e7a e de hospitaliza\u00e7\u00e3o. Ent\u00e3o por isso ela \u00e9 importante, ela acaba resultando na diminui\u00e7\u00e3o do n\u00famero de mortes pela doen\u00e7a.\u201d<\/p>\n<p><strong>A meta \u00e9 atingir 90% do p\u00fablico priorit\u00e1rio do Calend\u00e1rio Nacional de Vacina\u00e7\u00e3o, que inclui crian\u00e7as de 6 meses a menores de 6 anos, gestantes e pu\u00e9rperas, e idosos com 60 anos e mais. Para os outros grupos ser\u00e3o contabilizadas as doses aplicadas.<\/strong><\/p>\n<h2>Vacina\u00e7\u00e3o contra a gripe: p\u00fablico priorit\u00e1rio<\/h2>\n<ul>\n<li>Crian\u00e7as de 6 meses a menores de 6 anos<\/li>\n<li>Gestantes<\/li>\n<li>Pu\u00e9rperas<\/li>\n<li>Idosos com 60 anos ou mais<\/li>\n<li>Povos ind\u00edgenas<\/li>\n<li>Quilombolas<\/li>\n<li>Pessoas em situa\u00e7\u00e3o de rua<\/li>\n<li>Trabalhadores da sa\u00fade<\/li>\n<li>Professores de escolas p\u00fablicas e privadas<\/li>\n<li>Profissionais das for\u00e7as de seguran\u00e7a, salvamento e das For\u00e7as Armadas<\/li>\n<li>Trabalhadores portu\u00e1rios<\/li>\n<li>Caminhoneiros<\/li>\n<li>Trabalhadores do transporte coletivo rodovi\u00e1rio urbano e de longo curso<\/li>\n<li>Trabalhadores dos Correios<\/li>\n<li>Pessoas com defici\u00eancia permanente<\/li>\n<li>Pessoas com doen\u00e7as cr\u00f4nicas n\u00e3o transmiss\u00edveis ou com condi\u00e7\u00f5es cl\u00ednicas especiais<\/li>\n<li>Popula\u00e7\u00e3o privada de liberdade<\/li>\n<li>Funcion\u00e1rios do sistema de priva\u00e7\u00e3o de liberdade<\/li>\n<li>Adolescentes e jovens de 12 a 21 anos sob medidas socioeducativas<\/li>\n<li>O objetivo \u00e9 ampliar a cobertura vacinal no pa\u00eds. Segundo Gatti, desde 2023 o Brasil come\u00e7ou a reverter a tend\u00eancia de queda na vacina\u00e7\u00e3o.<\/li>\n<\/ul>\n<p>A vacina est\u00e1 liberada para toda a popula\u00e7\u00e3o de acordo com a disponibilidade em cada cidade.<\/p>\n<p>\u201cDe l\u00e1 para c\u00e1, temos v\u00e1rias a\u00e7\u00f5es que permitiram melhorar as coberturas vacinais, como, por exemplo, a promo\u00e7\u00e3o do microplanejamento e a vacina\u00e7\u00e3o em escolas, o monitoramento de estrat\u00e9gias de vacina\u00e7\u00e3o, entre outras a\u00e7\u00f5es que permitiram que os munic\u00edpios melhorassem o seu desempenho na vacina\u00e7\u00e3o e tamb\u00e9m protegessem a sua popula\u00e7\u00e3o contra as doen\u00e7as que s\u00e3o evit\u00e1veis com vacinas.\u201d<\/p>\n<p>Procure uma Unidade B\u00e1sica de Sa\u00fade com a Caderneta de Vacina\u00e7\u00e3o ou documento com foto. Garanta a sua prote\u00e7\u00e3o!\u00a0<\/p>\n<p>Para mais informa\u00e7\u00f5es, acesse www.gov.br\/vacinacao.<br \/>\n\u00a0<\/p>\n<p>\t\t\t\t\t\t\t\t\t<img loading=\"lazy\" decoding=\"async\" src=\"https:\/\/brasil61.com\/api\/v1\/serve_pixel\/17677\/83187\" alt=\"Pixel Brasil 61\" class=\"b61_pixel\" width=\"0\" height=\"0\"><\/p>\n<input type=\"hidden\" id=\"baseurl\" value=\"https:\/\/noticiasdestaque.com.br\"><input type=\"hidden\" id=\"audio_nonce\" value=\"6f73a554f1\">","protected":false},"excerpt":{"rendered":"<p>A vacina contra o v\u00edrus Influenza faz parte do Calend\u00e1rio Nacional de Vacina\u00e7\u00e3o e ser\u00e1 oferecida para os grupos priorit\u00e1rios durante todo ano<\/p>\n","protected":false},"author":1,"featured_media":44672,"comment_status":"open","ping_status":"open","sticky":false,"template":"","format":"standard","meta":{"fifu_image_url":"","fifu_image_alt":"","footnotes":""},"categories":[51],"tags":[],"class_list":["post-44671","post","type-post","status-publish","format-standard","has-post-thumbnail","hentry","category-saude"],"distributor_meta":false,"distributor_terms":false,"distributor_media":false,"distributor_original_site_name":"Noticias em Destaque","distributor_original_site_url":"https:\/\/noticiasdestaque.com.br","push-errors":false,"_links":{"self":[{"href":"https:\/\/noticiasdestaque.com.br\/index.php\/wp-json\/wp\/v2\/posts\/44671","targetHints":{"allow":["GET"]}}],"collection":[{"href":"https:\/\/noticiasdestaque.com.br\/index.php\/wp-json\/wp\/v2\/posts"}],"about":[{"href":"https:\/\/noticiasdestaque.com.br\/index.php\/wp-json\/wp\/v2\/types\/post"}],"author":[{"embeddable":true,"href":"https:\/\/noticiasdestaque.com.br\/index.php\/wp-json\/wp\/v2\/users\/1"}],"replies":[{"embeddable":true,"href":"https:\/\/noticiasdestaque.com.br\/index.php\/wp-json\/wp\/v2\/comments?post=44671"}],"version-history":[{"count":0,"href":"https:\/\/noticiasdestaque.com.br\/index.php\/wp-json\/wp\/v2\/posts\/44671\/revisions"}],"wp:featuredmedia":[{"embeddable":true,"href":"https:\/\/noticiasdestaque.com.br\/index.php\/wp-json\/wp\/v2\/media\/44672"}],"wp:attachment":[{"href":"https:\/\/noticiasdestaque.com.br\/index.php\/wp-json\/wp\/v2\/media?parent=44671"}],"wp:term":[{"taxonomy":"category","embeddable":true,"href":"https:\/\/noticiasdestaque.com.br\/index.php\/wp-json\/wp\/v2\/categories?post=44671"},{"taxonomy":"post_tag","embeddable":true,"href":"https:\/\/noticiasdestaque.com.br\/index.php\/wp-json\/wp\/v2\/tags?post=44671"}],"curies":[{"name":"wp","href":"https:\/\/api.w.org\/{rel}","templated":true}]}}