{"id":44647,"date":"2025-06-30T16:00:00","date_gmt":"2025-06-30T19:00:00","guid":{"rendered":"https:\/\/noticiasdestaque.com.br\/index.php\/2025\/06\/30\/moradores-de-cidade-de-santa-catarina-receberao-sinais-de-tvs-publicas\/"},"modified":"2025-06-30T16:00:00","modified_gmt":"2025-06-30T19:00:00","slug":"moradores-de-cidade-de-santa-catarina-receberao-sinais-de-tvs-publicas","status":"publish","type":"post","link":"https:\/\/noticiasdestaque.com.br\/index.php\/2025\/06\/30\/moradores-de-cidade-de-santa-catarina-receberao-sinais-de-tvs-publicas\/","title":{"rendered":"Moradores de cidade de Santa Catarina receber\u00e3o sinais de TVs p\u00fablicas"},"content":{"rendered":"<p>\t\t\t\t\t\t\t\t\t\t<audio controls class=\"b61_audio_player\" data-noticia=\"83046\" src=\"https:\/\/brasil61.com\/rails\/active_storage\/blobs\/eyJfcmFpbHMiOnsibWVzc2FnZSI6IkJBaHBBNEpwQXc9PSIsImV4cCI6bnVsbCwicHVyIjoiYmxvYl9pZCJ9fQ==--f1e977e211db3175e86fbf290778a09a3b6f4bc7\/MCOM250203A\"><\/audio><\/p>\n<p>Mais 80 cidades brasileiras v\u00e3o contar, em breve, com novas op\u00e7\u00f5es de <strong>canais digitais de TV<\/strong>. O ministro das Comunica\u00e7\u00f5es, Frederico de Siqueira Filho, assinou dois novos contratos, no valor total de R$ 32 milh\u00f5es, para a instala\u00e7\u00e3o de esta\u00e7\u00f5es transmissoras em munic\u00edpios que ainda n\u00e3o contam com canais da E<strong>mpresa Brasil de Comunica\u00e7\u00e3o (EBC) <\/strong>ou da Rede Legislativa.<\/p>\n<p>Os recursos do programa s\u00e3o do<strong> Novo Programa de Acelera\u00e7\u00e3o do Crescimento (Novo PAC)<\/strong>.<\/p>\n<p>A iniciativa faz parte do<strong> Programa Brasil Digital<\/strong>, que j\u00e1 est\u00e1 em expans\u00e3o e <strong>prev\u00ea beneficiar, no total, 250 cidades em todo o territ\u00f3rio nacional<\/strong>. Os equipamentos ser\u00e3o instalados em espa\u00e7os cedidos por \u00f3rg\u00e3os p\u00fablicos, promovendo economia e agilidade na implementa\u00e7\u00e3o.<\/p>\n<p>Em <strong>Santa Catarina<\/strong>, os moradores da cidade de <strong>Balne\u00e1rio Cambori\u00fa<\/strong> ser\u00e3o beneficiados.<\/p>\n<p>\u201cLevar o sinal digital de TV para todos os cantos do pa\u00eds, especialmente nas regi\u00f5es mais remotas, \u00e9 uma das metas do governo. A popula\u00e7\u00e3o tem o direito de acessar informa\u00e7\u00e3o de qualidade, cultura e servi\u00e7os p\u00fablicos na tela da TV\u201d, destacou o ministro das Comunica\u00e7\u00f5es, Frederico de Siqueira Filho.<\/p>\n<p>Com a amplia\u00e7\u00e3o, milh\u00f5es de brasileiros poder\u00e3o acompanhar a programa\u00e7\u00e3o de canais p\u00fablicos como<strong> TV Brasil, TV Educa\u00e7\u00e3o, TV Sa\u00fade, Canal GOV<\/strong>, al\u00e9m das emissoras da Rede Legislativa, que transmitem conte\u00fados da C\u00e2mara dos Deputados, Senado Federal, c\u00e2maras municipais e assembleias legislativas.<\/p>\n<h2><strong>Cidades contempladas<\/strong><\/h2>\n<p>Os novos contratos contemplam munic\u00edpios em 16 estados, com destaque para, al\u00e9m de<strong> Minas, Par\u00e1 (10), Piau\u00ed (11) e S\u00e3o Paulo (8)<\/strong>. Todos os locais passar\u00e3o por vistorias t\u00e9cnicas para confirma\u00e7\u00e3o da viabilidade de instala\u00e7\u00e3o. As estruturas poder\u00e3o, ainda, ser compartilhadas com outras emissoras, p\u00fablicas ou privadas, caso haja capacidade dispon\u00edvel.<\/p>\n<p>A empresa contratada, Kokusai Denki Electric Linear S\/A, ser\u00e1 respons\u00e1vel pela instala\u00e7\u00e3o das esta\u00e7\u00f5es. A a\u00e7\u00e3o segue as diretrizes da<strong> Portaria n\u00ba 13.345,<\/strong> publicada em maio de 2023, que rege o Brasil Digital.<\/p>\n<p>A lista de cidades pode sofrer altera\u00e7\u00f5es conforme os crit\u00e9rios t\u00e9cnicos da vistoria. A expectativa \u00e9 que as transmiss\u00f5es estejam em funcionamento nos pr\u00f3ximos meses, ampliando o alcance da TV Digital p\u00fablica e fortalecendo o papel da comunica\u00e7\u00e3o como servi\u00e7o essencial \u00e0 cidadania.<\/p>\n<p>\t\t\t\t\t\t\t\t\t<img loading=\"lazy\" decoding=\"async\" src=\"https:\/\/brasil61.com\/api\/v1\/serve_pixel\/17677\/83046\" alt=\"Pixel Brasil 61\" class=\"b61_pixel\" width=\"0\" height=\"0\"><\/p>\n<input type=\"hidden\" id=\"baseurl\" value=\"https:\/\/noticiasdestaque.com.br\"><input type=\"hidden\" id=\"audio_nonce\" value=\"6f73a554f1\">","protected":false},"excerpt":{"rendered":"<p>Programa do Minist\u00e9rio das Comunica\u00e7\u00f5es viabilizar\u00e1 infraestrutura para transmiss\u00e3o de novos canais em Balne\u00e1rio Cambori\u00fa<\/p>\n","protected":false},"author":1,"featured_media":44648,"comment_status":"open","ping_status":"open","sticky":false,"template":"","format":"standard","meta":{"fifu_image_url":"","fifu_image_alt":"","footnotes":""},"categories":[48],"tags":[],"class_list":["post-44647","post","type-post","status-publish","format-standard","has-post-thumbnail","hentry","category-mundo"],"distributor_meta":false,"distributor_terms":false,"distributor_media":false,"distributor_original_site_name":"Noticias em Destaque","distributor_original_site_url":"https:\/\/noticiasdestaque.com.br","push-errors":false,"_links":{"self":[{"href":"https:\/\/noticiasdestaque.com.br\/index.php\/wp-json\/wp\/v2\/posts\/44647","targetHints":{"allow":["GET"]}}],"collection":[{"href":"https:\/\/noticiasdestaque.com.br\/index.php\/wp-json\/wp\/v2\/posts"}],"about":[{"href":"https:\/\/noticiasdestaque.com.br\/index.php\/wp-json\/wp\/v2\/types\/post"}],"author":[{"embeddable":true,"href":"https:\/\/noticiasdestaque.com.br\/index.php\/wp-json\/wp\/v2\/users\/1"}],"replies":[{"embeddable":true,"href":"https:\/\/noticiasdestaque.com.br\/index.php\/wp-json\/wp\/v2\/comments?post=44647"}],"version-history":[{"count":0,"href":"https:\/\/noticiasdestaque.com.br\/index.php\/wp-json\/wp\/v2\/posts\/44647\/revisions"}],"wp:featuredmedia":[{"embeddable":true,"href":"https:\/\/noticiasdestaque.com.br\/index.php\/wp-json\/wp\/v2\/media\/44648"}],"wp:attachment":[{"href":"https:\/\/noticiasdestaque.com.br\/index.php\/wp-json\/wp\/v2\/media?parent=44647"}],"wp:term":[{"taxonomy":"category","embeddable":true,"href":"https:\/\/noticiasdestaque.com.br\/index.php\/wp-json\/wp\/v2\/categories?post=44647"},{"taxonomy":"post_tag","embeddable":true,"href":"https:\/\/noticiasdestaque.com.br\/index.php\/wp-json\/wp\/v2\/tags?post=44647"}],"curies":[{"name":"wp","href":"https:\/\/api.w.org\/{rel}","templated":true}]}}