{"id":44643,"date":"2025-07-04T15:10:00","date_gmt":"2025-07-04T18:10:00","guid":{"rendered":"https:\/\/noticiasdestaque.com.br\/index.php\/2025\/07\/04\/bioeconomia-amazonica-recebe-fomento-edital-amabio-destina-ate-r-150-mil-por-projeto\/"},"modified":"2025-07-04T15:10:00","modified_gmt":"2025-07-04T18:10:00","slug":"bioeconomia-amazonica-recebe-fomento-edital-amabio-destina-ate-r-150-mil-por-projeto","status":"publish","type":"post","link":"https:\/\/noticiasdestaque.com.br\/index.php\/2025\/07\/04\/bioeconomia-amazonica-recebe-fomento-edital-amabio-destina-ate-r-150-mil-por-projeto\/","title":{"rendered":"Bioeconomia amaz\u00f4nica recebe fomento: edital AMABio destina at\u00e9 R$ 150 mil por projeto"},"content":{"rendered":"<p>\t\t\t\t\t\t\t\t\t\t<audio controls class=\"b61_audio_player\" data-noticia=\"83153\" src=\"https:\/\/brasil61.com\/rails\/active_storage\/blobs\/eyJfcmFpbHMiOnsibWVzc2FnZSI6IkJBaHBBOWh0QXc9PSIsImV4cCI6bnVsbCwicHVyIjoiYmxvYl9pZCJ9fQ==--dcdcf68c76cdedb44713112af211782c8cafeae4\/BASA250059A\"><\/audio><\/p>\n<p><strong>Organiza\u00e7\u00f5es da sociedade civil sem fins lucrativos, cooperativas, microempresas e startups do Acre, Amap\u00e1, Amazonas, Maranh\u00e3o e Par\u00e1 t\u00eam uma oportunidade para colocar em pr\u00e1tica projetos voltados \u00e0 bioeconomia. As inscri\u00e7\u00f5es para o edital AMABIO, do Banco da Amaz\u00f4nia, v\u00e3o at\u00e9 31 de julho<\/strong>.\u00a0<\/p>\n<p>A iniciativa vai <strong>destinar at\u00e9 R$ 4 milh\u00f5es para financiar iniciativas sustent\u00e1veis na Regi\u00e3o Amaz\u00f4nica<\/strong>. As <strong>inscri\u00e7\u00f5es devem ser feitas exclusivamente pela internet, no <a href=\"http:\/\/site do\">site do banco<\/a><\/strong>.<\/p>\n<p><a href=\"https:\/\/www.bancoamazonia.com.br\/programa-amabio\">Clique aqui para acessar o edital completo, com crit\u00e9rios de sele\u00e7\u00e3o, lista de documentos obrigat\u00f3rios e formul\u00e1rio de inscri\u00e7\u00e3o.\u00a0<\/a><\/p>\n<p>Cada <strong>proposta poder\u00e1 receber at\u00e9 R$ 150 mil, em apoio financeiro n\u00e3o reembols\u00e1vel. Al\u00e9m disso, cada projeto dever\u00e1 ter dura\u00e7\u00e3o m\u00e1xima de 12 meses. N\u00e3o h\u00e1 possibilidade de prorroga\u00e7\u00e3o<\/strong>.<\/p>\n<p>O presidente do Banco da Amaz\u00f4nia, Luiz Lessa, destaca que o intuito \u00e9 <strong>fortalecer cadeias produtivas sustent\u00e1veis, al\u00e9m de promover inova\u00e7\u00e3o na Regi\u00e3o Amaz\u00f4nica<\/strong>.<\/p>\n<p>\u201cEsse edital \u00e9 um marco para a bioeconomia amaz\u00f4nica. Ele reconhece o papel estrat\u00e9gico das organiza\u00e7\u00f5es locais e busca apoiar solu\u00e7\u00f5es baseadas na floresta, na ci\u00eancia e nos conhecimentos tradicionais para gerar renda, inclus\u00e3o e sustentabilidade\u201d, afirma.<\/p>\n<p>A iniciativa integra o Programa AMABIO, Financiamento Sustent\u00e1vel e Inclusivo da Bioeconomia Amaz\u00f4nica. Trata-se de uma parceria entre o Banco e o Grupo Ag\u00eancia Francesa de Desenvolvimento (AFD), com apoio t\u00e9cnico da Expertise France.\u00a0<\/p>\n<h2>Linhas tem\u00e1ticas\u00a0<\/h2>\n<p>As institui\u00e7\u00f5es interessadas em submeter projetos devem estar formalmente constitu\u00eddas h\u00e1 pelo menos dois anos e atuar com bioeconomia e desenvolvimento sustent\u00e1vel na Amaz\u00f4nia.<\/p>\n<p>A medida \u00e9 voltada a organiza\u00e7\u00f5es da sociedade civil, startups, microempresas e cooperativas.<\/p>\n<p>Al\u00e9m disso, o edital do AMABIO contempla duas linhas de apoio \u2013 que devem ser seguidas pelos interessados. Confira as linhas tem\u00e1ticas:<\/p>\n<p>\u25cf\u00a0\u00a0 \u00a0Linha 1: fortalecimento de organiza\u00e7\u00f5es de povos e comunidades tradicionais, de base comunit\u00e1ria, como organiza\u00e7\u00f5es de agricultores familiares, extrativistas, pescadores artesanais, aquicultores, silvicultores, povos ind\u00edgenas, quilombolas e outros povos e comunidades tradicionais da Amaz\u00f4nia.<\/p>\n<p>Atividades que poder\u00e3o ser apoiadas pelas propostas na linha \u00a0tem\u00e1tica 1 podem ser, por exemplo, voltadas ao desenvolvimento de planos de neg\u00f3cio, estudos de viabilidade e estrat\u00e9gias de comercializa\u00e7\u00e3o e apoio \u00e0 inclus\u00e3o digital e conectividade em territ\u00f3rios tradicionais.<\/p>\n<p>\u25cf\u00a0\u00a0 \u00a0Linha 2: inova\u00e7\u00e3o nas cadeias de valor da bioeconomia na Amaz\u00f4nia, que apoia o desenvolvimento e a implementa\u00e7\u00e3o de solu\u00e7\u00f5es inovadoras nas cadeias de valor da sociobiodiversidade da regi\u00e3o, focalizando esfor\u00e7os na sustentabilidade ambiental.<\/p>\n<p>Entre os projetos que podem ser inscritos na linha tem\u00e1tica 2 est\u00e3o os destinados \u00e0 implanta\u00e7\u00e3o de solu\u00e7\u00f5es inovadoras para o reaproveitamento de res\u00edduos, como cascas, sementes, baga\u00e7o e folhas em bioinsumos, cosm\u00e9ticos, alimenta\u00e7\u00e3o ou artesanato, por exemplo.<\/p>\n<h2>Processo seletivo<\/h2>\n<p>O processo seletivo ser\u00e1 dividido em tr\u00eas etapas. Confira:<\/p>\n<p>\u25cf\u00a0\u00a0 \u00a0Triagem de elegibilidade;<br \/>\n\u25cf\u00a0\u00a0 \u00a0An\u00e1lise t\u00e9cnica e de m\u00e9rito;<br \/>\n\u25cf\u00a0\u00a0 \u00a0Delibera\u00e7\u00e3o final.<\/p>\n<p>A Comiss\u00e3o de Sele\u00e7\u00e3o ser\u00e1 composta por representantes da institui\u00e7\u00e3o financeira, da Ag\u00eancia Francesa de Desenvolvimento, da Expertise France e por especialistas convidados com not\u00f3rio saber em bioeconomia, inova\u00e7\u00e3o, saberes locais ou tradicionais e desenvolvimento sustent\u00e1vel.<\/p>\n<p>A sele\u00e7\u00e3o deve considerar os seguintes crit\u00e9rios t\u00e9cnicos:<\/p>\n<p>\u25cf\u00a0\u00a0 \u00a0Relev\u00e2ncia estrat\u00e9gica<br \/>\n\u25cf\u00a0\u00a0 \u00a0Impacto socioambiental<br \/>\n\u25cf\u00a0\u00a0 \u00a0Grau de inova\u00e7\u00e3o<br \/>\n\u25cf\u00a0\u00a0 \u00a0Sustentabilidade<br \/>\n\u25cf\u00a0\u00a0 \u00a0Inclus\u00e3o e diversidade<br \/>\n\u25cf\u00a0\u00a0 \u00a0Capacidade de gest\u00e3o<\/p>\n<p>A publica\u00e7\u00e3o do resultado final est\u00e1 prevista para ocorrer no dia 10 de outubro de 2025.<\/p>\n<h2>Programa AMABIO<\/h2>\n<p>O Programa AMABIO foi institu\u00eddo por meio de uma parceria bilateral entre Brasil e Fran\u00e7a. No total, a iniciativa deve mobilizar, nos pr\u00f3ximos quatro anos, 1 bilh\u00e3o de euros em investimentos para promover o desenvolvimento sustent\u00e1vel na Amaz\u00f4nia.<\/p>\n<p>A ideia \u00e9 contribuir para o desenvolvimento da bioeconomia na regi\u00e3o, com apoio \u00e0 popula\u00e7\u00e3o que vive nessa \u00e1rea e \u00e0 biodiversidade.<\/p>\n<p>O programa conta com parceria de institui\u00e7\u00f5es financeiras que atuam na regi\u00e3o, como \u00e9 o caso do Banco da Amaz\u00f4nia.\u00a0<\/p>\n<p>\t\t\t\t\t\t\t\t\t<img loading=\"lazy\" decoding=\"async\" src=\"https:\/\/brasil61.com\/api\/v1\/serve_pixel\/17677\/83153\" alt=\"Pixel Brasil 61\" class=\"b61_pixel\" width=\"0\" height=\"0\"><\/p>\n<input type=\"hidden\" id=\"baseurl\" value=\"https:\/\/noticiasdestaque.com.br\"><input type=\"hidden\" id=\"audio_nonce\" value=\"6f73a554f1\">","protected":false},"excerpt":{"rendered":"<p>Iniciativa do Banco da Amaz\u00f4nia com a AFD apoia inova\u00e7\u00e3o e sustentabilidade em comunidades tradicionais e cadeias da sociobiodiversidade; inscri\u00e7\u00f5es v\u00e3o at\u00e9 31 de julho<\/p>\n","protected":false},"author":1,"featured_media":44644,"comment_status":"open","ping_status":"open","sticky":false,"template":"","format":"standard","meta":{"fifu_image_url":"","fifu_image_alt":"","footnotes":""},"categories":[59],"tags":[],"class_list":["post-44643","post","type-post","status-publish","format-standard","has-post-thumbnail","hentry","category-economia"],"distributor_meta":false,"distributor_terms":false,"distributor_media":false,"distributor_original_site_name":"Noticias em Destaque","distributor_original_site_url":"https:\/\/noticiasdestaque.com.br","push-errors":false,"_links":{"self":[{"href":"https:\/\/noticiasdestaque.com.br\/index.php\/wp-json\/wp\/v2\/posts\/44643","targetHints":{"allow":["GET"]}}],"collection":[{"href":"https:\/\/noticiasdestaque.com.br\/index.php\/wp-json\/wp\/v2\/posts"}],"about":[{"href":"https:\/\/noticiasdestaque.com.br\/index.php\/wp-json\/wp\/v2\/types\/post"}],"author":[{"embeddable":true,"href":"https:\/\/noticiasdestaque.com.br\/index.php\/wp-json\/wp\/v2\/users\/1"}],"replies":[{"embeddable":true,"href":"https:\/\/noticiasdestaque.com.br\/index.php\/wp-json\/wp\/v2\/comments?post=44643"}],"version-history":[{"count":0,"href":"https:\/\/noticiasdestaque.com.br\/index.php\/wp-json\/wp\/v2\/posts\/44643\/revisions"}],"wp:featuredmedia":[{"embeddable":true,"href":"https:\/\/noticiasdestaque.com.br\/index.php\/wp-json\/wp\/v2\/media\/44644"}],"wp:attachment":[{"href":"https:\/\/noticiasdestaque.com.br\/index.php\/wp-json\/wp\/v2\/media?parent=44643"}],"wp:term":[{"taxonomy":"category","embeddable":true,"href":"https:\/\/noticiasdestaque.com.br\/index.php\/wp-json\/wp\/v2\/categories?post=44643"},{"taxonomy":"post_tag","embeddable":true,"href":"https:\/\/noticiasdestaque.com.br\/index.php\/wp-json\/wp\/v2\/tags?post=44643"}],"curies":[{"name":"wp","href":"https:\/\/api.w.org\/{rel}","templated":true}]}}