{"id":44635,"date":"2025-07-04T01:30:00","date_gmt":"2025-07-04T04:30:00","guid":{"rendered":"https:\/\/noticiasdestaque.com.br\/index.php\/2025\/07\/04\/micro-e-pequenas-empresas-lideram-pedidos-de-recuperacao-judicial-no-brasil\/"},"modified":"2025-07-04T01:30:00","modified_gmt":"2025-07-04T04:30:00","slug":"micro-e-pequenas-empresas-lideram-pedidos-de-recuperacao-judicial-no-brasil","status":"publish","type":"post","link":"https:\/\/noticiasdestaque.com.br\/index.php\/2025\/07\/04\/micro-e-pequenas-empresas-lideram-pedidos-de-recuperacao-judicial-no-brasil\/","title":{"rendered":"Micro e pequenas empresas lideram pedidos de recupera\u00e7\u00e3o judicial no Brasil"},"content":{"rendered":"<p>\t\t\t\t\t\t\t\t\t\t<audio controls class=\"b61_audio_player\" data-noticia=\"83126\" src=\"https:\/\/brasil61.com\/rails\/active_storage\/blobs\/eyJfcmFpbHMiOnsibWVzc2FnZSI6IkJBaHBBMHB0QXc9PSIsImV4cCI6bnVsbCwicHVyIjoiYmxvYl9pZCJ9fQ==--7f924c968907900130528584a3ab16c4dd898827\/BRAS2514240A\"><\/audio><\/p>\n<p><strong>Micro e pequenas empresas<\/strong> foram respons\u00e1veis por 132 dos 167 pedidos de <strong>recupera\u00e7\u00e3o judicial<\/strong> em abril, segundo o <strong>Indicador de Fal\u00eancias e Recupera\u00e7\u00f5es Judiciais da Serasa Experian<\/strong>. Camila Abdelmalack, economista da Serasa Experian, esclarece que o aumento nos pedidos de recupera\u00e7\u00e3o judicial exp\u00f5e as dificuldades vividas por empreendedores.\u00a0<\/p>\n<\/p>\n<p>\u201cO n\u00famero de pedidos de recupera\u00e7\u00e3o judicial refor\u00e7a o cen\u00e1rio de press\u00e3o sobre os neg\u00f3cios, especialmente entre pequenos empreendedores. Com acesso limitado ao cr\u00e9dito, muitos acabam recorrendo a financiamentos caros, de curto prazo, que consomem parcela significativa da receita e comprometem a capacidade operacional da empresa. Quando uma organiza\u00e7\u00e3o direciona grande parte de seu caixa para d\u00edvidas mal estruturadas, perde a capacidade de reagir diante de condi\u00e7\u00f5es econ\u00f4micas adversas. \u00c9 justamente nesse contexto que a recupera\u00e7\u00e3o judicial surge como um \u00faltimo recurso\u201d, explica.\u00a0<\/p>\n<p>Apesar da queda em rela\u00e7\u00e3o ao m\u00eas de mar\u00e7o, quando foram feitos 187 pedidos de recupera\u00e7\u00e3o judicial, os dados de abril revelam um n\u00famero ainda elevado, em compara\u00e7\u00e3o com os 152 pedidos registrados em maio de 2024. O gr\u00e1fico abaixo mostra o n\u00famero de pedidos de recupera\u00e7\u00e3o nos \u00faltimos 12 meses:<\/p>\n<p><b id=\"docs-internal-guid-08f5ab89-7fff-6915-cb41-654d7be57973\"><img loading=\"lazy\" decoding=\"async\" style=\"width:100%\" height=\"317\" src=\"https:\/\/noticiasdestaque.com.br\/wp-content\/uploads\/2025\/07\/MicroepequenasempresasliderampedidosderecuperaojudicialnoBrasil_0775171001752084107.png\" width=\"624\" \/><\/b><\/p>\n<p>As <strong>micro e pequenas empresas <\/strong>lideraram os requerimentos com 132 pedidos, o equivalente a 79% do total, seguidas pelas m\u00e9dias e as grandes empresas, com 18 e 17 solicita\u00e7\u00f5es, respectivamente.<\/p>\n<p><strong>Confira a distribui\u00e7\u00e3o por porte<\/strong><\/p>\n<\/p>\n<table>\n<colgroup>\n<col width=\"183\" \/>\n<col width=\"68\" \/>\n<col width=\"64\" \/>\n<col width=\"68\" \/>\n\t<\/colgroup>\n<tbody>\n<tr>\n<td>\n<p dir=\"ltr\"><b id=\"docs-internal-guid-4a050ee0-7fff-234d-6fbe-9dab933ff504\">Porte<\/b><\/p>\n<\/td>\n<td>\n<p dir=\"ltr\"><b id=\"docs-internal-guid-4a050ee0-7fff-234d-6fbe-9dab933ff504\">abril\/24<\/b><\/p>\n<\/td>\n<td>\n<p dir=\"ltr\"><b id=\"docs-internal-guid-4a050ee0-7fff-234d-6fbe-9dab933ff504\">mar\/25<\/b><\/p>\n<\/td>\n<td>\n<p dir=\"ltr\"><b id=\"docs-internal-guid-4a050ee0-7fff-234d-6fbe-9dab933ff504\">abril\/25<\/b><\/p>\n<\/td>\n<\/tr>\n<tr>\n<td>\n<p dir=\"ltr\"><b id=\"docs-internal-guid-4a050ee0-7fff-234d-6fbe-9dab933ff504\">Micro e Pequena Empresa<\/b><\/p>\n<\/td>\n<td>\n<p dir=\"ltr\"><b id=\"docs-internal-guid-4a050ee0-7fff-234d-6fbe-9dab933ff504\">144<\/b><\/p>\n<\/td>\n<td>\n<p dir=\"ltr\"><b id=\"docs-internal-guid-4a050ee0-7fff-234d-6fbe-9dab933ff504\">140<\/b><\/p>\n<\/td>\n<td>\n<p dir=\"ltr\"><b id=\"docs-internal-guid-4a050ee0-7fff-234d-6fbe-9dab933ff504\">132<\/b><\/p>\n<\/td>\n<\/tr>\n<tr>\n<td>\n<p dir=\"ltr\"><b id=\"docs-internal-guid-4a050ee0-7fff-234d-6fbe-9dab933ff504\">M\u00e9dia Empresa<\/b><\/p>\n<\/td>\n<td>\n<p dir=\"ltr\"><b id=\"docs-internal-guid-4a050ee0-7fff-234d-6fbe-9dab933ff504\">30<\/b><\/p>\n<\/td>\n<td>\n<p dir=\"ltr\"><b id=\"docs-internal-guid-4a050ee0-7fff-234d-6fbe-9dab933ff504\">31<\/b><\/p>\n<\/td>\n<td>\n<p dir=\"ltr\"><b id=\"docs-internal-guid-4a050ee0-7fff-234d-6fbe-9dab933ff504\">18<\/b><\/p>\n<\/td>\n<\/tr>\n<tr>\n<td>\n<p dir=\"ltr\"><b id=\"docs-internal-guid-4a050ee0-7fff-234d-6fbe-9dab933ff504\">Grande Empresa<\/b><\/p>\n<\/td>\n<td>\n<p dir=\"ltr\"><b id=\"docs-internal-guid-4a050ee0-7fff-234d-6fbe-9dab933ff504\">10<\/b><\/p>\n<\/td>\n<td>\n<p dir=\"ltr\"><b id=\"docs-internal-guid-4a050ee0-7fff-234d-6fbe-9dab933ff504\">16<\/b><\/p>\n<\/td>\n<td>\n<p dir=\"ltr\"><b id=\"docs-internal-guid-4a050ee0-7fff-234d-6fbe-9dab933ff504\">17<\/b><\/p>\n<\/td>\n<\/tr>\n<\/tbody>\n<\/table>\n<p>O setor mais impactado foi o segmento <strong>Prim\u00e1rio<\/strong>, como a agricultura, pecu\u00e1ria, extrativismo e pesca, com 64 solicita\u00e7\u00f5es. Ainda segundo os dados do indicador, os outros setores impactados foram\u00a0<strong>Servi\u00e7os<\/strong>, <strong>Com\u00e9rcio<\/strong> e <strong>Ind\u00fastria<\/strong>.\u00a0<\/p>\n<p><strong>Setores\u00a0<\/strong><\/p>\n<\/p>\n<table>\n<colgroup>\n<col width=\"78\" \/>\n<col width=\"68\" \/>\n<col width=\"64\" \/>\n<col width=\"68\" \/>\n\t<\/colgroup>\n<tbody>\n<tr>\n<td>\n<p dir=\"ltr\"><b id=\"docs-internal-guid-c7de9071-7fff-a852-c6f7-93627fd9835f\">Setores<\/b><\/p>\n<\/td>\n<td>\n<p dir=\"ltr\"><b id=\"docs-internal-guid-c7de9071-7fff-a852-c6f7-93627fd9835f\">abril\/24<\/b><\/p>\n<\/td>\n<td>\n<p dir=\"ltr\"><b id=\"docs-internal-guid-c7de9071-7fff-a852-c6f7-93627fd9835f\">mar\/25<\/b><\/p>\n<\/td>\n<td>\n<p dir=\"ltr\"><b id=\"docs-internal-guid-c7de9071-7fff-a852-c6f7-93627fd9835f\">abril\/25<\/b><\/p>\n<\/td>\n<\/tr>\n<tr>\n<td>\n<p dir=\"ltr\"><b id=\"docs-internal-guid-c7de9071-7fff-a852-c6f7-93627fd9835f\">Servi\u00e7os<\/b><\/p>\n<\/td>\n<td>\n<p dir=\"ltr\"><b id=\"docs-internal-guid-c7de9071-7fff-a852-c6f7-93627fd9835f\">75<\/b><\/p>\n<\/td>\n<td>\n<p dir=\"ltr\"><b id=\"docs-internal-guid-c7de9071-7fff-a852-c6f7-93627fd9835f\">58<\/b><\/p>\n<\/td>\n<td>\n<p dir=\"ltr\"><b id=\"docs-internal-guid-c7de9071-7fff-a852-c6f7-93627fd9835f\">44<\/b><\/p>\n<\/td>\n<\/tr>\n<tr>\n<td>\n<p dir=\"ltr\"><b id=\"docs-internal-guid-c7de9071-7fff-a852-c6f7-93627fd9835f\">Com\u00e9rcio<\/b><\/p>\n<\/td>\n<td>\n<p dir=\"ltr\"><b id=\"docs-internal-guid-c7de9071-7fff-a852-c6f7-93627fd9835f\">54<\/b><\/p>\n<\/td>\n<td>\n<p dir=\"ltr\"><b id=\"docs-internal-guid-c7de9071-7fff-a852-c6f7-93627fd9835f\">32<\/b><\/p>\n<\/td>\n<td>\n<p dir=\"ltr\"><b id=\"docs-internal-guid-c7de9071-7fff-a852-c6f7-93627fd9835f\">33<\/b><\/p>\n<\/td>\n<\/tr>\n<tr>\n<td>\n<p dir=\"ltr\"><b id=\"docs-internal-guid-c7de9071-7fff-a852-c6f7-93627fd9835f\">Ind\u00fastria<\/b><\/p>\n<\/td>\n<td>\n<p dir=\"ltr\"><b id=\"docs-internal-guid-c7de9071-7fff-a852-c6f7-93627fd9835f\">20<\/b><\/p>\n<\/td>\n<td>\n<p dir=\"ltr\"><b id=\"docs-internal-guid-c7de9071-7fff-a852-c6f7-93627fd9835f\">16<\/b><\/p>\n<\/td>\n<td>\n<p dir=\"ltr\"><b id=\"docs-internal-guid-c7de9071-7fff-a852-c6f7-93627fd9835f\">26<\/b><\/p>\n<\/td>\n<\/tr>\n<tr>\n<td>\n<p dir=\"ltr\"><b id=\"docs-internal-guid-c7de9071-7fff-a852-c6f7-93627fd9835f\">Prim\u00e1rio<\/b><\/p>\n<\/td>\n<td>\n<p dir=\"ltr\"><b id=\"docs-internal-guid-c7de9071-7fff-a852-c6f7-93627fd9835f\">35<\/b><\/p>\n<\/td>\n<td>\n<p dir=\"ltr\"><b id=\"docs-internal-guid-c7de9071-7fff-a852-c6f7-93627fd9835f\">81<\/b><\/p>\n<\/td>\n<td>\n<p dir=\"ltr\"><b id=\"docs-internal-guid-c7de9071-7fff-a852-c6f7-93627fd9835f\">64<\/b><\/p>\n<\/td>\n<\/tr>\n<\/tbody>\n<\/table>\n<p>Abril tamb\u00e9m teve o maior n\u00famero de<strong> pedidos de fal\u00eancia<\/strong> em 2025 at\u00e9 agora, com 61 registros. A maioria partiu das micro e pequenas empresas, com 37 requerimentos, seguidas pelas m\u00e9dias, com 14, e grandes, com 10. Na an\u00e1lise por setor, o segmento prim\u00e1rio n\u00e3o apareceu neste m\u00eas.\u00a0<\/p>\n<\/p>\n<table>\n<colgroup>\n<col width=\"78\" \/>\n<col width=\"68\" \/>\n\t<\/colgroup>\n<tbody>\n<tr>\n<td>\n<p dir=\"ltr\"><b id=\"docs-internal-guid-8d5ec642-7fff-1251-2b44-b3d0e295c27e\">Setores<\/b><\/p>\n<\/td>\n<td>\n<p dir=\"ltr\"><b id=\"docs-internal-guid-8d5ec642-7fff-1251-2b44-b3d0e295c27e\">abril\/25<\/b><\/p>\n<\/td>\n<\/tr>\n<tr>\n<td>\n<p dir=\"ltr\"><b id=\"docs-internal-guid-8d5ec642-7fff-1251-2b44-b3d0e295c27e\">Servi\u00e7os<\/b><\/p>\n<\/td>\n<td>\n<p dir=\"ltr\"><b id=\"docs-internal-guid-8d5ec642-7fff-1251-2b44-b3d0e295c27e\">21<\/b><\/p>\n<\/td>\n<\/tr>\n<tr>\n<td>\n<p dir=\"ltr\"><b id=\"docs-internal-guid-8d5ec642-7fff-1251-2b44-b3d0e295c27e\">Com\u00e9rcio<\/b><\/p>\n<\/td>\n<td>\n<p dir=\"ltr\"><b id=\"docs-internal-guid-8d5ec642-7fff-1251-2b44-b3d0e295c27e\">15<\/b><\/p>\n<\/td>\n<\/tr>\n<tr>\n<td>\n<p dir=\"ltr\"><b id=\"docs-internal-guid-8d5ec642-7fff-1251-2b44-b3d0e295c27e\">Ind\u00fastria<\/b><\/p>\n<\/td>\n<td>\n<p dir=\"ltr\"><b id=\"docs-internal-guid-8d5ec642-7fff-1251-2b44-b3d0e295c27e\">25<\/b><\/p>\n<\/td>\n<\/tr>\n<tr>\n<td>\n<p dir=\"ltr\"><b id=\"docs-internal-guid-8d5ec642-7fff-1251-2b44-b3d0e295c27e\">Prim\u00e1rio<\/b><\/p>\n<\/td>\n<td>\n<p dir=\"ltr\"><b id=\"docs-internal-guid-8d5ec642-7fff-1251-2b44-b3d0e295c27e\">0<\/b><\/p>\n<\/td>\n<\/tr>\n<\/tbody>\n<\/table>\n<p>Com base nos levantamentos da Serasa Experian, micro e pequenas empresas enfrentam um cen\u00e1rio de vulnerabilidade diante do ambiente econ\u00f4mico. \u00a0<\/p>\n<h2>O que \u00e9 a recupera\u00e7\u00e3o judicial<\/h2>\n<p>Pedir recupera\u00e7\u00e3o judicial \u00e9 uma medida que pode ser adotada por empresas que enfrentam dificuldades financeiras, mas ainda t\u00eam condi\u00e7\u00f5es de se manterem ativas. Trata-se de um processo previsto no Brasil na Lei 11.101\/2005 e\u00a0que permite \u00e0s empresas negociarem suas d\u00edvidas com credores sob supervis\u00e3o da Justi\u00e7a.<\/p>\n<p>O objetivo da recupera\u00e7\u00e3o judicial \u00e9\u00a0evitar a fal\u00eancia, preservar empregos e manter as atividades da empresa. Durante o per\u00edodo de recupera\u00e7\u00e3o, ficam suspensas as cobran\u00e7as judiciais\u00a0e a empresa apresenta um plano de reestrutura\u00e7\u00e3o, que precisa ser aprovado pelos credores.<\/p>\n<p>Mais informa\u00e7\u00f5es voc\u00ea encontra no <a href=\"https:\/\/www.serasaexperian.com.br\/\" target=\"_blank\">Serasa Experian<\/a><br \/>\n\u00a0<\/p>\n<p>\t\t\t\t\t\t\t\t\t<img loading=\"lazy\" decoding=\"async\" src=\"https:\/\/brasil61.com\/api\/v1\/serve_pixel\/17677\/83126\" alt=\"Pixel Brasil 61\" class=\"b61_pixel\" width=\"0\" height=\"0\"><\/p>\n<input type=\"hidden\" id=\"baseurl\" value=\"https:\/\/noticiasdestaque.com.br\"><input type=\"hidden\" id=\"audio_nonce\" value=\"5128c810d9\">","protected":false},"excerpt":{"rendered":"<p>Pequenos neg\u00f3cios foram respons\u00e1veis por quase 80% dos pedidos de recupera\u00e7\u00e3o judicial em abril, aponta Serasa Experian<\/p>\n","protected":false},"author":1,"featured_media":44636,"comment_status":"open","ping_status":"open","sticky":false,"template":"","format":"standard","meta":{"fifu_image_url":"","fifu_image_alt":"","footnotes":""},"categories":[59],"tags":[],"class_list":["post-44635","post","type-post","status-publish","format-standard","has-post-thumbnail","hentry","category-economia"],"distributor_meta":false,"distributor_terms":false,"distributor_media":false,"distributor_original_site_name":"Noticias em Destaque","distributor_original_site_url":"https:\/\/noticiasdestaque.com.br","push-errors":false,"_links":{"self":[{"href":"https:\/\/noticiasdestaque.com.br\/index.php\/wp-json\/wp\/v2\/posts\/44635","targetHints":{"allow":["GET"]}}],"collection":[{"href":"https:\/\/noticiasdestaque.com.br\/index.php\/wp-json\/wp\/v2\/posts"}],"about":[{"href":"https:\/\/noticiasdestaque.com.br\/index.php\/wp-json\/wp\/v2\/types\/post"}],"author":[{"embeddable":true,"href":"https:\/\/noticiasdestaque.com.br\/index.php\/wp-json\/wp\/v2\/users\/1"}],"replies":[{"embeddable":true,"href":"https:\/\/noticiasdestaque.com.br\/index.php\/wp-json\/wp\/v2\/comments?post=44635"}],"version-history":[{"count":0,"href":"https:\/\/noticiasdestaque.com.br\/index.php\/wp-json\/wp\/v2\/posts\/44635\/revisions"}],"wp:featuredmedia":[{"embeddable":true,"href":"https:\/\/noticiasdestaque.com.br\/index.php\/wp-json\/wp\/v2\/media\/44636"}],"wp:attachment":[{"href":"https:\/\/noticiasdestaque.com.br\/index.php\/wp-json\/wp\/v2\/media?parent=44635"}],"wp:term":[{"taxonomy":"category","embeddable":true,"href":"https:\/\/noticiasdestaque.com.br\/index.php\/wp-json\/wp\/v2\/categories?post=44635"},{"taxonomy":"post_tag","embeddable":true,"href":"https:\/\/noticiasdestaque.com.br\/index.php\/wp-json\/wp\/v2\/tags?post=44635"}],"curies":[{"name":"wp","href":"https:\/\/api.w.org\/{rel}","templated":true}]}}