{"id":44602,"date":"2025-06-30T20:59:00","date_gmt":"2025-06-30T23:59:00","guid":{"rendered":"https:\/\/noticiasdestaque.com.br\/index.php\/2025\/06\/30\/gasto-brasil-despesas-publicas-ultrapassam-r-25-tri-em-2025-aponta-plataforma\/"},"modified":"2025-06-30T20:59:00","modified_gmt":"2025-06-30T23:59:00","slug":"gasto-brasil-despesas-publicas-ultrapassam-r-25-tri-em-2025-aponta-plataforma","status":"publish","type":"post","link":"https:\/\/noticiasdestaque.com.br\/index.php\/2025\/06\/30\/gasto-brasil-despesas-publicas-ultrapassam-r-25-tri-em-2025-aponta-plataforma\/","title":{"rendered":"Gasto Brasil: despesas p\u00fablicas ultrapassam R$ 2,5 tri em 2025, aponta plataforma"},"content":{"rendered":"<p>\t\t\t\t\t\t\t\t\t\t<audio controls class=\"b61_audio_player\" data-noticia=\"83065\" src=\"https:\/\/brasil61.com\/rails\/active_storage\/blobs\/eyJfcmFpbHMiOnsibWVzc2FnZSI6IkJBaHBBeDFxQXc9PSIsImV4cCI6bnVsbCwicHVyIjoiYmxvYl9pZCJ9fQ==--85cacd23c43e9839ceafbd5457ae566e8356940c\/CACB250030A\"><\/audio><\/p>\n<p>As despesas do Governo Federal, Estados, Distrito Federal e Munic\u00edpios somadas ultrapassaram a marca de <strong>R$ 2,5 trilh\u00f5es<\/strong>, nos <strong>primeiros 180 dias de 2025<\/strong>. O dado \u00e9 do <a href=\"https:\/\/gastobrasil.com.br\/\">Gasto Brasil<\/a>. A plataforma monitora as despesas prim\u00e1rias do setor p\u00fablico.<\/p>\n<p>Entre os entes, o Governo Federal j\u00e1 ultrapassou a marca de R$ 1,1 trilh\u00e3o de despesas no ano. Os Estados contabilizam cerca de R$ 730 bilh\u00f5es, enquanto os Munic\u00edpios registram mais de R$ 750 bilh\u00f5es.<\/p>\n<p>Na esfera do Executivo, o n\u00famero acende o alerta sobre o desequil\u00edbrio fiscal, especialmente diante da aus\u00eancia de cortes e do baixo volume de investimentos produtivos, segundo a <a href=\"https:\/\/cacb.org.br\/\">Confedera\u00e7\u00e3o das Associa\u00e7\u00f5es Comerciais e Empresariais do Brasil<\/a> (CACB).<\/p>\n<p>Enquanto isso, a arrecada\u00e7\u00e3o segue como principal estrat\u00e9gia para fechar as contas \u2014 sem que o peso sobre empresas e cidad\u00e3os diminua. Na avalia\u00e7\u00e3o da entidade, o cen\u00e1rio mostra um esfor\u00e7o centrado em aumentar receitas, como os decretos sobre o IOF (Imposto sobre Opera\u00e7\u00f5es Financeiras) \u2013 sustados pelo Congresso Nacional \u2013, sem iniciativas para enxugar a m\u00e1quina p\u00fablica ou avan\u00e7ar com reformas estruturantes.<\/p>\n<p>No Legislativo, a regulamenta\u00e7\u00e3o da reforma tribut\u00e1ria, aprovada em 2023, ainda patina no Congresso, enquanto medidas como a desonera\u00e7\u00e3o da folha de pagamentos e a simplifica\u00e7\u00e3o de tributos seguem sem defini\u00e7\u00e3o.<\/p>\n<p>Sem seguran\u00e7a jur\u00eddica e com pautas ainda indefinidas, o impacto negativo para o setor de com\u00e9rcio e servi\u00e7os \u00e9 vis\u00edvel, na avalia\u00e7\u00e3o de Anderson Trautman, vice-presidente jur\u00eddico da CACB. \u201cInfelizmente, n\u00f3s n\u00e3o conseguimos avan\u00e7ar de forma a dar seguran\u00e7a ainda para os nossos empreendedores \u2014 pelo menos na visualiza\u00e7\u00e3o de como [a reforma tribut\u00e1ria] ser\u00e1 implementada na sua integralidade. Digo isso porque nem os regulamentos foram editados, n\u00f3s n\u00e3o tivemos o segundo PLP que regulamenta a reforma aprovado tamb\u00e9m. De modo que n\u00e3o temos a constitui\u00e7\u00e3o do comit\u00ea gestor e, consequentemente, \u00e9 o pr\u00f3prio comit\u00ea que editar\u00e1, por exemplo, o regulamento do IBS. Essas regras ainda n\u00e3o s\u00e3o pass\u00edveis de serem transmitidas aos empreendedores.\u201d<\/p>\n<h2>Governo gasta mal<\/h2>\n<p>N\u00e3o \u00e9 preciso ser especialista para entender que quando se gasta mais do que se ganha, a conta n\u00e3o fecha. \u201cIsso todo mundo sabe, \u00e9 o b\u00e1sico da economia dom\u00e9stica\u201d, ironiza o especialista em administra\u00e7\u00e3o p\u00fablica, Ricardo Holz. O problema no pa\u00eds, na avalia\u00e7\u00e3o de Holz, \u00e9 que al\u00e9m de gastar muito, se gasta mal.<\/p>\n<p>\u201cMas o problema no Brasil \u00e9 ainda mais grave: al\u00e9m de gastar muito, o governo gasta mal. Os recursos p\u00fablicos n\u00e3o s\u00e3o direcionados para gerar desenvolvimento. Basta olhar os indicadores em \u00e1reas como sa\u00fade, educa\u00e7\u00e3o b\u00e1sica e infraestrutura. Mesmo com altos volumes de recursos, o desempenho continua abaixo do necess\u00e1rio. O investimento \u00e9 feito, mas de forma equivocada\u201d, critica Holz.<\/p>\n<p>Al\u00e9m do investimento \u201cequivocado\u201d, Holz afirma que se ignora uma pol\u00edtica de cortes de gastos.<\/p>\n<p>\u201cAo inv\u00e9s de trabalhar o corte de gastos, de fazer o ajuste fiscal, que todos vem falando ao governo que seria o caminho correto, o caminho que o Brasil precisa seguir, o governo est\u00e1 optando pelo caminho inverso, que \u00e9 o caminho de aumento de tributo e isso est\u00e1 conflitando com o legislativo, est\u00e1 conflitando com a sociedade, o que, inclusive, est\u00e1 impactando na popularidade do presidente, que hoje \u00e9 das mais baixas de todos os tempos\u201d, avalia.<\/p>\n<h2>Esfor\u00e7o do setor<\/h2>\n<p>No Congresso Nacional, entidades como a CACB pressionam por pautas que, segundo o setor produtivo, s\u00e3o vitais para o desenvolvimento: liberdade econ\u00f4mica, seguran\u00e7a jur\u00eddica, cr\u00e9dito mais acess\u00edvel e maior efici\u00eancia nos gastos p\u00fablicos. A Agenda Legislativa lan\u00e7ada pela CACB h\u00e1 uma semana, re\u00fane propostas como a regulamenta\u00e7\u00e3o das plataformas digitais, o aumento do limite de faturamento do Simples Nacional e a redu\u00e7\u00e3o da burocracia para empreender.<\/p>\n<p>Respons\u00e1vel por mais de <strong>70% do PIB brasileiro<\/strong> e pela maior parte da gera\u00e7\u00e3o de empregos formais no pa\u00eds, o setor de com\u00e9rcio e servi\u00e7os tem na agenda priorit\u00e1ria uma aposta para destravar assuntos pendentes, avalia o presidente em exerc\u00edcio da CACB, Ernesto Jo\u00e3o Reck.<\/p>\n<p>\u201cA agenda legislativa \u00e9 uma oportunidade de facilitar a vida do empres\u00e1rio, que est\u00e1 na ponta, que discute regula\u00e7\u00e3o na reforma tribut\u00e1ria, trabalho no final de semana e como o pequeno empres\u00e1rio consegue sobreviver\u201d, refor\u00e7a Reck.<\/p>\n<p>A marca dos 180 dias exp\u00f5e, portanto, n\u00e3o apenas o volume de recursos gastos, mas a aus\u00eancia de sinaliza\u00e7\u00f5es concretas para um novo rumo.\u00a0<br \/>\n\u00a0<\/p>\n<p>\t\t\t\t\t\t\t\t\t<img loading=\"lazy\" decoding=\"async\" src=\"https:\/\/brasil61.com\/api\/v1\/serve_pixel\/17677\/83065\" alt=\"Pixel Brasil 61\" class=\"b61_pixel\" width=\"0\" height=\"0\"><\/p>\n<input type=\"hidden\" id=\"baseurl\" value=\"https:\/\/noticiasdestaque.com.br\"><input type=\"hidden\" id=\"audio_nonce\" value=\"6f73a554f1\">","protected":false},"excerpt":{"rendered":"<p>Deste total, R$ 1,1 trilh\u00e3o corresponde aos gastos do Governo Federal. Confedera\u00e7\u00e3o de empres\u00e1rios critica aus\u00eancia de planejamento e cobra medidas estruturantes para conter despesas<\/p>\n","protected":false},"author":1,"featured_media":44603,"comment_status":"open","ping_status":"open","sticky":false,"template":"","format":"standard","meta":{"fifu_image_url":"","fifu_image_alt":"","footnotes":""},"categories":[59],"tags":[],"class_list":["post-44602","post","type-post","status-publish","format-standard","has-post-thumbnail","hentry","category-economia"],"distributor_meta":false,"distributor_terms":false,"distributor_media":false,"distributor_original_site_name":"Noticias em Destaque","distributor_original_site_url":"https:\/\/noticiasdestaque.com.br","push-errors":false,"_links":{"self":[{"href":"https:\/\/noticiasdestaque.com.br\/index.php\/wp-json\/wp\/v2\/posts\/44602","targetHints":{"allow":["GET"]}}],"collection":[{"href":"https:\/\/noticiasdestaque.com.br\/index.php\/wp-json\/wp\/v2\/posts"}],"about":[{"href":"https:\/\/noticiasdestaque.com.br\/index.php\/wp-json\/wp\/v2\/types\/post"}],"author":[{"embeddable":true,"href":"https:\/\/noticiasdestaque.com.br\/index.php\/wp-json\/wp\/v2\/users\/1"}],"replies":[{"embeddable":true,"href":"https:\/\/noticiasdestaque.com.br\/index.php\/wp-json\/wp\/v2\/comments?post=44602"}],"version-history":[{"count":0,"href":"https:\/\/noticiasdestaque.com.br\/index.php\/wp-json\/wp\/v2\/posts\/44602\/revisions"}],"wp:featuredmedia":[{"embeddable":true,"href":"https:\/\/noticiasdestaque.com.br\/index.php\/wp-json\/wp\/v2\/media\/44603"}],"wp:attachment":[{"href":"https:\/\/noticiasdestaque.com.br\/index.php\/wp-json\/wp\/v2\/media?parent=44602"}],"wp:term":[{"taxonomy":"category","embeddable":true,"href":"https:\/\/noticiasdestaque.com.br\/index.php\/wp-json\/wp\/v2\/categories?post=44602"},{"taxonomy":"post_tag","embeddable":true,"href":"https:\/\/noticiasdestaque.com.br\/index.php\/wp-json\/wp\/v2\/tags?post=44602"}],"curies":[{"name":"wp","href":"https:\/\/api.w.org\/{rel}","templated":true}]}}