{"id":44568,"date":"2025-06-11T18:40:00","date_gmt":"2025-06-11T21:40:00","guid":{"rendered":"https:\/\/noticiasdestaque.com.br\/index.php\/2025\/06\/11\/previsao-do-tempo-sudeste-tera-ceu-claro-nesta-quinta-feira-12\/"},"modified":"2025-06-11T18:40:00","modified_gmt":"2025-06-11T21:40:00","slug":"previsao-do-tempo-sudeste-tera-ceu-claro-nesta-quinta-feira-12","status":"publish","type":"post","link":"https:\/\/noticiasdestaque.com.br\/index.php\/2025\/06\/11\/previsao-do-tempo-sudeste-tera-ceu-claro-nesta-quinta-feira-12\/","title":{"rendered":"PREVIS\u00c3O DO TEMPO: Sudeste ter\u00e1 c\u00e9u claro, nesta quinta-feira (12)"},"content":{"rendered":"<p>\t\t\t\t\t\t\t\t\t\t<audio controls class=\"b61_audio_player\" data-noticia=\"82665\" src=\"https:\/\/brasil61.com\/rails\/active_storage\/blobs\/eyJfcmFpbHMiOnsibWVzc2FnZSI6IkJBaHBBekpoQXc9PSIsImV4cCI6bnVsbCwicHVyIjoiYmxvYl9pZCJ9fQ==--bcee090bb9851977ac85fb84c6333a4bec0b6b99\/PTSD254089A\"><\/audio><\/p>\n<p>Sudeste ter\u00e1 c\u00e9u claro, nesta quinta-feira (12). Condi\u00e7\u00e3o ser\u00e1 notada em SP, MG e ES ao longo do dia.<\/p>\n<p>J\u00e1 RJ deve ter n\u00e9u nublado com chuva isolada na regi\u00e3o metropolitana;\u00a0as demais \u00e1reas ter\u00e3o apenas c\u00e9u com poucas nuvens.<\/p>\n<p>Entre as capitais, a temperatura m\u00ednima prevista nesta ter\u00e7a-feira \u00e9 de 9\u00b0C, em S\u00e3o Paulo. J\u00e1 a m\u00e1xima pode chegar a 25\u00b0C, em Vit\u00f3ria.\u00a0<\/p>\n<p>As informa\u00e7\u00f5es s\u00e3o do Instituto Nacional de Meteorologia. \u00a0<\/p>\n<p>\u00a0<\/p>\n<p>\t\t\t\t\t\t\t\t\t<img loading=\"lazy\" decoding=\"async\" src=\"https:\/\/brasil61.com\/api\/v1\/serve_pixel\/17677\/82665\" alt=\"Pixel Brasil 61\" class=\"b61_pixel\" width=\"0\" height=\"0\"><\/p>\n<input type=\"hidden\" id=\"baseurl\" value=\"https:\/\/noticiasdestaque.com.br\"><input type=\"hidden\" id=\"audio_nonce\" value=\"5128c810d9\">","protected":false},"excerpt":{"rendered":"<p>Condi\u00e7\u00e3o ser\u00e1 notada em SP, MG e ES<\/p>\n","protected":false},"author":1,"featured_media":44569,"comment_status":"open","ping_status":"open","sticky":false,"template":"","format":"standard","meta":{"fifu_image_url":"","fifu_image_alt":"","footnotes":""},"categories":[58],"tags":[],"class_list":["post-44568","post","type-post","status-publish","format-standard","has-post-thumbnail","hentry","category-cotidiano"],"distributor_meta":false,"distributor_terms":false,"distributor_media":false,"distributor_original_site_name":"Noticias em Destaque","distributor_original_site_url":"https:\/\/noticiasdestaque.com.br","push-errors":false,"_links":{"self":[{"href":"https:\/\/noticiasdestaque.com.br\/index.php\/wp-json\/wp\/v2\/posts\/44568","targetHints":{"allow":["GET"]}}],"collection":[{"href":"https:\/\/noticiasdestaque.com.br\/index.php\/wp-json\/wp\/v2\/posts"}],"about":[{"href":"https:\/\/noticiasdestaque.com.br\/index.php\/wp-json\/wp\/v2\/types\/post"}],"author":[{"embeddable":true,"href":"https:\/\/noticiasdestaque.com.br\/index.php\/wp-json\/wp\/v2\/users\/1"}],"replies":[{"embeddable":true,"href":"https:\/\/noticiasdestaque.com.br\/index.php\/wp-json\/wp\/v2\/comments?post=44568"}],"version-history":[{"count":0,"href":"https:\/\/noticiasdestaque.com.br\/index.php\/wp-json\/wp\/v2\/posts\/44568\/revisions"}],"wp:featuredmedia":[{"embeddable":true,"href":"https:\/\/noticiasdestaque.com.br\/index.php\/wp-json\/wp\/v2\/media\/44569"}],"wp:attachment":[{"href":"https:\/\/noticiasdestaque.com.br\/index.php\/wp-json\/wp\/v2\/media?parent=44568"}],"wp:term":[{"taxonomy":"category","embeddable":true,"href":"https:\/\/noticiasdestaque.com.br\/index.php\/wp-json\/wp\/v2\/categories?post=44568"},{"taxonomy":"post_tag","embeddable":true,"href":"https:\/\/noticiasdestaque.com.br\/index.php\/wp-json\/wp\/v2\/tags?post=44568"}],"curies":[{"name":"wp","href":"https:\/\/api.w.org\/{rel}","templated":true}]}}