{"id":44562,"date":"2025-06-08T15:00:00","date_gmt":"2025-06-08T18:00:00","guid":{"rendered":"https:\/\/noticiasdestaque.com.br\/index.php\/2025\/06\/08\/piaui-estado-registra-54-mil-casos-provaveis-de-dengue-em-2025\/"},"modified":"2025-06-08T15:00:00","modified_gmt":"2025-06-08T18:00:00","slug":"piaui-estado-registra-54-mil-casos-provaveis-de-dengue-em-2025","status":"publish","type":"post","link":"https:\/\/noticiasdestaque.com.br\/index.php\/2025\/06\/08\/piaui-estado-registra-54-mil-casos-provaveis-de-dengue-em-2025\/","title":{"rendered":"PIAU\u00cd: estado registra 5,4 mil casos prov\u00e1veis de dengue em 2025"},"content":{"rendered":"<p>\t\t\t\t\t\t\t\t\t\t<audio controls class=\"b61_audio_player\" data-noticia=\"82528\" src=\"https:\/\/brasil61.com\/rails\/active_storage\/blobs\/eyJfcmFpbHMiOnsibWVzc2FnZSI6IkJBaHBBL2RlQXc9PSIsImV4cCI6bnVsbCwicHVyIjoiYmxvYl9pZCJ9fQ==--a74c5eb5ca411934232a117808413ed63c90566d\/AEDE253214A\"><\/audio><\/p>\n<p>O <strong>estado do Piau\u00ed j\u00e1 registrou 5.469 casos prov\u00e1veis de dengue, em 2025, <a href=\"https:\/\/www.gov.br\/saude\/pt-br\/assuntos\/saude-de-a-a-z\/a\/aedes-aegypti\/monitoramento-das-arboviroses\">mostram dados do Minist\u00e9rio da Sa\u00fade<\/a>\u00a0(dados at\u00e9 31\/05\/2025)<\/strong>. No per\u00edodo, foram registrados sete \u00f3bitos em decorr\u00eancia da doen\u00e7a.<\/p>\n<p>Diante disso, <strong>autoridades de sa\u00fade e a popula\u00e7\u00e3o precisam continuar mobilizadas na preven\u00e7\u00e3o aos focos do mosquito transmissor da dengue e atentos aos sintomas da dengue<\/strong>. \u00c9 o que ressalta o secret\u00e1rio adjunto da Secretaria de Vigil\u00e2ncia em Sa\u00fade e Ambiente, Fabiano Geraldo Pimenta Junior.\u00a0<\/p>\n<p>\u201cQue numa a\u00e7\u00e3o sin\u00e9rgica, apoiados pelo Minist\u00e9rio da Sa\u00fade, estados e munic\u00edpios, n\u00f3s possamos garantir a continuidade das a\u00e7\u00f5es de orienta\u00e7\u00e3o da popula\u00e7\u00e3o, avaliando se tem criadouros potenciais do mosquito aedes aegypti, para que quando retornarem as chuvas e outras condi\u00e7\u00f5es mais favor\u00e1veis \u00e0 transmiss\u00e3o da doen\u00e7a, n\u00f3s tenhamos baixa infesta\u00e7\u00e3o e, portanto, menor possibilidade de ocorr\u00eancia de epidemias.\u201d<\/p>\n<p>De olho nos munic\u00edpios com alta transmiss\u00e3o da dengue ou n\u00famero de casos em ascens\u00e3o em 2025, o <strong>Minist\u00e9rio da Sa\u00fade realiza a\u00e7\u00f5es de enfrentamento em uma cidade piauiense, a capital Teresina<\/strong>. Desde que ativou o Centro de Opera\u00e7\u00f5es de Emerg\u00eancias para Dengue e outras arboviroses, o Minist\u00e9rio intensificou as a\u00e7\u00f5es para conter o avan\u00e7o da dengue no estado, al\u00e9m de garantir atendimento adequado \u00e0 popula\u00e7\u00e3o nos munic\u00edpios mais afetados.<br \/>\n\u00a0\u00a0 \u00a0<br \/>\nA <strong>campanha nacional contra a dengue realizada pelo Minist\u00e9rio da Sa\u00fade refor\u00e7a: estar atento aos sintomas que o corpo emite \u00e9 essencial para uma resposta r\u00e1pida e eficaz<\/strong>. O atendimento de um profissional de sa\u00fade logo ap\u00f3s o surgimento dos primeiros sintomas \u00e9 fundamental para evitar que a dengue se agrave.<\/p>\n<p>O secret\u00e1rio adjunto da Secretaria de Vigil\u00e2ncia em Sa\u00fade e Ambiente, Fabiano Geraldo, faz um alerta especial para os grupos mais vulner\u00e1veis, como idosos, pessoas com doen\u00e7as cr\u00f4nicas \u2013 como diabetes e hipertens\u00e3o \u2013 e para indiv\u00edduos com baixa imunidade:<\/p>\n<p>\u201cChamamos aten\u00e7\u00e3o para aquelas pessoas que t\u00eam diabetes, hipertens\u00e3o, idosos, aquelas pessoas que t\u00eam alguma doen\u00e7a que n\u00f3s chamamos de doen\u00e7as com problemas no sistema imunol\u00f3gico, ent\u00e3o isso \u00e9 muito importante que isso seja observado, porque esses sinais de alertas exigem um cuidado muito mais urgente.\u201d<\/p>\n<p>Aten\u00e7\u00e3o: <strong>se estiver com febre, dor de cabe\u00e7a e\/ou atr\u00e1s dos olhos, manchas vermelhas no corpo s\u00e3o sintomas de dengue<\/strong>. Percebeu os sintomas? Beba bastante \u00e1gua, n\u00e3o tome rem\u00e9dios por conta pr\u00f3pria e procure um servi\u00e7o de sa\u00fade mais pr\u00f3ximo.<\/p>\n<p>Saiba mais em <a href=\"http:\/\/gov.br\/mosquito\" target=\"_blank\">gov.br\/mosquito<\/a> ou ligue 136.<\/p>\n<p>\t\t\t\t\t\t\t\t\t<img loading=\"lazy\" decoding=\"async\" src=\"https:\/\/brasil61.com\/api\/v1\/serve_pixel\/17677\/82528\" alt=\"Pixel Brasil 61\" class=\"b61_pixel\" width=\"0\" height=\"0\"><\/p>\n<input type=\"hidden\" id=\"baseurl\" value=\"https:\/\/noticiasdestaque.com.br\"><input type=\"hidden\" id=\"audio_nonce\" value=\"6f73a554f1\">","protected":false},"excerpt":{"rendered":"<p>Diante disso, autoridades de sa\u00fade e a popula\u00e7\u00e3o precisam continuar mobilizadas na preven\u00e7\u00e3o aos focos do mosquito transmissor da dengue e atentos aos sintomas da dengue. <\/p>\n","protected":false},"author":1,"featured_media":44563,"comment_status":"open","ping_status":"open","sticky":false,"template":"","format":"standard","meta":{"fifu_image_url":"","fifu_image_alt":"","footnotes":""},"categories":[51],"tags":[],"class_list":["post-44562","post","type-post","status-publish","format-standard","has-post-thumbnail","hentry","category-saude"],"distributor_meta":false,"distributor_terms":false,"distributor_media":false,"distributor_original_site_name":"Noticias em Destaque","distributor_original_site_url":"https:\/\/noticiasdestaque.com.br","push-errors":false,"_links":{"self":[{"href":"https:\/\/noticiasdestaque.com.br\/index.php\/wp-json\/wp\/v2\/posts\/44562","targetHints":{"allow":["GET"]}}],"collection":[{"href":"https:\/\/noticiasdestaque.com.br\/index.php\/wp-json\/wp\/v2\/posts"}],"about":[{"href":"https:\/\/noticiasdestaque.com.br\/index.php\/wp-json\/wp\/v2\/types\/post"}],"author":[{"embeddable":true,"href":"https:\/\/noticiasdestaque.com.br\/index.php\/wp-json\/wp\/v2\/users\/1"}],"replies":[{"embeddable":true,"href":"https:\/\/noticiasdestaque.com.br\/index.php\/wp-json\/wp\/v2\/comments?post=44562"}],"version-history":[{"count":0,"href":"https:\/\/noticiasdestaque.com.br\/index.php\/wp-json\/wp\/v2\/posts\/44562\/revisions"}],"wp:featuredmedia":[{"embeddable":true,"href":"https:\/\/noticiasdestaque.com.br\/index.php\/wp-json\/wp\/v2\/media\/44563"}],"wp:attachment":[{"href":"https:\/\/noticiasdestaque.com.br\/index.php\/wp-json\/wp\/v2\/media?parent=44562"}],"wp:term":[{"taxonomy":"category","embeddable":true,"href":"https:\/\/noticiasdestaque.com.br\/index.php\/wp-json\/wp\/v2\/categories?post=44562"},{"taxonomy":"post_tag","embeddable":true,"href":"https:\/\/noticiasdestaque.com.br\/index.php\/wp-json\/wp\/v2\/tags?post=44562"}],"curies":[{"name":"wp","href":"https:\/\/api.w.org\/{rel}","templated":true}]}}