{"id":44560,"date":"2025-06-05T13:00:00","date_gmt":"2025-06-05T16:00:00","guid":{"rendered":"https:\/\/noticiasdestaque.com.br\/index.php\/2025\/06\/05\/rio-grande-do-sul-estado-registra-81-mil-casos-provaveis-e-21-obitos-por-dengue-em-2025\/"},"modified":"2025-06-05T13:00:00","modified_gmt":"2025-06-05T16:00:00","slug":"rio-grande-do-sul-estado-registra-81-mil-casos-provaveis-e-21-obitos-por-dengue-em-2025","status":"publish","type":"post","link":"https:\/\/noticiasdestaque.com.br\/index.php\/2025\/06\/05\/rio-grande-do-sul-estado-registra-81-mil-casos-provaveis-e-21-obitos-por-dengue-em-2025\/","title":{"rendered":"RIO GRANDE DO SUL: estado registra 81 mil casos prov\u00e1veis e 21 \u00f3bitos por dengue em 2025"},"content":{"rendered":"<p>\t\t\t\t\t\t\t\t\t\t<audio controls class=\"b61_audio_player\" data-noticia=\"82449\" src=\"https:\/\/brasil61.com\/rails\/active_storage\/blobs\/eyJfcmFpbHMiOnsibWVzc2FnZSI6IkJBaHBBNmhjQXc9PSIsImV4cCI6bnVsbCwicHVyIjoiYmxvYl9pZCJ9fQ==--824092ee8d611c789a553cce30ff3893f03ccd96\/AEDE253192A\"><\/audio><\/p>\n<p>O <strong>Rio Grande do Sul j\u00e1 registrou 81 mil casos prov\u00e1veis de dengue<\/strong>, em 2025, mostram <a href=\"https:\/\/www.gov.br\/saude\/pt-br\/assuntos\/saude-de-a-a-z\/a\/aedes-aegypti\/monitoramento-das-arboviroses\">dados do Minist\u00e9rio da Sa\u00fade<\/a>. <strong>No per\u00edodo, foram registrados 34 \u00f3bitos em decorr\u00eancia da doen\u00e7a<\/strong>.<\/p>\n<p>Diante disso, autoridades de sa\u00fade e a popula\u00e7\u00e3o precisam continuar mobilizadas na preven\u00e7\u00e3o aos focos do <strong>mosquito transmissor da dengue e atentos aos sintomas da dengue<\/strong>..\u00a0<\/p>\n<p>\u00c9 o que ressalta o secret\u00e1rio adjunto da Secretaria de Vigil\u00e2ncia em Sa\u00fade e Ambiente, Fabiano Geraldo Pimenta Junior.\u00a0\u201cQue numa a\u00e7\u00e3o sin\u00e9rgica, apoiados pelo Minist\u00e9rio da Sa\u00fade, estados e munic\u00edpios, n\u00f3s possamos garantir a continuidade das a\u00e7\u00f5es de orienta\u00e7\u00e3o da popula\u00e7\u00e3o, avaliando se tem criadouros potenciais do mosquito aedes aegypti, para que quando retornarem as chuvas e outras condi\u00e7\u00f5es mais favor\u00e1veis \u00e0 transmiss\u00e3o da doen\u00e7a, n\u00f3s tenhamos baixa infesta\u00e7\u00e3o e, portanto, menor possibilidade de ocorr\u00eancia de epidemias.\u201d<\/p>\n<p><strong>De olho nos munic\u00edpios com alta transmiss\u00e3o da dengue ou n\u00famero de casos em ascens\u00e3o em 2025, o Minist\u00e9rio da Sa\u00fade realiza a\u00e7\u00f5es de enfrentamento em QUINZE cidades ga\u00fachas<\/strong>. Desde que ativou o Centro de Opera\u00e7\u00f5es de Emerg\u00eancias para Dengue e outras arboviroses, o Minist\u00e9rio intensificou as a\u00e7\u00f5es para conter o avan\u00e7o da dengue no estado, al\u00e9m de garantir atendimento adequado \u00e0 popula\u00e7\u00e3o nos munic\u00edpios mais afetados.\u00a0\u00a0\u00a0\u00a0\u00a0\u00a0\u00a0\u00a0<\/p>\n<p>A campanha nacional contra a dengue realizada pelo Minist\u00e9rio da Sa\u00fade refor\u00e7a: estar atento aos <strong>sintomas <\/strong>que o corpo emite \u00e9 essencial para uma resposta r\u00e1pida e eficaz. <strong>O atendimento de um profissional de sa\u00fade logo ap\u00f3s o surgimento dos primeiros sintomas \u00e9 fundamental para evitar que a dengue se agrave<\/strong>.<\/p>\n<p>Foi o que fez a cuidadora de idosos Rosemeri Dalemolle, de 55 anos, de Tr\u00eas de Maio (RS). Ela se curou da dengue e lembra do sofrimento de ter tido a doen\u00e7a:\u00a0\u201cTive sintomas de muita n\u00e1usea, fraqueza, enjoos e foi um per\u00edodo bem dif\u00edcil porque tive que ficar o tempo todo de repouso, n\u00e3o conseguia me alimentar e foi isso.\u201d<\/p>\n<p>Aten\u00e7\u00e3o: <strong>febre, dor de cabe\u00e7a e\/ou \u00a0atr\u00e1s dos olhos, manchas vermelhas no corpo s\u00e3o sintomas de dengue<\/strong>. Percebeu os sintomas? Beba bastante \u00e1gua, n\u00e3o tome rem\u00e9dios por conta pr\u00f3pria e procure um servi\u00e7o de sa\u00fade mais pr\u00f3ximo.<\/p>\n<p>Saiba mais em <a href=\"https:\/\/www.gov.br\/saude\/pt-br\/campanhas-da-saude\/2025\/mosquito\">gov.br\/mosquito <\/a>ou ligue 136.<\/p>\n<p>\t\t\t\t\t\t\t\t\t<img loading=\"lazy\" decoding=\"async\" src=\"https:\/\/brasil61.com\/api\/v1\/serve_pixel\/17677\/82449\" alt=\"Pixel Brasil 61\" class=\"b61_pixel\" width=\"0\" height=\"0\"><\/p>\n<input type=\"hidden\" id=\"baseurl\" value=\"https:\/\/noticiasdestaque.com.br\"><input type=\"hidden\" id=\"audio_nonce\" value=\"34245022d4\">","protected":false},"excerpt":{"rendered":"<p>Diante disso, autoridades de sa\u00fade e a popula\u00e7\u00e3o precisam continuar mobilizadas na preven\u00e7\u00e3o aos focos do mosquito transmissor da dengue e atentos aos sintomas da dengue<\/p>\n","protected":false},"author":1,"featured_media":44561,"comment_status":"open","ping_status":"open","sticky":false,"template":"","format":"standard","meta":{"fifu_image_url":"","fifu_image_alt":"","footnotes":""},"categories":[51],"tags":[],"class_list":["post-44560","post","type-post","status-publish","format-standard","has-post-thumbnail","hentry","category-saude"],"distributor_meta":false,"distributor_terms":false,"distributor_media":false,"distributor_original_site_name":"Noticias em Destaque","distributor_original_site_url":"https:\/\/noticiasdestaque.com.br","push-errors":false,"_links":{"self":[{"href":"https:\/\/noticiasdestaque.com.br\/index.php\/wp-json\/wp\/v2\/posts\/44560","targetHints":{"allow":["GET"]}}],"collection":[{"href":"https:\/\/noticiasdestaque.com.br\/index.php\/wp-json\/wp\/v2\/posts"}],"about":[{"href":"https:\/\/noticiasdestaque.com.br\/index.php\/wp-json\/wp\/v2\/types\/post"}],"author":[{"embeddable":true,"href":"https:\/\/noticiasdestaque.com.br\/index.php\/wp-json\/wp\/v2\/users\/1"}],"replies":[{"embeddable":true,"href":"https:\/\/noticiasdestaque.com.br\/index.php\/wp-json\/wp\/v2\/comments?post=44560"}],"version-history":[{"count":0,"href":"https:\/\/noticiasdestaque.com.br\/index.php\/wp-json\/wp\/v2\/posts\/44560\/revisions"}],"wp:featuredmedia":[{"embeddable":true,"href":"https:\/\/noticiasdestaque.com.br\/index.php\/wp-json\/wp\/v2\/media\/44561"}],"wp:attachment":[{"href":"https:\/\/noticiasdestaque.com.br\/index.php\/wp-json\/wp\/v2\/media?parent=44560"}],"wp:term":[{"taxonomy":"category","embeddable":true,"href":"https:\/\/noticiasdestaque.com.br\/index.php\/wp-json\/wp\/v2\/categories?post=44560"},{"taxonomy":"post_tag","embeddable":true,"href":"https:\/\/noticiasdestaque.com.br\/index.php\/wp-json\/wp\/v2\/tags?post=44560"}],"curies":[{"name":"wp","href":"https:\/\/api.w.org\/{rel}","templated":true}]}}