{"id":44552,"date":"2025-07-05T03:00:00","date_gmt":"2025-07-05T06:00:00","guid":{"rendered":"https:\/\/noticiasdestaque.com.br\/index.php\/2025\/07\/05\/fpmin-e-mme-iniciam-dialogo-para-politica-mineral-brasileira\/"},"modified":"2025-07-05T03:00:00","modified_gmt":"2025-07-05T06:00:00","slug":"fpmin-e-mme-iniciam-dialogo-para-politica-mineral-brasileira","status":"publish","type":"post","link":"https:\/\/noticiasdestaque.com.br\/index.php\/2025\/07\/05\/fpmin-e-mme-iniciam-dialogo-para-politica-mineral-brasileira\/","title":{"rendered":"FPMin e MME iniciam di\u00e1logo para pol\u00edtica mineral brasileira"},"content":{"rendered":"<p>A<strong> Frente Parlamentar da Minera\u00e7\u00e3o Sustent\u00e1vel (FPMin)<\/strong> deu mais um passo importante para garantir que o setor mineral esteja alinhado com as demandas da transi\u00e7\u00e3o energ\u00e9tica e do desenvolvimento sustent\u00e1vel. Em reuni\u00e3o com o <strong>Minist\u00e9rio de Minas e Energia (MME)<\/strong> no dia 2 de julho o deputado Z\u00e9 Silva, representando a <strong>FPMin<\/strong>, iniciou o di\u00e1logo t\u00e9cnico para contribuir com a elabora\u00e7\u00e3o da nova pol\u00edtica mineral brasileira.<\/p>\n<p>O encontro marcou a primeira reuni\u00e3o de alinhamento entre a equipe do <strong>MME <\/strong>e a Frente Parlamentar, que tem atuado como ponte entre o setor produtivo, o Congresso Nacional e o governo federal. A proposta em constru\u00e7\u00e3o tem como objetivo fortalecer toda a cadeia de valor dos minerais cr\u00edticos e estrat\u00e9gicos, considerados essenciais para a gera\u00e7\u00e3o de energia limpa, a inova\u00e7\u00e3o tecnol\u00f3gica e a seguran\u00e7a alimentar. O ministro de <strong>Minas e Energia<\/strong>, Alexandre Silveira, reafirmou o compromisso de entregar ainda neste ano uma pol\u00edtica mineral moderna, segura e voltada \u00e0 gera\u00e7\u00e3o de empregos e \u00e0 transi\u00e7\u00e3o energ\u00e9tica. O secret\u00e1rio nacional substituto de Geologia, <strong>Minera\u00e7\u00e3o e Transforma\u00e7\u00e3o Mineral<\/strong>, Anderson Arruda, destacou o papel da <strong>FPMin <\/strong>no processo e afirmou que a Frente tem sido uma parceira fundamental para construir uma pol\u00edtica que atenda \u00e0s necessidades da ind\u00fastria nacional com responsabilidade socioambiental.<\/p>\n<p>Durante a reuni\u00e3o, o <strong>MME <\/strong>apresentou as diretrizes iniciais da proposta, que busca tornar o Brasil mais competitivo e atrativo para investimentos em todas as etapas do setor mineral, desde a pesquisa at\u00e9 a transforma\u00e7\u00e3o mineral. A iniciativa tamb\u00e9m pretende agregar valor \u00e0s mat\u00e9rias-primas nacionais e ampliar o protagonismo do Brasil no cen\u00e1rio internacional da economia verde. A <strong>FPMin <\/strong>refor\u00e7a seu compromisso com uma minera\u00e7\u00e3o respons\u00e1vel, transparente e essencial para o desenvolvimento sustent\u00e1vel do pa\u00eds. A Frente continuar\u00e1 atuando de forma ativa na constru\u00e7\u00e3o dessa pol\u00edtica, ouvindo especialistas, o setor produtivo e a sociedade civil para garantir que o Brasil aproveite seu potencial mineral de forma estrat\u00e9gica e sustent\u00e1vel.<\/p>\n<p>\t\t\t\t\t\t\t\t\t<img loading=\"lazy\" decoding=\"async\" src=\"https:\/\/brasil61.com\/api\/v1\/serve_pixel\/17677\/83184\" alt=\"Pixel Brasil 61\" class=\"b61_pixel\" width=\"0\" height=\"0\"><\/p>\n<input type=\"hidden\" id=\"baseurl\" value=\"https:\/\/noticiasdestaque.com.br\"><input type=\"hidden\" id=\"audio_nonce\" value=\"6f73a554f1\">","protected":false},"excerpt":{"rendered":"<p>O encontro marcou a primeira reuni\u00e3o de alinhamento entre a equipe do MME e a Frente Parlamentar, que tem atuado como ponte entre o setor produtivo, o Congresso Nacional e o governo federal.<\/p>\n","protected":false},"author":1,"featured_media":44553,"comment_status":"open","ping_status":"open","sticky":false,"template":"","format":"standard","meta":{"fifu_image_url":"","fifu_image_alt":"","footnotes":""},"categories":[59],"tags":[],"class_list":["post-44552","post","type-post","status-publish","format-standard","has-post-thumbnail","hentry","category-economia"],"distributor_meta":false,"distributor_terms":false,"distributor_media":false,"distributor_original_site_name":"Noticias em Destaque","distributor_original_site_url":"https:\/\/noticiasdestaque.com.br","push-errors":false,"_links":{"self":[{"href":"https:\/\/noticiasdestaque.com.br\/index.php\/wp-json\/wp\/v2\/posts\/44552","targetHints":{"allow":["GET"]}}],"collection":[{"href":"https:\/\/noticiasdestaque.com.br\/index.php\/wp-json\/wp\/v2\/posts"}],"about":[{"href":"https:\/\/noticiasdestaque.com.br\/index.php\/wp-json\/wp\/v2\/types\/post"}],"author":[{"embeddable":true,"href":"https:\/\/noticiasdestaque.com.br\/index.php\/wp-json\/wp\/v2\/users\/1"}],"replies":[{"embeddable":true,"href":"https:\/\/noticiasdestaque.com.br\/index.php\/wp-json\/wp\/v2\/comments?post=44552"}],"version-history":[{"count":0,"href":"https:\/\/noticiasdestaque.com.br\/index.php\/wp-json\/wp\/v2\/posts\/44552\/revisions"}],"wp:featuredmedia":[{"embeddable":true,"href":"https:\/\/noticiasdestaque.com.br\/index.php\/wp-json\/wp\/v2\/media\/44553"}],"wp:attachment":[{"href":"https:\/\/noticiasdestaque.com.br\/index.php\/wp-json\/wp\/v2\/media?parent=44552"}],"wp:term":[{"taxonomy":"category","embeddable":true,"href":"https:\/\/noticiasdestaque.com.br\/index.php\/wp-json\/wp\/v2\/categories?post=44552"},{"taxonomy":"post_tag","embeddable":true,"href":"https:\/\/noticiasdestaque.com.br\/index.php\/wp-json\/wp\/v2\/tags?post=44552"}],"curies":[{"name":"wp","href":"https:\/\/api.w.org\/{rel}","templated":true}]}}