{"id":44546,"date":"2025-07-07T02:00:00","date_gmt":"2025-07-07T05:00:00","guid":{"rendered":"https:\/\/noticiasdestaque.com.br\/index.php\/2025\/07\/07\/antes-do-recesso-congresso-tenta-destravar-reformas-e-frear-crise-entre-os-poderes\/"},"modified":"2025-07-07T02:00:00","modified_gmt":"2025-07-07T05:00:00","slug":"antes-do-recesso-congresso-tenta-destravar-reformas-e-frear-crise-entre-os-poderes","status":"publish","type":"post","link":"https:\/\/noticiasdestaque.com.br\/index.php\/2025\/07\/07\/antes-do-recesso-congresso-tenta-destravar-reformas-e-frear-crise-entre-os-poderes\/","title":{"rendered":"Antes do recesso, Congresso tenta destravar reformas e frear crise entre os Poderes"},"content":{"rendered":"<p>\t\t\t\t\t\t\t\t\t\t<audio controls class=\"b61_audio_player\" data-noticia=\"83158\" src=\"https:\/\/brasil61.com\/rails\/active_storage\/blobs\/eyJfcmFpbHMiOnsibWVzc2FnZSI6IkJBaHBBeDV1QXc9PSIsImV4cCI6bnVsbCwicHVyIjoiYmxvYl9pZCJ9fQ==--a17185ff2e55674130e1597ac6b44ae1a2befe09\/BRAS2514252A\"><\/audio><\/p>\n<p>Faltando duas semanas para o in\u00edcio do recesso parlamentar, marcado para o pr\u00f3ximo dia 18, o impasse institucional envolvendo o Imposto sobre Opera\u00e7\u00f5es Financeiras (IOF) segue ganhando destaque no Congresso e se estende aos tr\u00eas Poderes da Rep\u00fablica.<\/p>\n<p>Nos bastidores, avan\u00e7a uma proposta com o objetivo de solucionar o conflito entre Executivo e Legislativo em torno do decreto presidencial que elevou a al\u00edquota do imposto. O plano ser\u00e1 discutido em prepara\u00e7\u00e3o para a audi\u00eancia de concilia\u00e7\u00e3o marcada pelo ministro Alexandre de Moraes, do Supremo Tribunal Federal (STF), no dia 15.<\/p>\n<p>Pelo acordo em negocia\u00e7\u00e3o, o governo federal revogaria o decreto e retiraria a a\u00e7\u00e3o do STF. Em contrapartida, o Congresso aprovaria medidas para reduzir gastos tribut\u00e1rios e refor\u00e7ar o equil\u00edbrio fiscal no curto e m\u00e9dio prazos. A articula\u00e7\u00e3o \u00e9 liderada por parlamentares do Centr\u00e3o e pode representar uma solu\u00e7\u00e3o negociada para encerrar a tens\u00e3o entre os Poderes.<\/p>\n<h2>Administrativa e tribut\u00e1ria, as reformas em debate<\/h2>\n<p>Dando andamento \u00e0 reforma administrativa, na ter\u00e7a-feira (8), a Frente Parlamentar Mista em Defesa do Servi\u00e7o P\u00fablico promove um semin\u00e1rio que deve reunir especialistas e representantes de servidores para discutir os caminhos poss\u00edveis para mudan\u00e7as na estrutura do Estado. A proposta, adormecida desde 2021, voltou ao radar diante da press\u00e3o por medidas de racionaliza\u00e7\u00e3o dos gastos p\u00fablicos. Apesar disso, ainda h\u00e1 forte resist\u00eancia de parte dos parlamentares e de sindicatos ligados ao funcionalismo.<\/p>\n<p>J\u00e1 a reforma tribut\u00e1ria, cuja transi\u00e7\u00e3o come\u00e7a em janeiro de 2026, continua em ritmo lento. O governo iniciou, com 50 empresas, um projeto piloto da Contribui\u00e7\u00e3o sobre Bens e Servi\u00e7os (CBS), mas a regulamenta\u00e7\u00e3o definitiva est\u00e1 travada no Senado. O relator do PLP 108\/24, senador Eduardo Braga (MDB-AM), adiou a apresenta\u00e7\u00e3o do relat\u00f3rio ap\u00f3s pedidos de nova rodada de negocia\u00e7\u00e3o. Entre os principais entraves, est\u00e1 a composi\u00e7\u00e3o do Conselho Superior do Comit\u00ea Gestor do novo tributo. A expectativa \u00e9 que o texto s\u00f3 avance ap\u00f3s o recesso parlamentar, em agosto.<\/p>\n<h2>Seguran\u00e7a P\u00fablica<\/h2>\n<p>Na pauta de seguran\u00e7a p\u00fablica, a C\u00e2mara tamb\u00e9m pode analisar o projeto que j\u00e1 foi aprovado na \u00faltima semana, aumentando de 50% para 80% o tempo m\u00ednimo de cumprimento da pena em regime fechado para a progress\u00e3o de condenados por homic\u00eddio contra agentes do Estado.<\/p>\n<p>J\u00e1 est\u00e1 aprovada a urg\u00eancia de outro texto, que trata da avalia\u00e7\u00e3o de incentivos fiscais concedidos pela Uni\u00e3o.<\/p>\n<p>\u00a0<\/p>\n<p>\t\t\t\t\t\t\t\t\t<img loading=\"lazy\" decoding=\"async\" src=\"https:\/\/brasil61.com\/api\/v1\/serve_pixel\/17677\/83158\" alt=\"Pixel Brasil 61\" class=\"b61_pixel\" width=\"0\" height=\"0\"><\/p>\n<input type=\"hidden\" id=\"baseurl\" value=\"https:\/\/noticiasdestaque.com.br\"><input type=\"hidden\" id=\"audio_nonce\" value=\"6f73a554f1\">","protected":false},"excerpt":{"rendered":"<p>Impasses sobre IOF, reforma tribut\u00e1ria e administrativa exp\u00f5em desafios de articula\u00e7\u00e3o; seguran\u00e7a p\u00fablica ganha espa\u00e7o na pauta legislativa<\/p>\n","protected":false},"author":1,"featured_media":44547,"comment_status":"open","ping_status":"open","sticky":false,"template":"","format":"standard","meta":{"fifu_image_url":"","fifu_image_alt":"","footnotes":""},"categories":[50],"tags":[],"class_list":["post-44546","post","type-post","status-publish","format-standard","has-post-thumbnail","hentry","category-politica"],"distributor_meta":false,"distributor_terms":false,"distributor_media":false,"distributor_original_site_name":"Noticias em Destaque","distributor_original_site_url":"https:\/\/noticiasdestaque.com.br","push-errors":false,"_links":{"self":[{"href":"https:\/\/noticiasdestaque.com.br\/index.php\/wp-json\/wp\/v2\/posts\/44546","targetHints":{"allow":["GET"]}}],"collection":[{"href":"https:\/\/noticiasdestaque.com.br\/index.php\/wp-json\/wp\/v2\/posts"}],"about":[{"href":"https:\/\/noticiasdestaque.com.br\/index.php\/wp-json\/wp\/v2\/types\/post"}],"author":[{"embeddable":true,"href":"https:\/\/noticiasdestaque.com.br\/index.php\/wp-json\/wp\/v2\/users\/1"}],"replies":[{"embeddable":true,"href":"https:\/\/noticiasdestaque.com.br\/index.php\/wp-json\/wp\/v2\/comments?post=44546"}],"version-history":[{"count":0,"href":"https:\/\/noticiasdestaque.com.br\/index.php\/wp-json\/wp\/v2\/posts\/44546\/revisions"}],"wp:featuredmedia":[{"embeddable":true,"href":"https:\/\/noticiasdestaque.com.br\/index.php\/wp-json\/wp\/v2\/media\/44547"}],"wp:attachment":[{"href":"https:\/\/noticiasdestaque.com.br\/index.php\/wp-json\/wp\/v2\/media?parent=44546"}],"wp:term":[{"taxonomy":"category","embeddable":true,"href":"https:\/\/noticiasdestaque.com.br\/index.php\/wp-json\/wp\/v2\/categories?post=44546"},{"taxonomy":"post_tag","embeddable":true,"href":"https:\/\/noticiasdestaque.com.br\/index.php\/wp-json\/wp\/v2\/tags?post=44546"}],"curies":[{"name":"wp","href":"https:\/\/api.w.org\/{rel}","templated":true}]}}