{"id":44542,"date":"2025-06-25T15:05:00","date_gmt":"2025-06-25T18:05:00","guid":{"rendered":"https:\/\/noticiasdestaque.com.br\/index.php\/2025\/06\/25\/bioeconomia-banco-da-amazonia-busca-parcerias-estrategicas-no-japao-para-impulsionar-solucoes-sustentaveis\/"},"modified":"2025-06-25T15:05:00","modified_gmt":"2025-06-25T18:05:00","slug":"bioeconomia-banco-da-amazonia-busca-parcerias-estrategicas-no-japao-para-impulsionar-solucoes-sustentaveis","status":"publish","type":"post","link":"https:\/\/noticiasdestaque.com.br\/index.php\/2025\/06\/25\/bioeconomia-banco-da-amazonia-busca-parcerias-estrategicas-no-japao-para-impulsionar-solucoes-sustentaveis\/","title":{"rendered":"Bioeconomia: Banco da Amaz\u00f4nia busca parcerias estrat\u00e9gicas no Jap\u00e3o para impulsionar solu\u00e7\u00f5es sustent\u00e1veis"},"content":{"rendered":"<p>\t\t\t\t\t\t\t\t\t\t<audio controls class=\"b61_audio_player\" data-noticia=\"82942\" src=\"https:\/\/brasil61.com\/rails\/active_storage\/blobs\/eyJfcmFpbHMiOnsibWVzc2FnZSI6IkJBaHBBM2huQXc9PSIsImV4cCI6bnVsbCwicHVyIjoiYmxvYl9pZCJ9fQ==--4891a81de0d7265b89d7c4c120e8c4b6ba0f534e\/BASA250053A\"><\/audio><\/p>\n<p>Em meio \u00e0 <strong>Semana Nacional do Brasil na Expo Osaka 2025<\/strong> \u2013 evento que segue at\u00e9 o dia 28 de junho em Osaka, no Jap\u00e3o \u2013 o presidente do<strong> Banco da Amaz\u00f4nia <a href=\"https:\/\/www.bancoamazonia.com.br\/\" target=\"_blank\">(BASA)<\/a><\/strong>, Luiz Lessa, se reuniu com representantes da embaixada do Brasil no Jap\u00e3o para tratar de parcerias estrat\u00e9gicas voltadas ao desenvolvimento sustent\u00e1vel da Amaz\u00f4nia.<\/p>\n<p>Entre os assuntos tratados, est\u00e3o bioeconomia, inova\u00e7\u00e3o e coopera\u00e7\u00e3o internacional. Segundo Lessa, a rela\u00e7\u00e3o entre os dois pa\u00edses inclui v\u00e1rios setores, inclusive com modelos que podem favorecer o empreendedorismo nacional.<\/p>\n<p>\u201cA conex\u00e3o entre os dois pa\u00edses est\u00e1 presente desde o a\u00e7a\u00ed exportado para o Jap\u00e3o pela col\u00f4nia japonesa de Tom\u00e9-A\u00e7\u00fa, no Par\u00e1, at\u00e9 as parcerias hist\u00f3ricas para o desenvolvimento sustent\u00e1vel da Amaz\u00f4nia. O Banco da Amaz\u00f4nia reconhece e valoriza essa amizade\u201d, disse.<\/p>\n<p><a href=\"https:\/\/brasil61.com\/n\/bioeconomia-amazonica-ganha-impulso-com-parceria-entre-banco-da-amazonia-e-mma-basa250051\" target=\"_blank\">Bioeconomia amaz\u00f4nica ganha impulso com parceria entre Banco da Amaz\u00f4nia e MMA<\/a><\/p>\n<p><a href=\"https:\/\/brasil61.com\/n\/credito-verde-e-agricultura-familiar-banco-da-amazonia-amplia-apoio-com-r-2-5-bilhoes-em-2025-basa250050\" target=\"_blank\">Cr\u00e9dito verde e agricultura familiar: Banco da Amaz\u00f4nia amplia apoio com R$ 2,5 bilh\u00f5es em 2025<\/a><\/p>\n<p>A ideia, na avalia\u00e7\u00e3o de Lessa, \u00e9 promover a internacionaliza\u00e7\u00e3o de solu\u00e7\u00f5es sustent\u00e1veis para a <strong>Regi\u00e3o Amaz\u00f4nica<\/strong>, com a constru\u00e7\u00e3o de alian\u00e7as institucionais de longo prazo.<\/p>\n<h2>Expo Osaka 2025: 130 anos de rela\u00e7\u00f5es entre Brasil e Jap\u00e3o<\/h2>\n<p>O evento celebra os 130 anos de rela\u00e7\u00f5es entre Brasil e Jap\u00e3o. O Banco da Amaz\u00f4nia comp\u00f4s a comitiva a convite da <strong>Ag\u00eancia Brasileira de Promo\u00e7\u00e3o de Exporta\u00e7\u00f5es e Investimentos <a href=\"https:\/\/apexbrasil.com.br\/\" target=\"_blank\">(ApexBrasil)<\/a><\/strong>.<\/p>\n<p>Al\u00e9m da embaixada do Brasil no pa\u00eds asi\u00e1tico, a equipe do Banco da Amaz\u00f4nia esteve presente na <strong>Ag\u00eancia de Coopera\u00e7\u00e3o Internacional do Jap\u00e3o (JICA)<\/strong> \u2013 considerada uma refer\u00eancia global em iniciativas de desenvolvimento sustent\u00e1vel.<\/p>\n<p>O encontro, que contou com a participa\u00e7\u00e3o do diretor-geral Takehiro Yasui, teve como objetivo estreitar rela\u00e7\u00f5es e tratar de acordos sobre desenvolvimento da regi\u00e3o amaz\u00f4nica, de forma sustent\u00e1vel.<br \/>\n\u00a0<\/p>\n<p>\t\t\t\t\t\t\t\t\t<img loading=\"lazy\" decoding=\"async\" src=\"https:\/\/brasil61.com\/api\/v1\/serve_pixel\/17677\/82942\" alt=\"Pixel Brasil 61\" class=\"b61_pixel\" width=\"0\" height=\"0\"><\/p>\n<input type=\"hidden\" id=\"baseurl\" value=\"https:\/\/noticiasdestaque.com.br\"><input type=\"hidden\" id=\"audio_nonce\" value=\"5128c810d9\">","protected":false},"excerpt":{"rendered":"<p>Na Semana Nacional do Brasil na Expo Osaka, presidente do BASA defende internacionaliza\u00e7\u00e3o de solu\u00e7\u00f5es sustent\u00e1veis e alian\u00e7as institucionais de longo prazo<\/p>\n","protected":false},"author":1,"featured_media":44543,"comment_status":"open","ping_status":"open","sticky":false,"template":"","format":"standard","meta":{"fifu_image_url":"","fifu_image_alt":"","footnotes":""},"categories":[59],"tags":[],"class_list":["post-44542","post","type-post","status-publish","format-standard","has-post-thumbnail","hentry","category-economia"],"distributor_meta":false,"distributor_terms":false,"distributor_media":false,"distributor_original_site_name":"Noticias em Destaque","distributor_original_site_url":"https:\/\/noticiasdestaque.com.br","push-errors":false,"_links":{"self":[{"href":"https:\/\/noticiasdestaque.com.br\/index.php\/wp-json\/wp\/v2\/posts\/44542","targetHints":{"allow":["GET"]}}],"collection":[{"href":"https:\/\/noticiasdestaque.com.br\/index.php\/wp-json\/wp\/v2\/posts"}],"about":[{"href":"https:\/\/noticiasdestaque.com.br\/index.php\/wp-json\/wp\/v2\/types\/post"}],"author":[{"embeddable":true,"href":"https:\/\/noticiasdestaque.com.br\/index.php\/wp-json\/wp\/v2\/users\/1"}],"replies":[{"embeddable":true,"href":"https:\/\/noticiasdestaque.com.br\/index.php\/wp-json\/wp\/v2\/comments?post=44542"}],"version-history":[{"count":0,"href":"https:\/\/noticiasdestaque.com.br\/index.php\/wp-json\/wp\/v2\/posts\/44542\/revisions"}],"wp:featuredmedia":[{"embeddable":true,"href":"https:\/\/noticiasdestaque.com.br\/index.php\/wp-json\/wp\/v2\/media\/44543"}],"wp:attachment":[{"href":"https:\/\/noticiasdestaque.com.br\/index.php\/wp-json\/wp\/v2\/media?parent=44542"}],"wp:term":[{"taxonomy":"category","embeddable":true,"href":"https:\/\/noticiasdestaque.com.br\/index.php\/wp-json\/wp\/v2\/categories?post=44542"},{"taxonomy":"post_tag","embeddable":true,"href":"https:\/\/noticiasdestaque.com.br\/index.php\/wp-json\/wp\/v2\/tags?post=44542"}],"curies":[{"name":"wp","href":"https:\/\/api.w.org\/{rel}","templated":true}]}}