{"id":44534,"date":"2025-06-14T18:30:00","date_gmt":"2025-06-14T21:30:00","guid":{"rendered":"https:\/\/noticiasdestaque.com.br\/index.php\/2025\/06\/14\/previsao-do-tempo-segunda-feira-16-com-tempo-firme-em-grande-parte-do-centro-oeste\/"},"modified":"2025-06-14T18:30:00","modified_gmt":"2025-06-14T21:30:00","slug":"previsao-do-tempo-segunda-feira-16-com-tempo-firme-em-grande-parte-do-centro-oeste","status":"publish","type":"post","link":"https:\/\/noticiasdestaque.com.br\/index.php\/2025\/06\/14\/previsao-do-tempo-segunda-feira-16-com-tempo-firme-em-grande-parte-do-centro-oeste\/","title":{"rendered":"PREVIS\u00c3O DO TEMPO: segunda-feira (16) com tempo firme em grande parte do Centro-Oeste"},"content":{"rendered":"<p>\t\t\t\t\t\t\t\t\t\t<audio controls class=\"b61_audio_player\" data-noticia=\"82754\" src=\"https:\/\/brasil61.com\/rails\/active_storage\/blobs\/eyJfcmFpbHMiOnsibWVzc2FnZSI6IkJBaHBBMFppQXc9PSIsImV4cCI6bnVsbCwicHVyIjoiYmxvYl9pZCJ9fQ==--db4bf980ca894e1451db06ffd2416b5d5ba959ff\/PTCO254108A\"><\/audio><\/p>\n<p>Nesta segunda-feira (16), o tempo fica predominantemente est\u00e1vel e seco, com sol entre nuvens em praticamente todo<strong> Mato Grosso, Goi\u00e1s e Distrito Federal<\/strong>.\u00a0<\/p>\n<p>Apenas no extremo norte de <strong>Mato Grosso<\/strong> h\u00e1 possibilidade de chuva isolada.\u00a0<\/p>\n<p>No<strong> Mato Grosso do Sul<\/strong>, o tempo permanece firme, com n\u00e9voa \u00famida apenas no extremo sul.<\/p>\n<p>Entre as capitais, a temperatura m\u00ednima prevista \u00e9 de 12\u00b0C, em Bras\u00edlia. J\u00e1 a m\u00e1xima deve chegar a 33\u00b0C, em Cuiab\u00e1. A umidade relativa do ar varia entre 20% e 80%.<\/p>\n<p>As informa\u00e7\u00f5es s\u00e3o do<strong> Instituto Nacional de Meteorologia (<a href=\"https:\/\/portal.inmet.gov.br\/\" target=\"_blank\">Inmet<\/a>)<\/strong>.<br \/>\n\u00a0<\/p>\n<p>\t\t\t\t\t\t\t\t\t<img loading=\"lazy\" decoding=\"async\" src=\"https:\/\/brasil61.com\/api\/v1\/serve_pixel\/17677\/82754\" alt=\"Pixel Brasil 61\" class=\"b61_pixel\" width=\"0\" height=\"0\"><\/p>\n<input type=\"hidden\" id=\"baseurl\" value=\"https:\/\/noticiasdestaque.com.br\"><input type=\"hidden\" id=\"audio_nonce\" value=\"6f73a554f1\">","protected":false},"excerpt":{"rendered":"<p>Nesta segunda-feira (16), o tempo fica predominantemente est\u00e1vel e seco, com sol entre nuvens em praticamente todo Mato Grosso, Goi\u00e1s e Distrito Federal. <\/p>\n","protected":false},"author":1,"featured_media":44535,"comment_status":"open","ping_status":"open","sticky":false,"template":"","format":"standard","meta":{"fifu_image_url":"","fifu_image_alt":"","footnotes":""},"categories":[58],"tags":[],"class_list":["post-44534","post","type-post","status-publish","format-standard","has-post-thumbnail","hentry","category-cotidiano"],"distributor_meta":false,"distributor_terms":false,"distributor_media":false,"distributor_original_site_name":"Noticias em Destaque","distributor_original_site_url":"https:\/\/noticiasdestaque.com.br","push-errors":false,"_links":{"self":[{"href":"https:\/\/noticiasdestaque.com.br\/index.php\/wp-json\/wp\/v2\/posts\/44534","targetHints":{"allow":["GET"]}}],"collection":[{"href":"https:\/\/noticiasdestaque.com.br\/index.php\/wp-json\/wp\/v2\/posts"}],"about":[{"href":"https:\/\/noticiasdestaque.com.br\/index.php\/wp-json\/wp\/v2\/types\/post"}],"author":[{"embeddable":true,"href":"https:\/\/noticiasdestaque.com.br\/index.php\/wp-json\/wp\/v2\/users\/1"}],"replies":[{"embeddable":true,"href":"https:\/\/noticiasdestaque.com.br\/index.php\/wp-json\/wp\/v2\/comments?post=44534"}],"version-history":[{"count":0,"href":"https:\/\/noticiasdestaque.com.br\/index.php\/wp-json\/wp\/v2\/posts\/44534\/revisions"}],"wp:featuredmedia":[{"embeddable":true,"href":"https:\/\/noticiasdestaque.com.br\/index.php\/wp-json\/wp\/v2\/media\/44535"}],"wp:attachment":[{"href":"https:\/\/noticiasdestaque.com.br\/index.php\/wp-json\/wp\/v2\/media?parent=44534"}],"wp:term":[{"taxonomy":"category","embeddable":true,"href":"https:\/\/noticiasdestaque.com.br\/index.php\/wp-json\/wp\/v2\/categories?post=44534"},{"taxonomy":"post_tag","embeddable":true,"href":"https:\/\/noticiasdestaque.com.br\/index.php\/wp-json\/wp\/v2\/tags?post=44534"}],"curies":[{"name":"wp","href":"https:\/\/api.w.org\/{rel}","templated":true}]}}