{"id":44530,"date":"2024-10-13T00:29:00","date_gmt":"2024-10-13T03:29:00","guid":{"rendered":"https:\/\/noticiasdestaque.com.br\/index.php\/2024\/10\/13\/poliomielite-entenda-por-que-a-oms-recomenda-95-de-cobertura-vacinal\/"},"modified":"2024-10-13T00:29:00","modified_gmt":"2024-10-13T03:29:00","slug":"poliomielite-entenda-por-que-a-oms-recomenda-95-de-cobertura-vacinal","status":"publish","type":"post","link":"https:\/\/noticiasdestaque.com.br\/index.php\/2024\/10\/13\/poliomielite-entenda-por-que-a-oms-recomenda-95-de-cobertura-vacinal\/","title":{"rendered":"POLIOMIELITE: entenda por que a OMS recomenda 95% de cobertura vacinal"},"content":{"rendered":"<p>\t\t\t\t\t\t\t\t\t\t<audio controls class=\"b61_audio_player\" data-noticia=\"73106\" src=\"https:\/\/brasil61.com\/rails\/active_storage\/blobs\/eyJfcmFpbHMiOnsibWVzc2FnZSI6IkJBaHBBMFhmQWc9PSIsImV4cCI6bnVsbCwicHVyIjoiYmxvYl9pZCJ9fQ==--f0faf352e258224d9744c37f7e90b2ab96009dd1\/POLI240036A\"><\/audio><\/p>\n<p>Desde 2016, o Brasil tem apresentado queda nas taxas de cobertura vacinal contra a poliomielite. Por isso, n\u00e3o tem alcan\u00e7ado a meta, estabelecida como ideal pela Organiza\u00e7\u00e3o Mundial da Sa\u00fade, de 95% de crian\u00e7as imunizadas. Segundo o Minist\u00e9rio da Sa\u00fade, <a href=\"https:\/\/www.gov.br\/saude\/pt-br\/vacinacao\/informes-tecnicos\/campanha-nacional-de-vacinacao-contra-a-poliomielite-2024.pdf\" target=\"_blank\">em 2023, a cobertura vacinal em crian\u00e7as menores de 1 ano no pa\u00eds ficou em 84,6%<\/a>.<\/p>\n<p>O infectologista Victor Bertollo, chefe da Assessoria de Mobiliza\u00e7\u00e3o Institucional e Social para Preven\u00e7\u00e3o de Endemias da Subsecretaria de Vigil\u00e2ncia \u00e0 Sa\u00fade do Distrito Federal, explica como a taxa de cobertura vacinal \u00e9 calculada para a imuniza\u00e7\u00e3o contra a p\u00f3lio.<\/p>\n<p>\u201cA meta de vacina\u00e7\u00e3o \u00e9 calculada com base em dados epidemiol\u00f3gicos, dados de transmissibilidade do v\u00edrus e dados relacionados tamb\u00e9m \u00e0 imunidade conferida pelas vacinas. Ela \u00e9 t\u00e3o alta justamente porque, como \u00e9 um v\u00edrus muito transmiss\u00edvel, n\u00f3s acabamos precisando ter uma cobertura vacinal muito alta para atingir esse limiar, a partir do qual o v\u00edrus n\u00e3o tem mais a capacidade de se disseminar na popula\u00e7\u00e3o. Isso \u00e9 baseado nos dados de transmissibilidade do v\u00edrus e nos dados de efic\u00e1cia das vacinas.\u201d<\/p>\n<p>Apesar de o Brasil ter erradicado o poliov\u00edrus selvagem do territ\u00f3rio nacional desde 1989 \u2014 como resultado da intensifica\u00e7\u00e3o da vacina\u00e7\u00e3o \u2014, o v\u00edrus continua circulando em outros pa\u00edses. Por isso, o diretor do Departamento do Programa Nacional de Imuniza\u00e7\u00f5es do Minist\u00e9rio da Sa\u00fade, Eder Gatti, alerta os profissionais de sa\u00fade, pais ou respons\u00e1veis sobre a import\u00e2ncia de imunizar as crian\u00e7as.<\/p>\n<p>&#8220;A poliomielite \u00e9 uma doen\u00e7a que, por muitas d\u00e9cadas, causou paralisia e morte em crian\u00e7as. S\u00f3 que essa doen\u00e7a n\u00e3o faz mais parte do nosso cen\u00e1rio epidemiol\u00f3gico gra\u00e7as \u00e0 vacina\u00e7\u00e3o e o Brasil, desde 1989, n\u00e3o registra nenhum caso. Embora tenhamos eliminado a doen\u00e7a, ela ainda existe no mundo e pode ser reintroduzida no nosso pa\u00eds. Por isso, \u00e9 muito importante que os pais levem seus filhos menores de cinco anos para checar a caderneta e fazer a vacina\u00e7\u00e3o.&#8221;\u00a0<\/p>\n<p>Todas as crian\u00e7as menores de 5 anos de idade devem ser imunizadas contra a p\u00f3lio de acordo com o <a href=\"https:\/\/www.gov.br\/saude\/pt-br\/vacinacao\/calendario\" target=\"_blank\">Calend\u00e1rio Nacional de Vacina\u00e7\u00e3o<\/a> e na campanha anual. O esquema vacinal contra a poliomielite possui tr\u00eas doses injet\u00e1veis \u2014 aos 2, 4 e 6 meses de idade \u2014 e mais duas doses de refor\u00e7o com a vacina oral bivalente, a gotinha.\u00a0<\/p>\n<p>O Minist\u00e9rio da Sa\u00fade ressalta que a imuniza\u00e7\u00e3o \u00e9 a principal forma de manter o pa\u00eds livre da poliomielite. Por isso, as doses est\u00e3o dispon\u00edveis durante todo ano nos postos de vacina\u00e7\u00e3o.\u00a0<\/p>\n<p>Vale lembrar que a vacina protege as crian\u00e7as por toda a vida e \u00e9 segura.<\/p>\n<p>Procure uma unidade b\u00e1sica de sa\u00fade e cuide bem dos nossos futuros campe\u00f5es. Vamos nos unir ao Movimento Nacional pela Vacina\u00e7\u00e3o.<\/p>\n<p>Para mais informa\u00e7\u00f5es, acesse: <a href=\"https:\/\/www.gov.br\/saude\/pt-br\/campanhas-da-saude\/vacinacao\" target=\"_blank\">www.gov.br\/vacinacao<\/a>.\u00a0<\/p>\n<p>\t\t\t\t\t\t\t\t\t<img loading=\"lazy\" decoding=\"async\" src=\"https:\/\/brasil61.com\/api\/v1\/serve_pixel\/17677\/73106\" alt=\"Pixel Brasil 61\" class=\"b61_pixel\" width=\"0\" height=\"0\"><\/p>\n<input type=\"hidden\" id=\"baseurl\" value=\"https:\/\/noticiasdestaque.com.br\"><input type=\"hidden\" id=\"audio_nonce\" value=\"6f73a554f1\">","protected":false},"excerpt":{"rendered":"<p>Desde 2016, o Brasil n\u00e3o alcan\u00e7a essa meta e corre o risco de reintrodu\u00e7\u00e3o da p\u00f3lio no territ\u00f3rio nacional<\/p>\n","protected":false},"author":1,"featured_media":44531,"comment_status":"open","ping_status":"open","sticky":false,"template":"","format":"standard","meta":{"fifu_image_url":"","fifu_image_alt":"","footnotes":""},"categories":[51],"tags":[],"class_list":["post-44530","post","type-post","status-publish","format-standard","has-post-thumbnail","hentry","category-saude"],"distributor_meta":false,"distributor_terms":false,"distributor_media":false,"distributor_original_site_name":"Noticias em Destaque","distributor_original_site_url":"https:\/\/noticiasdestaque.com.br","push-errors":false,"_links":{"self":[{"href":"https:\/\/noticiasdestaque.com.br\/index.php\/wp-json\/wp\/v2\/posts\/44530","targetHints":{"allow":["GET"]}}],"collection":[{"href":"https:\/\/noticiasdestaque.com.br\/index.php\/wp-json\/wp\/v2\/posts"}],"about":[{"href":"https:\/\/noticiasdestaque.com.br\/index.php\/wp-json\/wp\/v2\/types\/post"}],"author":[{"embeddable":true,"href":"https:\/\/noticiasdestaque.com.br\/index.php\/wp-json\/wp\/v2\/users\/1"}],"replies":[{"embeddable":true,"href":"https:\/\/noticiasdestaque.com.br\/index.php\/wp-json\/wp\/v2\/comments?post=44530"}],"version-history":[{"count":0,"href":"https:\/\/noticiasdestaque.com.br\/index.php\/wp-json\/wp\/v2\/posts\/44530\/revisions"}],"wp:featuredmedia":[{"embeddable":true,"href":"https:\/\/noticiasdestaque.com.br\/index.php\/wp-json\/wp\/v2\/media\/44531"}],"wp:attachment":[{"href":"https:\/\/noticiasdestaque.com.br\/index.php\/wp-json\/wp\/v2\/media?parent=44530"}],"wp:term":[{"taxonomy":"category","embeddable":true,"href":"https:\/\/noticiasdestaque.com.br\/index.php\/wp-json\/wp\/v2\/categories?post=44530"},{"taxonomy":"post_tag","embeddable":true,"href":"https:\/\/noticiasdestaque.com.br\/index.php\/wp-json\/wp\/v2\/tags?post=44530"}],"curies":[{"name":"wp","href":"https:\/\/api.w.org\/{rel}","templated":true}]}}