{"id":44526,"date":"2025-06-25T04:00:00","date_gmt":"2025-06-25T07:00:00","guid":{"rendered":"https:\/\/noticiasdestaque.com.br\/index.php\/2025\/06\/25\/bndes-aprova-r-566-milhoes-para-gerdau-construir-minerodutos-e-rejeitoduto\/"},"modified":"2025-06-25T04:00:00","modified_gmt":"2025-06-25T07:00:00","slug":"bndes-aprova-r-566-milhoes-para-gerdau-construir-minerodutos-e-rejeitoduto","status":"publish","type":"post","link":"https:\/\/noticiasdestaque.com.br\/index.php\/2025\/06\/25\/bndes-aprova-r-566-milhoes-para-gerdau-construir-minerodutos-e-rejeitoduto\/","title":{"rendered":"BNDES aprova R$ 566 milh\u00f5es para Gerdau construir minerodutos e rejeitoduto"},"content":{"rendered":"<p>O <strong>Banco Nacional de Desenvolvimento Econ\u00f4mico e Social (<a href=\"https:\/\/www.bndes.gov.br\/wps\/portal\/site\/home\" target=\"_blank\">BNDES<\/a>) <\/strong>aprovou financiamento de R$ 566 milh\u00f5es para a <strong>Gerdau <\/strong>construir um mineroduto e um rejeitoduto em<strong> <\/strong>Ouro Preto (MG) e implementar um centro de reciclagem para beneficiamento de sucata em Pindamonhangaba (SP). Com recursos do Fundo Clima, os empreendimentos v\u00e3o reduzir as emiss\u00f5es de mais de 100 mil toneladas anuais de gases do efeito estufa equivalente e gerar cerca de 4.500 empregos diretos e indiretos.<\/p>\n<p>Com o financiamento aprovado (parte do <strong>Novo Fundo Clima<\/strong> e parte do <strong>Finem<\/strong>), a <strong>Gerdau <\/strong>construir\u00e1 um mineroduto com 13 km de comprimento entre a Mina de Miguel Burnier, em Ouro Preto, e a sua unidade de produ\u00e7\u00e3o de a\u00e7o localizada em Ouro Branco (MG), al\u00e9m de um rejeitoduto com 10 km de comprimento. O projeto contemplar\u00e1 recircula\u00e7\u00e3o de \u00e1gua e, tamb\u00e9m, reduzir\u00e1 a circula\u00e7\u00e3o de caminh\u00f5es na regi\u00e3o, diminuindo as emiss\u00f5es de gases do efeito estufa. Al\u00e9m disso, a <strong>Gerdau <\/strong>implementar\u00e1 um centro de reciclagem para beneficiamento de sucata na unidade de produ\u00e7\u00e3o de a\u00e7os especiais da empresa, localizada em Pindamonhangaba. No centro de reciclagem, a sider\u00fargica poder\u00e1 beneficiar todo o material recebido como sucata e separar os ferrosos, os n\u00e3o ferrosos e as impurezas como terra, borracha e pl\u00e1stico, dentre outros. O empreendimento contribuir\u00e1 com a redu\u00e7\u00e3o de emiss\u00f5es de gases de efeito estufa em fun\u00e7\u00e3o do aumento da utiliza\u00e7\u00e3o de sucata met\u00e1lica no processo de fabrica\u00e7\u00e3o de a\u00e7o.<\/p>\n<p>O presidente do <strong>BNDES<\/strong>, Aloizio Mercadante, comentou que o projeto de constru\u00e7\u00e3o do mineroduto foi aprovado com recursos do <strong>Fundo Clima <\/strong>uma vez que \u00e9 um modal de transporte que evita emiss\u00f5es de <strong>GEE<\/strong>, em compara\u00e7\u00e3o com o modal tradicional, por meio caminh\u00f5es movidos a diesel. Estima-se que um mineroduto pode substituir 1,5 mil caminh\u00f5es por dia no transporte de 60 mil toneladas de min\u00e9rio. \u201cO projeto aprovado est\u00e1 relacionado \u00e0 prioridade do governo do presidente Lula no \u00e2mbito da nova pol\u00edtica industrial, que tem como miss\u00e3o a descarboniza\u00e7\u00e3o, tornando a ind\u00fastria nacional mais verde e levando o pa\u00eds a liderar essa agenda\u201d, afirmou. \u201cEste primeiro acesso ao Fundo Clima, do BNDES, \u00e9 um marco importante para a trajet\u00f3ria de 124 anos da Gerdau. Com estes investimentos, vamos ampliar a efici\u00eancia energ\u00e9tica e reduzir as emiss\u00f5es de gases de efeito estufa nas nossas opera\u00e7\u00f5es, bem como evoluir na competitividade do nosso neg\u00f3cio. Ficamos felizes em retomar o relacionamento com o <strong>BNDES <\/strong>e esperamos ter novas oportunidades de construir juntos\u201d, afirma Rafael Japur, CFO da <strong>Gerdau<\/strong>.<\/p>\n<h2>5G para mina em Ouro Preto<\/h2>\n<p>A <strong>Gerdau <\/strong>em parceria com a Claro empresas continua a avan\u00e7ar em projetos de Ind\u00fastria 4.0 para a Mina de Miguel Burnier, distrito de Ouro Preto. Em 2024, a companhia concluiu a implanta\u00e7\u00e3o da tecnologia<strong> 5G na usina de Ouro Branco<\/strong>. O objetivo agora \u00e9 ampliar a rede 3G e 4G p\u00fablica, al\u00e9m de implantar a rede <strong>5G <\/strong>p\u00fablica na <strong>Mina de Miguel Burnier<\/strong>, com possibilidade de evolu\u00e7\u00e3o para uma rede privativa, semelhante \u00e0 implantada em Ouro Branco. O projeto est\u00e1 sendo desenvolvido em quatro fases, com amplia\u00e7\u00e3o gradativa do sinal de internet e constru\u00e7\u00e3o de novas torres. Ser\u00e3o renovadas e atualizadas duas torres de telecomunica\u00e7\u00f5es j\u00e1 existentes na regi\u00e3o e outras seis ser\u00e3o constru\u00eddas. A primeira fase do projeto, que prev\u00ea a melhoria do sinal 4G e a implanta\u00e7\u00e3o da rede 5G p\u00fablica, deve ser conclu\u00edda em julho deste ano. \u201cO projeto proporciona significativos avan\u00e7os em seguran\u00e7a, produtividade, efici\u00eancia operacional e automa\u00e7\u00e3o. Al\u00e9m disso, abre caminho para novos investimentos em tecnologias mais robustas. Em Miguel Burnier, tamb\u00e9m haver\u00e1 uma importante melhoria no acesso \u00e0 internet para a comunidade,&#8221; afirma Denis Eduardo Paim, CTO Global da Gerdau.<\/p>\n<p>A nova plataforma 5G aprimora a experi\u00eancia de conectividade e moderniza a rede interna da Gerdau e proporcionar\u00e1 melhorias na comunica\u00e7\u00e3o, controle log\u00edstico, monitoramento de frotas, geotecnia e gest\u00e3o de recursos h\u00eddricos na opera\u00e7\u00e3o da mina. Al\u00e9m disso, possibilitar\u00e1 investimentos em dispositivos e maquin\u00e1rios avan\u00e7ados, como ve\u00edculos aut\u00f4nomos, rob\u00f4s, g\u00eameos digitais, <strong>Internet das Coisas (IoT)<\/strong> e <strong>Intelig\u00eancia Artificial (IA)<\/strong>. \u201cEstamos vivenciando um momento de grandes avan\u00e7os em tecnologia e sustentabilidade na Mina de Miguel Burnier, com a implanta\u00e7\u00e3o da plataforma de minera\u00e7\u00e3o sustent\u00e1vel. Ter uma conectividade mais robusta possibilita o uso de equipamentos com tecnologias mais avan\u00e7adas, aprimorando nossos processos, al\u00e9m de trazer benef\u00edcios tamb\u00e9m para a comunidade\u201d, avalia Wendel Gomes, Diretor Executivo de Minera\u00e7\u00e3o e Mat\u00e9rias e Primas da Gerdau.<\/p>\n<p>Para Gustavo Silbert, diretor-executivo da Claro empresas, este segundo e significativo projeto em parceria com a Gerdau, para implementa\u00e7\u00e3o da rede privativa 5G, al\u00e9m da expans\u00e3o das redes 3G e 4G, em Ouro Preto, \u00e9 mais um passo importante na jornada de digitaliza\u00e7\u00e3o da Gerdau. \u201cA tecnologia elevar\u00e1 as opera\u00e7\u00f5es a um novo patamar e promovendo mais conectividade e inova\u00e7\u00e3o tamb\u00e9m para a comunidade local\u201d, afirma. A melhoria da conex\u00e3o e instala\u00e7\u00e3o da rede 5G na Mina da Gerdau tamb\u00e9m levar\u00e1 sinal de internet de melhor qualidade \u00e0 escola, centro de sa\u00fade, centro comunit\u00e1rio e resid\u00eancias de Miguel Burnier e regi\u00e3o. A previs\u00e3o \u00e9 o que projeto completo seja finalizado no segundo semestre de 2026.<\/p>\n<p>\t\t\t\t\t\t\t\t\t<img loading=\"lazy\" decoding=\"async\" src=\"https:\/\/brasil61.com\/api\/v1\/serve_pixel\/17677\/82939\" alt=\"Pixel Brasil 61\" class=\"b61_pixel\" width=\"0\" height=\"0\"><\/p>\n<input type=\"hidden\" id=\"baseurl\" value=\"https:\/\/noticiasdestaque.com.br\"><input type=\"hidden\" id=\"audio_nonce\" value=\"5128c810d9\">","protected":false},"excerpt":{"rendered":"<p>Com recursos do Fundo Clima, os empreendimentos v\u00e3o reduzir as emiss\u00f5es de mais de 100 mil toneladas anuais de gases do efeito estufa equivalente e gerar cerca de 4.500 empregos diretos e indiretos<\/p>\n","protected":false},"author":1,"featured_media":44527,"comment_status":"open","ping_status":"open","sticky":false,"template":"","format":"standard","meta":{"fifu_image_url":"","fifu_image_alt":"","footnotes":""},"categories":[59],"tags":[],"class_list":["post-44526","post","type-post","status-publish","format-standard","has-post-thumbnail","hentry","category-economia"],"distributor_meta":false,"distributor_terms":false,"distributor_media":false,"distributor_original_site_name":"Noticias em Destaque","distributor_original_site_url":"https:\/\/noticiasdestaque.com.br","push-errors":false,"_links":{"self":[{"href":"https:\/\/noticiasdestaque.com.br\/index.php\/wp-json\/wp\/v2\/posts\/44526","targetHints":{"allow":["GET"]}}],"collection":[{"href":"https:\/\/noticiasdestaque.com.br\/index.php\/wp-json\/wp\/v2\/posts"}],"about":[{"href":"https:\/\/noticiasdestaque.com.br\/index.php\/wp-json\/wp\/v2\/types\/post"}],"author":[{"embeddable":true,"href":"https:\/\/noticiasdestaque.com.br\/index.php\/wp-json\/wp\/v2\/users\/1"}],"replies":[{"embeddable":true,"href":"https:\/\/noticiasdestaque.com.br\/index.php\/wp-json\/wp\/v2\/comments?post=44526"}],"version-history":[{"count":0,"href":"https:\/\/noticiasdestaque.com.br\/index.php\/wp-json\/wp\/v2\/posts\/44526\/revisions"}],"wp:featuredmedia":[{"embeddable":true,"href":"https:\/\/noticiasdestaque.com.br\/index.php\/wp-json\/wp\/v2\/media\/44527"}],"wp:attachment":[{"href":"https:\/\/noticiasdestaque.com.br\/index.php\/wp-json\/wp\/v2\/media?parent=44526"}],"wp:term":[{"taxonomy":"category","embeddable":true,"href":"https:\/\/noticiasdestaque.com.br\/index.php\/wp-json\/wp\/v2\/categories?post=44526"},{"taxonomy":"post_tag","embeddable":true,"href":"https:\/\/noticiasdestaque.com.br\/index.php\/wp-json\/wp\/v2\/tags?post=44526"}],"curies":[{"name":"wp","href":"https:\/\/api.w.org\/{rel}","templated":true}]}}