{"id":44522,"date":"2025-06-30T01:00:00","date_gmt":"2025-06-30T04:00:00","guid":{"rendered":"https:\/\/noticiasdestaque.com.br\/index.php\/2025\/06\/30\/enquanto-lula-deve-levar-queda-do-iof-a-justica-congresso-esvazia-debate-sobre-emendas-no-stf\/"},"modified":"2025-06-30T01:00:00","modified_gmt":"2025-06-30T04:00:00","slug":"enquanto-lula-deve-levar-queda-do-iof-a-justica-congresso-esvazia-debate-sobre-emendas-no-stf","status":"publish","type":"post","link":"https:\/\/noticiasdestaque.com.br\/index.php\/2025\/06\/30\/enquanto-lula-deve-levar-queda-do-iof-a-justica-congresso-esvazia-debate-sobre-emendas-no-stf\/","title":{"rendered":"Enquanto Lula deve levar queda do IOF \u00e0 justi\u00e7a, Congresso esvazia debate sobre emendas no STF"},"content":{"rendered":"<p>\t\t\t\t\t\t\t\t\t\t<audio controls class=\"b61_audio_player\" data-noticia=\"83014\" src=\"https:\/\/brasil61.com\/rails\/active_storage\/blobs\/eyJfcmFpbHMiOnsibWVzc2FnZSI6IkJBaHBBdzVwQXc9PSIsImV4cCI6bnVsbCwicHVyIjoiYmxvYl9pZCJ9fQ==--5d277fc4313f999da0ffadd1564226c0ca1eebc0\/BRAS2514210A\"><\/audio><\/p>\n<p>Ap\u00f3s a derrota no Congresso com a derrubada do <strong>decreto que aumentava as al\u00edquotas do IOF<\/strong>, o presidente Lula ja declarou que deve recorrer ao Supremo Tribunal Federal (STF) para tentar anular a decis\u00e3o do Legislativo. A argumenta\u00e7\u00e3o jur\u00eddica ser\u00e1 de que a medida do Congresso foi inconstitucional, por interferir em uma prerrogativa do Executivo.<\/p>\n<p>A estrat\u00e9gia \u00e9 vista como uma forma de marcar posi\u00e7\u00e3o institucional, mesmo que a decis\u00e3o da Corte n\u00e3o venha no curto prazo. <strong>A rea\u00e7\u00e3o do Planalto exp\u00f5e o desgaste entre os Poderes e refor\u00e7a a disputa pol\u00edtica em torno das receitas p\u00fablicas <\/strong>\u2014 especialmente em um ano de desafios fiscais.<\/p>\n<h2>Emendas parlamentares: aus\u00eancia de l\u00edderes esvazia audi\u00eancia p\u00fablica no STF<\/h2>\n<p>Enquanto o tema das emendas parlamentares segue sendo debatido no Judici\u00e1rio, <strong>a audi\u00eancia p\u00fablica convocada pelo ministro Fl\u00e1vio Dino, relator da a\u00e7\u00e3o no STF, n\u00e3o contou com a presen\u00e7a esperada das principais lideran\u00e7as do Congresso<\/strong>.<\/p>\n<p>Inicialmente, os <strong>presidentes da C\u00e2mara, Hugo Motta (Republicanos-PB), e do Senado, Davi Alcolumbre (Uni\u00e3o-AP), <\/strong>haviam confirmado participa\u00e7\u00e3o no debate realizado na \u00faltima sexta-feira (27). No entanto, <strong>ambos decidiram n\u00e3o comparecer pessoalmente, delegando a fun\u00e7\u00e3o a advogados representantes das Casas<\/strong>.<\/p>\n<p>A aus\u00eancia foi lida como uma tentativa de evitar politizar o debate, especialmente ap\u00f3s o atrito com o Executivo na vota\u00e7\u00e3o do IOF. Nos bastidores, avalia-se que a presen\u00e7a de representantes t\u00e9cnicos daria mais neutralidade \u00e0 discuss\u00e3o \u2014 que trata da obrigatoriedade de execu\u00e7\u00e3o das emendas individuais e de bancada de car\u00e1ter impositivo.<\/p>\n<p>O Or\u00e7amento de 2025 prev\u00ea R$ 50 bilh\u00f5es em emendas parlamentares, sendo:<\/p>\n<ul>\n<li>R$ 19 bilh\u00f5es para emendas de deputados<\/li>\n<li>R$ 14,3 bilh\u00f5es para bancadas estaduais<\/li>\n<li>R$ 11,5 bilh\u00f5es para comiss\u00f5es<\/li>\n<li>R$ 5,5 bilh\u00f5es para senadores<\/li>\n<\/ul>\n<h2>CPMI do INSS: Centr\u00e3o avan\u00e7a no controle da comiss\u00e3o<\/h2>\n<p>A <strong>Comiss\u00e3o Parlamentar Mista de Inqu\u00e9rito (CPMI) que vai investigar as fraudes no INSS j\u00e1 foi criada, mas segue sem comando pol\u00edtico da investiga\u00e7\u00e3o. <\/strong>Com aval do governo, o senador Omar Aziz (PSD-AM) deve presidir a comiss\u00e3o\u00a0e a relatoria tamb\u00e9m ficar\u00e1 com um nome ligado ao Centr\u00e3o. A oposi\u00e7\u00e3o, que havia proposto a cria\u00e7\u00e3o do colegiado, protesta contra a manobra e teme que o andamento das investiga\u00e7\u00f5es seja conduzido de forma branda, como ocorreu na CPMI do 8 de Janeiro.<\/p>\n<p>A expectativa \u00e9 que os <strong>trabalhos da comiss\u00e3o s\u00f3 comecem ap\u00f3s o recesso parlamentar<\/strong>, previsto para 18 de julho. Uma vez instalada, a CPMI ter\u00e1 prazo de funcionamento de 180 dias, com or\u00e7amento estimado em at\u00e9 R$ 200 mil.<br \/>\n\u00a0<\/p>\n<p>\t\t\t\t\t\t\t\t\t<img loading=\"lazy\" decoding=\"async\" src=\"https:\/\/brasil61.com\/api\/v1\/serve_pixel\/17677\/83014\" alt=\"Pixel Brasil 61\" class=\"b61_pixel\" width=\"0\" height=\"0\"><\/p>\n<input type=\"hidden\" id=\"baseurl\" value=\"https:\/\/noticiasdestaque.com.br\"><input type=\"hidden\" id=\"audio_nonce\" value=\"6f73a554f1\">","protected":false},"excerpt":{"rendered":"<p>O Governo tenta reverter no Supremo a queda do imposto derrubada pelo Congresso, enquanto os presidentes da C\u00e2mara e do Senado optam por n\u00e3o comparecer \u00e0 audi\u00eancia que discute a transpar\u00eancia e obrigatoriedade das emendas<\/p>\n","protected":false},"author":1,"featured_media":44523,"comment_status":"open","ping_status":"open","sticky":false,"template":"","format":"standard","meta":{"fifu_image_url":"","fifu_image_alt":"","footnotes":""},"categories":[50],"tags":[],"class_list":["post-44522","post","type-post","status-publish","format-standard","has-post-thumbnail","hentry","category-politica"],"distributor_meta":false,"distributor_terms":false,"distributor_media":false,"distributor_original_site_name":"Noticias em Destaque","distributor_original_site_url":"https:\/\/noticiasdestaque.com.br","push-errors":false,"_links":{"self":[{"href":"https:\/\/noticiasdestaque.com.br\/index.php\/wp-json\/wp\/v2\/posts\/44522","targetHints":{"allow":["GET"]}}],"collection":[{"href":"https:\/\/noticiasdestaque.com.br\/index.php\/wp-json\/wp\/v2\/posts"}],"about":[{"href":"https:\/\/noticiasdestaque.com.br\/index.php\/wp-json\/wp\/v2\/types\/post"}],"author":[{"embeddable":true,"href":"https:\/\/noticiasdestaque.com.br\/index.php\/wp-json\/wp\/v2\/users\/1"}],"replies":[{"embeddable":true,"href":"https:\/\/noticiasdestaque.com.br\/index.php\/wp-json\/wp\/v2\/comments?post=44522"}],"version-history":[{"count":0,"href":"https:\/\/noticiasdestaque.com.br\/index.php\/wp-json\/wp\/v2\/posts\/44522\/revisions"}],"wp:featuredmedia":[{"embeddable":true,"href":"https:\/\/noticiasdestaque.com.br\/index.php\/wp-json\/wp\/v2\/media\/44523"}],"wp:attachment":[{"href":"https:\/\/noticiasdestaque.com.br\/index.php\/wp-json\/wp\/v2\/media?parent=44522"}],"wp:term":[{"taxonomy":"category","embeddable":true,"href":"https:\/\/noticiasdestaque.com.br\/index.php\/wp-json\/wp\/v2\/categories?post=44522"},{"taxonomy":"post_tag","embeddable":true,"href":"https:\/\/noticiasdestaque.com.br\/index.php\/wp-json\/wp\/v2\/tags?post=44522"}],"curies":[{"name":"wp","href":"https:\/\/api.w.org\/{rel}","templated":true}]}}