{"id":44520,"date":"2025-06-29T02:00:00","date_gmt":"2025-06-29T05:00:00","guid":{"rendered":"https:\/\/noticiasdestaque.com.br\/index.php\/2025\/06\/29\/ampliacao-na-camara-redesenha-mapa-politico-e-reforca-poder-de-estados-conservadores\/"},"modified":"2025-06-29T02:00:00","modified_gmt":"2025-06-29T05:00:00","slug":"ampliacao-na-camara-redesenha-mapa-politico-e-reforca-poder-de-estados-conservadores","status":"publish","type":"post","link":"https:\/\/noticiasdestaque.com.br\/index.php\/2025\/06\/29\/ampliacao-na-camara-redesenha-mapa-politico-e-reforca-poder-de-estados-conservadores\/","title":{"rendered":"Amplia\u00e7\u00e3o na C\u00e2mara redesenha mapa pol\u00edtico e refor\u00e7a poder de estados conservadores"},"content":{"rendered":"<p>\t\t\t\t\t\t\t\t\t\t<audio controls class=\"b61_audio_player\" data-noticia=\"83005\" src=\"https:\/\/brasil61.com\/rails\/active_storage\/blobs\/eyJfcmFpbHMiOnsibWVzc2FnZSI6IkJBaHBBL2RvQXc9PSIsImV4cCI6bnVsbCwicHVyIjoiYmxvYl9pZCJ9fQ==--2812e464d4ee15aee895dc1fae7bd4a5daeddfef\/BRAS2514208A\"><\/audio><\/p>\n<p>A C\u00e2mara dos Deputados ter\u00e1 18 novas cadeiras a partir da pr\u00f3xima legislatura, em 2027, passando de 513 para 531 parlamentares. A mudan\u00e7a, aprovada por ampla maioria no Congresso Nacional nesta quarta-feira (25), foi motivada pela atualiza\u00e7\u00e3o do Censo Demogr\u00e1fico de 2022 e busca corrigir a defasagem na representa\u00e7\u00e3o proporcional dos estados. No entanto, segundo especialistas ouvidos pelo Brasil 61, a solu\u00e7\u00e3o pol\u00edtica encontrada \u2014 aumentar sem reduzir \u2014 traz consequ\u00eancias mais profundas do que aparenta.<\/p>\n<p>\u201cA decis\u00e3o foi pragm\u00e1tica: n\u00e3o quiseram mexer nos grupos pol\u00edticos j\u00e1 existentes. Aumentaram para quem tem direito, mas n\u00e3o cortaram de ningu\u00e9m. Isso afeta diretamente o equil\u00edbrio de for\u00e7as no Congresso\u201d, afirma o advogado eleitoral Ant\u00f4nio Ribeiro, membro da Academia Brasileira de Direito Eleitoral e Pol\u00edtico (Abradep).<\/p>\n<h2>Quais estados ganham cadeiras<\/h2>\n<p>A nova configura\u00e7\u00e3o atende \u00e0 regra de proporcionalidade populacional prevista na Constitui\u00e7\u00e3o, segundo a qual o n\u00famero de deputados por estado deve ser ajustado conforme o tamanho da popula\u00e7\u00e3o. Com base no Censo 2022, os seguintes estados ter\u00e3o aumento de cadeiras:<\/p>\n<ul>\n<li>Par\u00e1: +4<\/li>\n<li>Santa Catarina: +4<\/li>\n<li>Minas Gerais: +2<\/li>\n<li>Amazonas: +1<\/li>\n<li>Cear\u00e1: +1<\/li>\n<li>Goi\u00e1s: +1<\/li>\n<li>Mato Grosso: +1<\/li>\n<li>Piau\u00ed: +1<\/li>\n<li>Rio Grande do Norte: +1<\/li>\n<li>Distrito Federal: +1<\/li>\n<li>Esp\u00edrito Santo: +1<\/li>\n<\/ul>\n<h2>Crit\u00e9rio t\u00e9cnico e solu\u00e7\u00e3o pol\u00edtica<\/h2>\n<p>Originalmente, a decis\u00e3o do Supremo Tribunal Federal (STF) previa uma redistribui\u00e7\u00e3o de cadeiras, com alguns estados ganhando representantes e outros perdendo \u2014 conforme a varia\u00e7\u00e3o populacional. Mas o Congresso decidiu manter o m\u00ednimo de oito e o m\u00e1ximo de 70 deputados por estado, sem retirar assentos de unidades federativas que tiveram decr\u00e9scimo populacional.<\/p>\n<p>\u201cO STF determinou que a representa\u00e7\u00e3o estava desatualizada. Mas, para n\u00e3o comprar briga com estados que perderiam cadeiras, o Congresso ampliou o total, preservando os interesses pol\u00edticos regionais\u201d, explica o advogado eleitoral Alexandre Rollo, doutor em Direito das Rela\u00e7\u00f5es Sociais.\u00a0<\/p>\n<p>Para ele, a decis\u00e3o, embora constitucional, abre um precedente perigoso: \u201cSe a cada novo censo aumentarmos o n\u00famero de cadeiras para evitar conflitos, teremos um Congresso inchado e com governabilidade cada vez mais dif\u00edcil\u201d.<\/p>\n<h2>Impacto pol\u00edtico: quem ganha com a mudan\u00e7a<\/h2>\n<p>A altera\u00e7\u00e3o deve influenciar diretamente na correla\u00e7\u00e3o de for\u00e7as dentro da C\u00e2mara, embora o efeito pr\u00e1tico v\u00e1 depender da pr\u00f3xima elei\u00e7\u00e3o. Estados como Santa Catarina, com perfil pol\u00edtico mais conservador, tendem a eleger bancadas alinhadas \u00e0 direita, ampliando o espa\u00e7o de partidos como PL, PP e Republicanos. J\u00e1 no Par\u00e1, que ganhou quatro cadeiras, a tend\u00eancia \u00e9 de fortalecimento de partidos de centro, como MDB, Uni\u00e3o Brasil e PSD.<\/p>\n<p>\u201cEsses novos assentos representam, na pr\u00e1tica, o fortalecimento de grupos j\u00e1 bem posicionados nos estados. O crescimento do Centr\u00e3o tamb\u00e9m \u00e9 esperado, especialmente porque muitos candidatos est\u00e3o migrando para partidos com estrutura nacional mais s\u00f3lida\u201d, afirma Ribeiro.<\/p>\n<h2>Redesenho do mapa pol\u00edtico nacional<\/h2>\n<p>A nova distribui\u00e7\u00e3o tamb\u00e9m pode impactar as decis\u00f5es legislativas nos pr\u00f3ximos anos. Em vota\u00e7\u00f5es pol\u00eamicas, como reformas econ\u00f4micas ou pautas de costumes, os estados que ganharam mais for\u00e7a podem influenciar o resultado final.<\/p>\n<p>\u201cMesmo que a divis\u00e3o interna de partidos se mantenha, o n\u00famero maior de deputados exige mais negocia\u00e7\u00e3o. O presidente da Rep\u00fablica, seja quem for, precisar\u00e1 dialogar com mais lideran\u00e7as, e isso encarece a governabilidade\u201d, avalia Rollo. \u201cMais deputados significa tamb\u00e9m mais cargos, mais emendas, mais espa\u00e7o para disputas internas.\u201d<\/p>\n<p>Al\u00e9m da C\u00e2mara, a amplia\u00e7\u00e3o afeta a composi\u00e7\u00e3o das assembleias legislativas estaduais, uma vez que o n\u00famero de deputados estaduais \u00e9 proporcional ao n\u00famero de federais por estado. O Senado, por sua vez, n\u00e3o \u00e9 impactado, pois cada unidade da federa\u00e7\u00e3o segue com tr\u00eas representantes fixos.<\/p>\n<h2 style=\"text-align: center\"><strong>Distribui\u00e7\u00e3o atual de deputados por partido (2025)<\/strong><\/h2>\n<p style=\"text-align: center\"><em>(Fonte: TSE \u2013 Dados atualizados at\u00e9 maio de 2025)<\/em><\/p>\n<p><strong>Partido\/Federa\u00e7\u00e3o\/N\u00ba de Deputados<\/strong><\/p>\n<ul>\n<li>PL &#8211; 98<\/li>\n<li>PT &#8211; 68<\/li>\n<li>Uni\u00e3o Brasil &#8211; 59<\/li>\n<li>PP &#8211; 52<\/li>\n<li>PSD &#8211; 45<\/li>\n<li>MDB &#8211; 40<\/li>\n<li>Republicanos &#8211; 38<\/li>\n<li>PSB &#8211; 29<\/li>\n<li>PDT &#8211; 17<\/li>\n<li>Podemos &#8211; 12<\/li>\n<li>Outros &#8211; 55<\/li>\n<\/ul>\n<p>\n\u00a0<\/p>\n<p>\t\t\t\t\t\t\t\t\t<img loading=\"lazy\" decoding=\"async\" src=\"https:\/\/brasil61.com\/api\/v1\/serve_pixel\/17677\/83005\" alt=\"Pixel Brasil 61\" class=\"b61_pixel\" width=\"0\" height=\"0\"><\/p>\n<input type=\"hidden\" id=\"baseurl\" value=\"https:\/\/noticiasdestaque.com.br\"><input type=\"hidden\" id=\"audio_nonce\" value=\"6f73a554f1\">","protected":false},"excerpt":{"rendered":"<p>Decis\u00e3o do Congresso evita cortes em estados com perda populacional e abre espa\u00e7o para o crescimento de partidos fortes em regi\u00f5es conservadoras. Especialistas avaliam que a medida tem impacto pol\u00edtico, mas n\u00e3o corrige distor\u00e7\u00f5es hist\u00f3ricas<\/p>\n","protected":false},"author":1,"featured_media":44521,"comment_status":"open","ping_status":"open","sticky":false,"template":"","format":"standard","meta":{"fifu_image_url":"","fifu_image_alt":"","footnotes":""},"categories":[50],"tags":[],"class_list":["post-44520","post","type-post","status-publish","format-standard","has-post-thumbnail","hentry","category-politica"],"distributor_meta":false,"distributor_terms":false,"distributor_media":false,"distributor_original_site_name":"Noticias em Destaque","distributor_original_site_url":"https:\/\/noticiasdestaque.com.br","push-errors":false,"_links":{"self":[{"href":"https:\/\/noticiasdestaque.com.br\/index.php\/wp-json\/wp\/v2\/posts\/44520","targetHints":{"allow":["GET"]}}],"collection":[{"href":"https:\/\/noticiasdestaque.com.br\/index.php\/wp-json\/wp\/v2\/posts"}],"about":[{"href":"https:\/\/noticiasdestaque.com.br\/index.php\/wp-json\/wp\/v2\/types\/post"}],"author":[{"embeddable":true,"href":"https:\/\/noticiasdestaque.com.br\/index.php\/wp-json\/wp\/v2\/users\/1"}],"replies":[{"embeddable":true,"href":"https:\/\/noticiasdestaque.com.br\/index.php\/wp-json\/wp\/v2\/comments?post=44520"}],"version-history":[{"count":0,"href":"https:\/\/noticiasdestaque.com.br\/index.php\/wp-json\/wp\/v2\/posts\/44520\/revisions"}],"wp:featuredmedia":[{"embeddable":true,"href":"https:\/\/noticiasdestaque.com.br\/index.php\/wp-json\/wp\/v2\/media\/44521"}],"wp:attachment":[{"href":"https:\/\/noticiasdestaque.com.br\/index.php\/wp-json\/wp\/v2\/media?parent=44520"}],"wp:term":[{"taxonomy":"category","embeddable":true,"href":"https:\/\/noticiasdestaque.com.br\/index.php\/wp-json\/wp\/v2\/categories?post=44520"},{"taxonomy":"post_tag","embeddable":true,"href":"https:\/\/noticiasdestaque.com.br\/index.php\/wp-json\/wp\/v2\/tags?post=44520"}],"curies":[{"name":"wp","href":"https:\/\/api.w.org\/{rel}","templated":true}]}}