{"id":44518,"date":"2025-06-26T16:16:00","date_gmt":"2025-06-26T19:16:00","guid":{"rendered":"https:\/\/noticiasdestaque.com.br\/index.php\/2025\/06\/26\/frente-parlamentar-do-comercio-e-servicos-lanca-agenda-legislativa-e-conquista-primeira-vitoria\/"},"modified":"2025-06-26T16:16:00","modified_gmt":"2025-06-26T19:16:00","slug":"frente-parlamentar-do-comercio-e-servicos-lanca-agenda-legislativa-e-conquista-primeira-vitoria","status":"publish","type":"post","link":"https:\/\/noticiasdestaque.com.br\/index.php\/2025\/06\/26\/frente-parlamentar-do-comercio-e-servicos-lanca-agenda-legislativa-e-conquista-primeira-vitoria\/","title":{"rendered":"Frente Parlamentar do Com\u00e9rcio e Servi\u00e7os lan\u00e7a agenda legislativa e conquista primeira vit\u00f3ria"},"content":{"rendered":"<p>\t\t\t\t\t\t\t\t\t\t<audio controls class=\"b61_audio_player\" data-noticia=\"82987\" src=\"https:\/\/brasil61.com\/rails\/active_storage\/blobs\/eyJfcmFpbHMiOnsibWVzc2FnZSI6IkJBaHBBNFZvQXc9PSIsImV4cCI6bnVsbCwicHVyIjoiYmxvYl9pZCJ9fQ==--1a835373ce009b2bad14394702a70a840de3e2ac\/CACB250029A\"><\/audio><\/p>\n<p>O primeiro pleito da agenda priorit\u00e1ria legislativa lan\u00e7ada nesta quarta-feira (25) pela <a href=\"https:\/\/fcscomercio.org.br\/\">Frente Parlamentar do Com\u00e9rcio e Servi\u00e7os (FCS)<\/a> j\u00e1 foi conquistado: a derrubada do decreto presidencial que aumentava as tarifas do IOF. A medida, uma das principais demandas do setor, foi anunciada em primeira m\u00e3o durante o lan\u00e7amento da agenda no Congresso Nacional pelo deputado Domingos S\u00e1vio (PL-MG), presidente da FCS na C\u00e2mara.<\/p>\n<p>A nova agenda re\u00fane mais de <strong>40 propostas<\/strong> voltadas \u00e0 <strong>moderniza\u00e7\u00e3o do ambiente de neg\u00f3cios, desonera\u00e7\u00e3o da folha de pagamentos, simplifica\u00e7\u00e3o tribut\u00e1ria, desburocratiza\u00e7\u00e3o e regula\u00e7\u00e3o de plataformas digitais<\/strong>, entre outros pontos estrat\u00e9gicos para destravar o crescimento do setor de com\u00e9rcio e servi\u00e7os \u2014 respons\u00e1vel por mais de <strong>70% do PIB brasileiro<\/strong> e pela maior parte da gera\u00e7\u00e3o de empregos formais no pa\u00eds.<\/p>\n<p>Presente no lan\u00e7amento, o presidente em exerc\u00edcio da CACB, <a href=\"https:\/\/cacb.org.br\/\">Confedera\u00e7\u00e3o das Associa\u00e7\u00f5es Comerciais e Empresariais do Brasil<\/a>, Ernesto Jo\u00e3o Reck, falou sobre a import\u00e2ncia das pautas, principalmente para as micro e pequenas empresas.<\/p>\n<p>\u201cA agenda legislativa \u00e9 uma oportunidade de facilitar a vida do empres\u00e1rio, que est\u00e1 na ponta, que discutimos regula\u00e7\u00e3o na reforma tribut\u00e1ria, trabalho em final de semana e como o pequeno empres\u00e1rio consegue sobreviver.\u201d, destacou.<\/p>\n<p>Durante o evento, o presidente da C\u00e2mara, deputado Hugo Motta (Republicanos-PB), destacou a import\u00e2ncia do setor para o desenvolvimento nacional:<\/p>\n<p>\u201cEstamos falando de pequenos e m\u00e9dios empreendedores, de fam\u00edlias que dependem deste setor para o seu sustento e de comunidades inteiras que encontram no com\u00e9rcio local sua principal fonte de desenvolvimento. Valorizar o com\u00e9rcio e os servi\u00e7os \u00e9 valorizar o Brasil real \u2014 aquele que trabalha de portas abertas, que inova, que empreende e acredita no futuro.\u201d<\/p>\n<p>Segundo Motta, a agenda lan\u00e7ada representa um marco no di\u00e1logo entre o setor produtivo e o Parlamento:<\/p>\n<p>\u201cN\u00e3o se trata apenas de um documento t\u00e9cnico, mas de um instrumento de transforma\u00e7\u00e3o social. Cada proposta tem potencial de impactar positivamente a vida de milh\u00f5es de brasileiros \u2014 seja pela gera\u00e7\u00e3o de empregos, pela redu\u00e7\u00e3o de custos para o consumidor ou pela cria\u00e7\u00e3o de novas oportunidades de neg\u00f3cios.\u201d<\/p>\n<h2>For\u00e7a do setor\u00a0<\/h2>\n<p>Para o presidente da Unecs, a <a href=\"https:\/\/unecs.org.br\/\">Uni\u00e3o Nacional de Entidades do Com\u00e9rcio e Servi\u00e7os<\/a>, Leonardo Severini, a agenda reflete a for\u00e7a e a diversidade do setor.<\/p>\n<p>\u201cO comerciante e o prestador de servi\u00e7os s\u00e3o a cara do brasileiro. J\u00e1 conquistamos relev\u00e2ncia no Legislativo e agora buscamos ampliar esse espa\u00e7o tamb\u00e9m no Executivo, no Judici\u00e1rio, nos meios de comunica\u00e7\u00e3o e na sociedade. Queremos construir uma narrativa nacional que reconhe\u00e7a a import\u00e2ncia da nossa jornada.\u201d<\/p>\n<p>O senador Efraim Filho (Uni\u00e3o-PB), que lidera a frente no Senado, refor\u00e7ou que a agenda foi constru\u00edda de forma colaborativa e que o documento serve tanto para apontar caminhos como para proteger o setor de retrocessos:<\/p>\n<p>\u201cTemos uma agenda positiva, com medidas que promovem mais simplicidade e menos burocracia. Mas h\u00e1 tamb\u00e9m uma agenda negativa, com propostas que prejudicam o empreendedor e precisam ser barradas. Nosso papel \u00e9 garantir que o Brasil continue sendo um pa\u00eds onde empreender seja poss\u00edvel.\u201d<\/p>\n<p>A <strong>FCS \u00e9 composta por mais de 190 parlamentares<\/strong> e o documento lan\u00e7ado esta semana servir\u00e1 como base para as articula\u00e7\u00f5es pol\u00edticas no segundo semestre de 2025, estabelecendo pontes entre o Legislativo e os setores que sustentam grande parte da economia brasileira.<br \/>\n\u00a0<\/p>\n<p>\t\t\t\t\t\t\t\t\t<img loading=\"lazy\" decoding=\"async\" src=\"https:\/\/brasil61.com\/api\/v1\/serve_pixel\/17677\/82987\" alt=\"Pixel Brasil 61\" class=\"b61_pixel\" width=\"0\" height=\"0\"><\/p>\n<input type=\"hidden\" id=\"baseurl\" value=\"https:\/\/noticiasdestaque.com.br\"><input type=\"hidden\" id=\"audio_nonce\" value=\"6f73a554f1\">","protected":false},"excerpt":{"rendered":"<p>Derrubada de decreto que aumentava IOF marca in\u00edcio das a\u00e7\u00f5es em defesa de um ambiente mais favor\u00e1vel ao setor, respons\u00e1vel por mais de 70% do PIB brasileiro<\/p>\n","protected":false},"author":1,"featured_media":44519,"comment_status":"open","ping_status":"open","sticky":false,"template":"","format":"standard","meta":{"fifu_image_url":"","fifu_image_alt":"","footnotes":""},"categories":[50],"tags":[],"class_list":["post-44518","post","type-post","status-publish","format-standard","has-post-thumbnail","hentry","category-politica"],"distributor_meta":false,"distributor_terms":false,"distributor_media":false,"distributor_original_site_name":"Noticias em Destaque","distributor_original_site_url":"https:\/\/noticiasdestaque.com.br","push-errors":false,"_links":{"self":[{"href":"https:\/\/noticiasdestaque.com.br\/index.php\/wp-json\/wp\/v2\/posts\/44518","targetHints":{"allow":["GET"]}}],"collection":[{"href":"https:\/\/noticiasdestaque.com.br\/index.php\/wp-json\/wp\/v2\/posts"}],"about":[{"href":"https:\/\/noticiasdestaque.com.br\/index.php\/wp-json\/wp\/v2\/types\/post"}],"author":[{"embeddable":true,"href":"https:\/\/noticiasdestaque.com.br\/index.php\/wp-json\/wp\/v2\/users\/1"}],"replies":[{"embeddable":true,"href":"https:\/\/noticiasdestaque.com.br\/index.php\/wp-json\/wp\/v2\/comments?post=44518"}],"version-history":[{"count":0,"href":"https:\/\/noticiasdestaque.com.br\/index.php\/wp-json\/wp\/v2\/posts\/44518\/revisions"}],"wp:featuredmedia":[{"embeddable":true,"href":"https:\/\/noticiasdestaque.com.br\/index.php\/wp-json\/wp\/v2\/media\/44519"}],"wp:attachment":[{"href":"https:\/\/noticiasdestaque.com.br\/index.php\/wp-json\/wp\/v2\/media?parent=44518"}],"wp:term":[{"taxonomy":"category","embeddable":true,"href":"https:\/\/noticiasdestaque.com.br\/index.php\/wp-json\/wp\/v2\/categories?post=44518"},{"taxonomy":"post_tag","embeddable":true,"href":"https:\/\/noticiasdestaque.com.br\/index.php\/wp-json\/wp\/v2\/tags?post=44518"}],"curies":[{"name":"wp","href":"https:\/\/api.w.org\/{rel}","templated":true}]}}