{"id":44510,"date":"2025-06-26T02:20:00","date_gmt":"2025-06-26T05:20:00","guid":{"rendered":"https:\/\/noticiasdestaque.com.br\/index.php\/2025\/06\/26\/industria-brasileira-mostra-recuperacao-em-maio-mas-mantem-cautela-nas-contratacoes\/"},"modified":"2025-06-26T02:20:00","modified_gmt":"2025-06-26T05:20:00","slug":"industria-brasileira-mostra-recuperacao-em-maio-mas-mantem-cautela-nas-contratacoes","status":"publish","type":"post","link":"https:\/\/noticiasdestaque.com.br\/index.php\/2025\/06\/26\/industria-brasileira-mostra-recuperacao-em-maio-mas-mantem-cautela-nas-contratacoes\/","title":{"rendered":"Ind\u00fastria brasileira mostra recupera\u00e7\u00e3o em maio, mas mant\u00e9m cautela nas contrata\u00e7\u00f5es"},"content":{"rendered":"<p>\t\t\t\t\t\t\t\t\t\t<audio controls class=\"b61_audio_player\" data-noticia=\"82933\" src=\"https:\/\/brasil61.com\/rails\/active_storage\/blobs\/eyJfcmFpbHMiOnsibWVzc2FnZSI6IkJBaHBBMnBuQXc9PSIsImV4cCI6bnVsbCwicHVyIjoiYmxvYl9pZCJ9fQ==--3a8b5f39aa61533cb09411665914eced26c22f00\/BRAS2514188B\"><\/audio><\/p>\n<p>O m\u00eas de maio para a ind\u00fastria brasileira come\u00e7ou e terminou de maneira diferente. A produ\u00e7\u00e3o industrial mostrou recupera\u00e7\u00e3o no \u00faltimo m\u00eas, em dados divulgados pela Confedera\u00e7\u00e3o Nacional da Ind\u00fastria (CNI), na \u00faltima ter\u00e7a-feira (24). O indicador indica aumento de 4,2 pontos em compara\u00e7\u00e3o ao m\u00eas anterior, atingindo a\u00a0marca de 52 pontos, a maior do ano de 2025.\u00a0<\/p>\n<p>Segundo a Confedera\u00e7\u00e3o Nacional da Ind\u00fastria (CNI), os indicadores de expectativas da ind\u00fastria apresentaram alta em junho, revertendo a queda registrada em maio.\u00a0<\/p>\n<p>O indicador de expectativa de demanda subiu para 55,6 pontos, sinalizando otimismo do setor. J\u00e1 o indicador de compras de insumos e mat\u00e9rias-primas avan\u00e7ou para 53,9 pontos, enquanto a expectativa de exporta\u00e7\u00f5es tamb\u00e9m cresceu, alcan\u00e7ando 52,5 pontos. Todos os \u00edndices permanecem acima da linha dos 50 pontos, o que indica uma percep\u00e7\u00e3o positiva dos empres\u00e1rios industriais em rela\u00e7\u00e3o aos pr\u00f3ximos meses.<\/p>\n<p>A CNI tamb\u00e9m informou que a inten\u00e7\u00e3o de investimento dos empres\u00e1rios industriais permaneceu est\u00e1vel entre maio e junho, mantendo-se em 56,1 pontos. Apesar da estabilidade no m\u00eas, o \u00edndice registra uma queda acumulada de 2,7 pontos ao longo do primeiro semestre de 2025, o que indica uma postura mais cautelosa por parte do setor.<\/p>\n<p>A pesquisa ouviu 1.482 empresas no total, das quais 591 s\u00e3o de pequeno porte, 522 de m\u00e9dio porte e 369 de grande porte. O levantamento foi conduzido entre os dias 2 e 11 de junho de 2025.<\/p>\n<p>Por outro lado, o levantamento da CNI revelou que o emprego na ind\u00fastria segue em queda. O \u00edndice que mede a evolu\u00e7\u00e3o do n\u00famero de empregados permaneceu abaixo da linha dos 50 pontos pelo terceiro m\u00eas consecutivo, alcan\u00e7ando 49,6 pontos em maio. Esse resultado sinaliza que, para a maioria dos empres\u00e1rios consultados, houve uma redu\u00e7\u00e3o no n\u00famero de trabalhadores em compara\u00e7\u00e3o com o m\u00eas anterior.<\/p>\n<p>O desempenho abaixo dos 50 pontos reflete um ambiente de contrata\u00e7\u00e3o ainda fraco, apesar da melhora nas expectativas para demanda e exporta\u00e7\u00f5es. Isso pode indicar que, mesmo com sinais de recupera\u00e7\u00e3o \u00e0 frente, os industriais ainda evitam ampliar o quadro de funcion\u00e1rios enquanto a confian\u00e7a n\u00e3o se consolida.<\/p>\n<p>\t\t\t\t\t\t\t\t\t<img loading=\"lazy\" decoding=\"async\" src=\"https:\/\/brasil61.com\/api\/v1\/serve_pixel\/17677\/82933\" alt=\"Pixel Brasil 61\" class=\"b61_pixel\" width=\"0\" height=\"0\"><\/p>\n<input type=\"hidden\" id=\"baseurl\" value=\"https:\/\/noticiasdestaque.com.br\"><input type=\"hidden\" id=\"audio_nonce\" value=\"6f73a554f1\">","protected":false},"excerpt":{"rendered":"<p>Produ\u00e7\u00e3o atinge melhor resultado do ano e expectativas para demanda e exporta\u00e7\u00f5es sobem; emprego segue em queda pelo terceiro m\u00eas consecutivo<\/p>\n","protected":false},"author":1,"featured_media":44511,"comment_status":"open","ping_status":"open","sticky":false,"template":"","format":"standard","meta":{"fifu_image_url":"","fifu_image_alt":"","footnotes":""},"categories":[59],"tags":[],"class_list":["post-44510","post","type-post","status-publish","format-standard","has-post-thumbnail","hentry","category-economia"],"distributor_meta":false,"distributor_terms":false,"distributor_media":false,"distributor_original_site_name":"Noticias em Destaque","distributor_original_site_url":"https:\/\/noticiasdestaque.com.br","push-errors":false,"_links":{"self":[{"href":"https:\/\/noticiasdestaque.com.br\/index.php\/wp-json\/wp\/v2\/posts\/44510","targetHints":{"allow":["GET"]}}],"collection":[{"href":"https:\/\/noticiasdestaque.com.br\/index.php\/wp-json\/wp\/v2\/posts"}],"about":[{"href":"https:\/\/noticiasdestaque.com.br\/index.php\/wp-json\/wp\/v2\/types\/post"}],"author":[{"embeddable":true,"href":"https:\/\/noticiasdestaque.com.br\/index.php\/wp-json\/wp\/v2\/users\/1"}],"replies":[{"embeddable":true,"href":"https:\/\/noticiasdestaque.com.br\/index.php\/wp-json\/wp\/v2\/comments?post=44510"}],"version-history":[{"count":0,"href":"https:\/\/noticiasdestaque.com.br\/index.php\/wp-json\/wp\/v2\/posts\/44510\/revisions"}],"wp:featuredmedia":[{"embeddable":true,"href":"https:\/\/noticiasdestaque.com.br\/index.php\/wp-json\/wp\/v2\/media\/44511"}],"wp:attachment":[{"href":"https:\/\/noticiasdestaque.com.br\/index.php\/wp-json\/wp\/v2\/media?parent=44510"}],"wp:term":[{"taxonomy":"category","embeddable":true,"href":"https:\/\/noticiasdestaque.com.br\/index.php\/wp-json\/wp\/v2\/categories?post=44510"},{"taxonomy":"post_tag","embeddable":true,"href":"https:\/\/noticiasdestaque.com.br\/index.php\/wp-json\/wp\/v2\/tags?post=44510"}],"curies":[{"name":"wp","href":"https:\/\/api.w.org\/{rel}","templated":true}]}}