{"id":44504,"date":"2025-06-11T05:00:00","date_gmt":"2025-06-11T08:00:00","guid":{"rendered":"https:\/\/noticiasdestaque.com.br\/index.php\/2025\/06\/11\/campo-grande-ms-municipio-registra-544-casos-de-dengue-em-2025\/"},"modified":"2025-06-11T05:00:00","modified_gmt":"2025-06-11T08:00:00","slug":"campo-grande-ms-municipio-registra-544-casos-de-dengue-em-2025","status":"publish","type":"post","link":"https:\/\/noticiasdestaque.com.br\/index.php\/2025\/06\/11\/campo-grande-ms-municipio-registra-544-casos-de-dengue-em-2025\/","title":{"rendered":"CAMPO GRANDE (MS): munic\u00edpio registra 544 casos de dengue em 2025"},"content":{"rendered":"<p>\t\t\t\t\t\t\t\t\t\t<audio controls class=\"b61_audio_player\" data-noticia=\"82573\" src=\"https:\/\/brasil61.com\/rails\/active_storage\/blobs\/eyJfcmFpbHMiOnsibWVzc2FnZSI6IkJBaHBBNFZnQXc9PSIsImV4cCI6bnVsbCwicHVyIjoiYmxvYl9pZCJ9fQ==--9b6519a258439cf9845e1526fcbc425d6d2cbb4e\/AEDE253223A\"><\/audio><\/p>\n<p>O <strong>n\u00famero de casos prov\u00e1veis de dengue em Campo Grande atingiu a marca de 544 em 2025, <a href=\"https:\/\/www.gov.br\/saude\/pt-br\/assuntos\/saude-de-a-a-z\/a\/aedes-aegypti\/monitoramento-das-arboviroses\">apontam os dados do Minist\u00e9rio da Sa\u00fade\u00a0<\/a>(dados at\u00e9 7\/6\/2025)<\/strong>. A cidade n\u00e3o registrou \u00f3bitos pela doen\u00e7a este ano.\u00a0<\/p>\n<p>Toda a popula\u00e7\u00e3o de Campo Grande e dos munic\u00edpios da microrregi\u00e3o da capital deve manter as medidas de<strong> preven\u00e7\u00e3o aos focos do aedes aegypti, mosquito transmissor, e ficar atenta aos sintomas da dengue.<\/strong><\/p>\n<p>O estudante de Gest\u00e3o da Produ\u00e7\u00e3o Industrial Joelnar Monteiro Leonel, de 30 anos, mora no Bairro Nova Campo Grande, na capital. Ele afirma que a preven\u00e7\u00e3o contra os focos do mosquito transmissor da dengue virou um h\u00e1bito da comunidade.<\/p>\n<p>\u201cA respeito dos cuidados contra o mosquito da dengue, um dos cuidados que tenho aqui, na minha casa, sempre \u00e9 manter o quintal limpo. N\u00e3o deixar nenhum recipiente com ac\u00famulo de \u00e1gua. Aqui \u00e9 uma \u00e1rea que chove muito nessa \u00e9poca. E os vizinhos t\u00eam a parte deles tamb\u00e9m, sempre est\u00e3o limpando o quintal. Aqui, no bairro, temos uma reserva e a prefeitura sempre tem uma frequ\u00eancia de estar passando veneno com o carro fumac\u00ea.\u201d<\/p>\n<p>Fique <strong>atento aos sintomas da dengue. Se estiver com febre, dor de cabe\u00e7a e\/ou atr\u00e1s dos olhos, manchas vermelhas no corpo, beba bastante \u00e1gua, n\u00e3o tome rem\u00e9dio por contra pr\u00f3pria e procure uma unidade de sa\u00fade.<\/strong>\u00a0<\/p>\n<p>O secret\u00e1rio adjunto da Secretaria de Vigil\u00e2ncia em Sa\u00fade e Ambiente do Minist\u00e9rio da Sa\u00fade, Fabiano Geraldo Pimenta Junior, destaca: no surgimento dos sintomas, \u00e9 fundamental procurar atendimento imediatamente.<\/p>\n<p>&#8220;As arboviroses t\u00eam alguns sintomas comuns. S\u00e3o febre, dor no corpo, no caso da dengue, dor ao redor dos olhos, dor nas articula\u00e7\u00f5es. Mas, o mais importante para a popula\u00e7\u00e3o \u00e9 que, na manifesta\u00e7\u00e3o desses sintomas, procurar imediatamente uma Unidade B\u00e1sica de Sa\u00fade (UBS). A UBS vai, atrav\u00e9s dos profissionais capacitados e de alguns exames que s\u00e3o relativamente simples, por exemplo, um hemograma, dar a melhor condu\u00e7\u00e3o ao caso.\u201d<\/p>\n<p>Manter-se bem hidratado \u00e9 fundamental para ter uma boa recupera\u00e7\u00e3o e previne casos graves da doen\u00e7a. Al\u00e9m disso, nada de tomar rem\u00e9dio por conta pr\u00f3pria.\u00a0<\/p>\n<p>Saiba mais em gov.br\/mosquito ou ligue 136.<\/p>\n<p>\t\t\t\t\t\t\t\t\t<img loading=\"lazy\" decoding=\"async\" src=\"https:\/\/brasil61.com\/api\/v1\/serve_pixel\/17677\/82573\" alt=\"Pixel Brasil 61\" class=\"b61_pixel\" width=\"0\" height=\"0\"><\/p>\n<input type=\"hidden\" id=\"baseurl\" value=\"https:\/\/noticiasdestaque.com.br\"><input type=\"hidden\" id=\"audio_nonce\" value=\"6f73a554f1\">","protected":false},"excerpt":{"rendered":"<p>Diante disso, autoridades de sa\u00fade e a popula\u00e7\u00e3o precisam continuar mobilizadas na preven\u00e7\u00e3o aos focos do mosquito transmissor da dengue e atentos aos sintomas da dengue.<\/p>\n","protected":false},"author":1,"featured_media":44505,"comment_status":"open","ping_status":"open","sticky":false,"template":"","format":"standard","meta":{"fifu_image_url":"","fifu_image_alt":"","footnotes":""},"categories":[51],"tags":[],"class_list":["post-44504","post","type-post","status-publish","format-standard","has-post-thumbnail","hentry","category-saude"],"distributor_meta":false,"distributor_terms":false,"distributor_media":false,"distributor_original_site_name":"Noticias em Destaque","distributor_original_site_url":"https:\/\/noticiasdestaque.com.br","push-errors":false,"_links":{"self":[{"href":"https:\/\/noticiasdestaque.com.br\/index.php\/wp-json\/wp\/v2\/posts\/44504","targetHints":{"allow":["GET"]}}],"collection":[{"href":"https:\/\/noticiasdestaque.com.br\/index.php\/wp-json\/wp\/v2\/posts"}],"about":[{"href":"https:\/\/noticiasdestaque.com.br\/index.php\/wp-json\/wp\/v2\/types\/post"}],"author":[{"embeddable":true,"href":"https:\/\/noticiasdestaque.com.br\/index.php\/wp-json\/wp\/v2\/users\/1"}],"replies":[{"embeddable":true,"href":"https:\/\/noticiasdestaque.com.br\/index.php\/wp-json\/wp\/v2\/comments?post=44504"}],"version-history":[{"count":0,"href":"https:\/\/noticiasdestaque.com.br\/index.php\/wp-json\/wp\/v2\/posts\/44504\/revisions"}],"wp:featuredmedia":[{"embeddable":true,"href":"https:\/\/noticiasdestaque.com.br\/index.php\/wp-json\/wp\/v2\/media\/44505"}],"wp:attachment":[{"href":"https:\/\/noticiasdestaque.com.br\/index.php\/wp-json\/wp\/v2\/media?parent=44504"}],"wp:term":[{"taxonomy":"category","embeddable":true,"href":"https:\/\/noticiasdestaque.com.br\/index.php\/wp-json\/wp\/v2\/categories?post=44504"},{"taxonomy":"post_tag","embeddable":true,"href":"https:\/\/noticiasdestaque.com.br\/index.php\/wp-json\/wp\/v2\/tags?post=44504"}],"curies":[{"name":"wp","href":"https:\/\/api.w.org\/{rel}","templated":true}]}}