{"id":44498,"date":"2025-05-31T20:10:00","date_gmt":"2025-05-31T23:10:00","guid":{"rendered":"https:\/\/noticiasdestaque.com.br\/index.php\/2025\/05\/31\/sarampo-protecao-contra-a-doenca-vem-da-vacina-triplice-viral\/"},"modified":"2025-05-31T20:10:00","modified_gmt":"2025-05-31T23:10:00","slug":"sarampo-protecao-contra-a-doenca-vem-da-vacina-triplice-viral","status":"publish","type":"post","link":"https:\/\/noticiasdestaque.com.br\/index.php\/2025\/05\/31\/sarampo-protecao-contra-a-doenca-vem-da-vacina-triplice-viral\/","title":{"rendered":"SARAMPO: prote\u00e7\u00e3o contra a doen\u00e7a vem da vacina tr\u00edplice viral"},"content":{"rendered":"<p>\t\t\t\t\t\t\t\t\t\t<audio controls class=\"b61_audio_player\" data-noticia=\"82307\" src=\"https:\/\/brasil61.com\/rails\/active_storage\/blobs\/eyJfcmFpbHMiOnsibWVzc2FnZSI6IkJBaHBBeE5hQXc9PSIsImV4cCI6bnVsbCwicHVyIjoiYmxvYl9pZCJ9fQ==--224a5a908f8bd959ab823ddfd542e71aca7bd315\/VACI250256A\"><\/audio><\/p>\n<p>Algu\u00e9m com sarampo pode passar a doen\u00e7a para 90% das pessoas pr\u00f3ximas, caso elas n\u00e3o estejam vacinadas. E se engana quem pensa que \u00e9 s\u00f3 mais uma virose como tantas outras. Al\u00e9m de altamente contagioso, o sarampo j\u00e1 foi uma das principais causas de mortalidade infantil em todo o mundo. Em 2019, o Brasil recuperou a certifica\u00e7\u00e3o de pa\u00eds livre do v\u00edrus do sarampo.\u00a0<\/p>\n<p>O desafio agora \u00e9 manter esse t\u00edtulo. Ap\u00f3s a confirma\u00e7\u00e3o de casos de sarampo no Rio de Janeiro, o Minist\u00e9rio da Sa\u00fade anunciou um refor\u00e7o da vacina\u00e7\u00e3o no estado para bloquear o v\u00edrus.\u00a0<\/p>\n<p>O diretor do Programa Nacional de Imuniza\u00e7\u00f5es, Eder Gatti, explica que o Rio recebe muitos estrangeiros, o que favorece a circula\u00e7\u00e3o do sarampo.\u00a0<\/p>\n<p>\u201cO desafio no Rio de Janeiro \u00e9 muito maior. Ent\u00e3o a gente t\u00e1 tendo que fazer uma s\u00e9rie de a\u00e7\u00f5es de busca ativa e vacina\u00e7\u00e3o e o estado tem sido um parceiro enorme, os munic\u00edpios t\u00eam sido muito colaborativos nessa atividade. E a gente certamente vai aproveitar todas essas a\u00e7\u00f5es para ampliar a cobertura vacinal de tr\u00edplice viral no Rio de Janeiro e em todo o Brasil.\u201d<\/p>\n<p>A prote\u00e7\u00e3o contra o sarampo vem da vacina tr\u00edplice viral, aplicada em crian\u00e7as de 12 meses a quatro anos de idade. O imunizante tamb\u00e9m oferece prote\u00e7\u00e3o contra a caxumba e a rub\u00e9ola.\u00a0<\/p>\n<p>Ap\u00f3s o sucesso das campanhas de vacina\u00e7\u00e3o, o Brasil n\u00e3o teve mais casos de rub\u00e9ola surgidos aqui desde 2009. A infec\u00e7\u00e3o preocupa na gravidez, porque causa complica\u00e7\u00f5es para a m\u00e3e, como aborto; e para o beb\u00ea, como surdez e malforma\u00e7\u00f5es card\u00edacas.\u00a0<\/p>\n<p>J\u00e1 a caxumba \u00e9 mais comum em crian\u00e7as no per\u00edodo escolar e em adolescentes. Geralmente, o paciente n\u00e3o tem complica\u00e7\u00f5es. Mas em alguns casos raros pode levar a interna\u00e7\u00f5es e at\u00e9 a morte. A caxumba j\u00e1 foi uma doen\u00e7a comum no Brasil, mas o n\u00famero de casos caiu drasticamente ap\u00f3s a vacina.\u00a0<\/p>\n<p>A tr\u00edplice viral \u00e9 oferecida em todos os postos de sa\u00fade, para crian\u00e7as de 12 meses a quatro anos de idade, e \u00e9 de gra\u00e7a.\u00a0<\/p>\n<p>Participe da mobiliza\u00e7\u00e3o nacional pela vacina\u00e7\u00e3o contra o sarampo, a caxumba e a rub\u00e9ola. Procure uma Unidade B\u00e1sica de Sa\u00fade com a Caderneta de Vacina\u00e7\u00e3o ou documento com foto e garanta imuniza\u00e7\u00e3o contra essas doen\u00e7as.\u00a0<\/p>\n<h2><a href=\"https:\/\/www.gov.br\/saude\/pt-br\/assuntos\/saude-de-a-a-z\/s\/sarampo\" target=\"_blank\">Sintomas: Sarampo<\/a><\/h2>\n<ul>\n<li>Manchas vermelhas (exantema) no corpo;<\/li>\n<li>Febre alta (acima de 38,5\u00b0) acompanhada de um ou mais dos seguintes sintomas: Tosse seca, Irrita\u00e7\u00e3o nos olhos (conjuntivite), Nariz escorrendo ou entupido; e Mal-estar intenso.<\/li>\n<\/ul>\n<h2><a href=\"https:\/\/www.gov.br\/saude\/pt-br\/assuntos\/saude-de-a-a-z\/c\/caxumba\" target=\"_blank\">Sintomas: Caxumba<\/a><\/h2>\n<ul>\n<li>Aumento das gl\u00e2ndulas salivares, acompanhado de febre. Cerca de 30% das infec\u00e7\u00f5es podem n\u00e3o apresentar aumento aparente dessas gl\u00e2ndulas;\u00a0<\/li>\n<li>Em menores de 5 anos de idade, s\u00e3o comuns sintomas das vias respirat\u00f3rias e perda neurosensorial da audi\u00e7\u00e3o.\u00a0<\/li>\n<\/ul>\n<h2><a href=\"https:\/\/www.gov.br\/saude\/pt-br\/assuntos\/saude-de-a-a-z\/r\/rubeola\" target=\"_blank\">Sintomas: Rub\u00e9ola<\/a><\/h2>\n<ul>\n<li>Febre baixa; aumento dos g\u00e2nglios linf\u00e1ticos atr\u00e1s das orelhas, nuca e pesco\u00e7o;\u00a0<\/li>\n<li>Manchas na pele (Exantema m\u00e1culo-papular).<\/li>\n<\/ul>\n<p>Para mais informa\u00e7\u00f5es, acesse <a href=\"https:\/\/www.gov.br\/saude\/pt-br\/campanhas-da-saude\/vacinacao\" target=\"_blank\">www.gov.br\/vacinacao<\/a>.<\/p>\n<p>\t\t\t\t\t\t\t\t\t<img loading=\"lazy\" decoding=\"async\" src=\"https:\/\/brasil61.com\/api\/v1\/serve_pixel\/17677\/82307\" alt=\"Pixel Brasil 61\" class=\"b61_pixel\" width=\"0\" height=\"0\"><\/p>\n<input type=\"hidden\" id=\"baseurl\" value=\"https:\/\/noticiasdestaque.com.br\"><input type=\"hidden\" id=\"audio_nonce\" value=\"6f73a554f1\">","protected":false},"excerpt":{"rendered":"<p>Algu\u00e9m com sarampo pode passar a doen\u00e7a para 90% das pessoas pr\u00f3ximas, caso elas n\u00e3o estejam vacinadas.<\/p>\n","protected":false},"author":1,"featured_media":44499,"comment_status":"open","ping_status":"open","sticky":false,"template":"","format":"standard","meta":{"fifu_image_url":"","fifu_image_alt":"","footnotes":""},"categories":[51],"tags":[],"class_list":["post-44498","post","type-post","status-publish","format-standard","has-post-thumbnail","hentry","category-saude"],"distributor_meta":false,"distributor_terms":false,"distributor_media":false,"distributor_original_site_name":"Noticias em Destaque","distributor_original_site_url":"https:\/\/noticiasdestaque.com.br","push-errors":false,"_links":{"self":[{"href":"https:\/\/noticiasdestaque.com.br\/index.php\/wp-json\/wp\/v2\/posts\/44498","targetHints":{"allow":["GET"]}}],"collection":[{"href":"https:\/\/noticiasdestaque.com.br\/index.php\/wp-json\/wp\/v2\/posts"}],"about":[{"href":"https:\/\/noticiasdestaque.com.br\/index.php\/wp-json\/wp\/v2\/types\/post"}],"author":[{"embeddable":true,"href":"https:\/\/noticiasdestaque.com.br\/index.php\/wp-json\/wp\/v2\/users\/1"}],"replies":[{"embeddable":true,"href":"https:\/\/noticiasdestaque.com.br\/index.php\/wp-json\/wp\/v2\/comments?post=44498"}],"version-history":[{"count":0,"href":"https:\/\/noticiasdestaque.com.br\/index.php\/wp-json\/wp\/v2\/posts\/44498\/revisions"}],"wp:featuredmedia":[{"embeddable":true,"href":"https:\/\/noticiasdestaque.com.br\/index.php\/wp-json\/wp\/v2\/media\/44499"}],"wp:attachment":[{"href":"https:\/\/noticiasdestaque.com.br\/index.php\/wp-json\/wp\/v2\/media?parent=44498"}],"wp:term":[{"taxonomy":"category","embeddable":true,"href":"https:\/\/noticiasdestaque.com.br\/index.php\/wp-json\/wp\/v2\/categories?post=44498"},{"taxonomy":"post_tag","embeddable":true,"href":"https:\/\/noticiasdestaque.com.br\/index.php\/wp-json\/wp\/v2\/tags?post=44498"}],"curies":[{"name":"wp","href":"https:\/\/api.w.org\/{rel}","templated":true}]}}