{"id":44436,"date":"2025-06-20T09:41:00","date_gmt":"2025-06-20T12:41:00","guid":{"rendered":"https:\/\/noticiasdestaque.com.br\/index.php\/2025\/06\/20\/pe-de-meia-pagamento-para-nascidos-em-janeiro-e-fevereiro-ocorre-na-segunda-feira-23\/"},"modified":"2025-06-20T09:41:00","modified_gmt":"2025-06-20T12:41:00","slug":"pe-de-meia-pagamento-para-nascidos-em-janeiro-e-fevereiro-ocorre-na-segunda-feira-23","status":"publish","type":"post","link":"https:\/\/noticiasdestaque.com.br\/index.php\/2025\/06\/20\/pe-de-meia-pagamento-para-nascidos-em-janeiro-e-fevereiro-ocorre-na-segunda-feira-23\/","title":{"rendered":"P\u00e9-de-Meia: pagamento para nascidos em janeiro e fevereiro ocorre na segunda-feira (23)"},"content":{"rendered":"<p>\t\t\t\t\t\t\t\t\t\t<audio controls class=\"b61_audio_player\" data-noticia=\"82856\" src=\"https:\/\/brasil61.com\/rails\/active_storage\/blobs\/eyJfcmFpbHMiOnsibWVzc2FnZSI6IkJBaHBBNlJrQXc9PSIsImV4cCI6bnVsbCwicHVyIjoiYmxvYl9pZCJ9fQ==--8ec4d269fc7da4c93fa4c5eef45f712ca9a19e4d\/PCXA250558A\"><\/audio><\/p>\n<p>A <a href=\"https:\/\/www.caixa.gov.br\/Paginas\/home-caixa.aspx\">CAIXA <\/a>paga nesta <strong>segunda-feira, 23 de junho, para os estudantes nascidos nos meses de janeiro e fevereiro, uma nova parcela do Incentivo Frequ\u00eancia do Programa P\u00e9-de-Meia<\/strong>.\u00a0<\/p>\n<p>O incentivo ser\u00e1 creditado na conta <strong>Poupan\u00e7a CAIXA Tem e os valores podem ser movimentados pelo CAIXA Tem<\/strong>.\u00a0<\/p>\n<p>O estudante pode pagar contas, fazer transfer\u00eancias e PIX, direto no aplicativo.<\/p>\n<p>Al\u00e9m disso, pode movimentar os valores com o cart\u00e3o do programa, fazendo compras e pagamentos.<\/p>\n<h2>P\u00e9-de-Meia: o que \u00e9<\/h2>\n<p>P\u00e9-de-Meia \u00e9 um programa criado pela Lei n\u00ba 14.818, de 16 de janeiro de 2024, que oferece incentivo financeiro a estudantes do ensino m\u00e9dio de col\u00e9gios p\u00fablicos para estimular a perman\u00eancia e a conclus\u00e3o dos estudos, al\u00e9m da participa\u00e7\u00e3o em exames educacionais nacionais e subnacionais.\u00a0<\/p>\n<p>\u00a0<\/p>\n<h2>P\u00e9-de-Meia: quem pode participar<\/h2>\n<p>O Programa P\u00e9-de-Meia \u00e9 destinado a estudantes matriculados no ensino m\u00e9dio da rede p\u00fablica de ensino, e para participar, \u00e9 necess\u00e1rio atender aos seguintes crit\u00e9rios:<\/p>\n<ul>\n<li>\n<p>Ser estudante matriculado no ensino m\u00e9dio regular das redes p\u00fablicas e ter entre 14 a 24 anos ou estudante da educa\u00e7\u00e3o de jovens e adultos (EJA) das redes p\u00fablicas e ter entre 19 e 24 anos;<\/p>\n<\/li>\n<li>Ser integrante de fam\u00edlia inscrita no Cadastro \u00danico para Programas Sociais do Governo Federal (Cad\u00danico) e que tenha renda, por pessoa, de at\u00e9 meio sal\u00e1rio-m\u00ednimo;<\/li>\n<li>Ter inscri\u00e7\u00e3o regular no Cadastro de Pessoas F\u00edsicas (CPF);<\/li>\n<li>Ter o m\u00ednimo de 80% de frequ\u00eancia escolar no m\u00eas;<\/li>\n<\/ul>\n<p><em>Com informa\u00e7\u00f5es da CAIXA<\/em><\/p>\n<p>\t\t\t\t\t\t\t\t\t<img loading=\"lazy\" decoding=\"async\" src=\"https:\/\/brasil61.com\/api\/v1\/serve_pixel\/17677\/82856\" alt=\"Pixel Brasil 61\" class=\"b61_pixel\" width=\"0\" height=\"0\"><\/p>\n<input type=\"hidden\" id=\"baseurl\" value=\"https:\/\/noticiasdestaque.com.br\"><input type=\"hidden\" id=\"audio_nonce\" value=\"c9f06e19e6\">","protected":false},"excerpt":{"rendered":"<p>O incentivo ser\u00e1 creditado na conta Poupan\u00e7a CAIXA Tem e os valores podem ser movimentados pelo CAIXA Tem. <\/p>\n","protected":false},"author":1,"featured_media":44437,"comment_status":"open","ping_status":"open","sticky":false,"template":"","format":"standard","meta":{"fifu_image_url":"","fifu_image_alt":"","footnotes":""},"categories":[59],"tags":[],"class_list":["post-44436","post","type-post","status-publish","format-standard","has-post-thumbnail","hentry","category-economia"],"distributor_meta":false,"distributor_terms":false,"distributor_media":false,"distributor_original_site_name":"Noticias em Destaque","distributor_original_site_url":"https:\/\/noticiasdestaque.com.br","push-errors":false,"_links":{"self":[{"href":"https:\/\/noticiasdestaque.com.br\/index.php\/wp-json\/wp\/v2\/posts\/44436","targetHints":{"allow":["GET"]}}],"collection":[{"href":"https:\/\/noticiasdestaque.com.br\/index.php\/wp-json\/wp\/v2\/posts"}],"about":[{"href":"https:\/\/noticiasdestaque.com.br\/index.php\/wp-json\/wp\/v2\/types\/post"}],"author":[{"embeddable":true,"href":"https:\/\/noticiasdestaque.com.br\/index.php\/wp-json\/wp\/v2\/users\/1"}],"replies":[{"embeddable":true,"href":"https:\/\/noticiasdestaque.com.br\/index.php\/wp-json\/wp\/v2\/comments?post=44436"}],"version-history":[{"count":0,"href":"https:\/\/noticiasdestaque.com.br\/index.php\/wp-json\/wp\/v2\/posts\/44436\/revisions"}],"wp:featuredmedia":[{"embeddable":true,"href":"https:\/\/noticiasdestaque.com.br\/index.php\/wp-json\/wp\/v2\/media\/44437"}],"wp:attachment":[{"href":"https:\/\/noticiasdestaque.com.br\/index.php\/wp-json\/wp\/v2\/media?parent=44436"}],"wp:term":[{"taxonomy":"category","embeddable":true,"href":"https:\/\/noticiasdestaque.com.br\/index.php\/wp-json\/wp\/v2\/categories?post=44436"},{"taxonomy":"post_tag","embeddable":true,"href":"https:\/\/noticiasdestaque.com.br\/index.php\/wp-json\/wp\/v2\/tags?post=44436"}],"curies":[{"name":"wp","href":"https:\/\/api.w.org\/{rel}","templated":true}]}}