{"id":44432,"date":"2025-06-20T00:00:00","date_gmt":"2025-06-20T03:00:00","guid":{"rendered":"https:\/\/noticiasdestaque.com.br\/index.php\/2025\/06\/20\/trabalho-em-feriados-governo-adia-regra-polemica-pela-4a-vez-e-setor-cobra-fim-da-incerteza\/"},"modified":"2025-06-20T00:00:00","modified_gmt":"2025-06-20T03:00:00","slug":"trabalho-em-feriados-governo-adia-regra-polemica-pela-4a-vez-e-setor-cobra-fim-da-incerteza","status":"publish","type":"post","link":"https:\/\/noticiasdestaque.com.br\/index.php\/2025\/06\/20\/trabalho-em-feriados-governo-adia-regra-polemica-pela-4a-vez-e-setor-cobra-fim-da-incerteza\/","title":{"rendered":"Trabalho em feriados: governo adia regra pol\u00eamica pela 4\u00aa vez e setor cobra fim da incerteza"},"content":{"rendered":"<p>\t\t\t\t\t\t\t\t\t\t<audio controls class=\"b61_audio_player\" data-noticia=\"82816\" src=\"https:\/\/brasil61.com\/rails\/active_storage\/blobs\/eyJfcmFpbHMiOnsibWVzc2FnZSI6IkJBaHBBNGhrQXc9PSIsImV4cCI6bnVsbCwicHVyIjoiYmxvYl9pZCJ9fQ==--b2d6e9f0bc32dc145ec91cc38850ac18ec2359d2\/CACB250027A\"><\/audio><\/p>\n<p>O <strong><a href=\"https:\/\/www.gov.br\/trabalho-e-emprego\/pt-br\">Minist\u00e9rio do Trabalho e Emprego<\/a><\/strong> anunciou na \u00faltima ter\u00e7a-feira (17) <strong>o quarto adiamento da entrada em vigor da Portaria n\u00ba 3.665\/2023, que restringe o trabalho em feriados no setor do com\u00e9rcio. A nova data foi prorrogada para 1\u00ba de mar\u00e7o de 2026, ap\u00f3s negocia\u00e7\u00f5es com lideran\u00e7as pol\u00edticas e press\u00e3o crescente de entidades do setor produtivo<\/strong>.<\/p>\n<p>A medida \u2014 que exige <strong>conven\u00e7\u00e3o coletiva para autorizar o funcionamento do com\u00e9rcio nessas datas \u2014 \u00e9 alvo de fortes cr\u00edticas por parte de associa\u00e7\u00f5es empresariais<\/strong>. Para a<a href=\"https:\/\/cacb.org.br\/\"><strong> Confedera\u00e7\u00e3o das Associa\u00e7\u00f5es Comerciais e Empresariais do Brasil (CACB)<\/strong><\/a>, os sucessivos adiamentos da norma geram inseguran\u00e7a jur\u00eddica e dificultam o planejamento de empres\u00e1rios e trabalhadores em todo o pa\u00eds.<\/p>\n<p>\nA CACB, que representa mais de 2.300 associa\u00e7\u00f5es comerciais, cobra a <strong>revoga\u00e7\u00e3o imediata da portaria. Segundo o presidente da entidade, Alfredo Cotait, a regra interfere na autonomia dos trabalhadores, restringe o com\u00e9rcio em datas estrat\u00e9gicas e prejudica a gera\u00e7\u00e3o de renda<\/strong>.<\/p>\n<p>\n\u201c\u00c9 um retrocesso. Exatamente nos domingos e feriados que os nossos comerciantes, de v\u00e1rias atividades, t\u00eam os seus melhores dias para fazer as vendas. Est\u00e3o todos necessitados de gerar mais renda e vender os seus produtos\u201d, afirmou Cotait.<\/p>\n<p>\nAl\u00e9m de ferir a liberdade econ\u00f4mica, a CACB sustenta que a portaria \u00e9 inconstitucional, por limitar atividades essenciais sem respaldo legal adequado, como explica o vice-presidente jur\u00eddico da CACB, Anderson Trautman.\u00a0<\/p>\n<p>\n\u201cVeja a quantidade de surpresas, de dificuldade que temos para uma estabilidade de normas do Brasil. Entendemos que a portaria tem, inclusive, v\u00edcios de legalidade e seria pass\u00edvel de questionamento judicial. Mais uma prorroga\u00e7\u00e3o n\u00e3o nos traz estabilidade, precisamos que seja revogada\u201d, reafirmou Trautman.\u00a0<\/p>\n<h2>\nO que diz a portaria<\/h2>\n<p>\nA decis\u00e3o representa mais um recuo do governo diante da press\u00e3o de empres\u00e1rios e parlamentares. Editada em novembro de 2023, a Portaria n\u00ba 3.665 determina que estabelecimentos como supermercados, farm\u00e1cias, lojas e shoppings s\u00f3 poder\u00e3o funcionar em feriados mediante autoriza\u00e7\u00e3o em conven\u00e7\u00e3o coletiva de trabalho \u2014 ou seja, com aval formal de sindicatos.<br \/>\nAo anunciar o novo adiamento, o ministro do Trabalho, Luiz Marinho, afirmou que o governo busca dar mais tempo para a consolida\u00e7\u00e3o de um acordo.<\/p>\n<p>\n&#8220;Mantendo o di\u00e1logo, e ap\u00f3s conversar com o presidente da C\u00e2mara dos Deputados e com as lideran\u00e7as, decidi prorrogar a portaria, garantindo um prazo t\u00e9cnico para consolidar as negocia\u00e7\u00f5es&#8221;, disse o ministro.<\/p>\n<p>\nA nova data foi publicada no Di\u00e1rio Oficial da Uni\u00e3o desta quarta-feira (18). Enquanto isso, o setor produtivo segue em alerta e refor\u00e7a que, mais do que prorrogar, \u00e9 preciso revogar a regra para restaurar a previsibilidade no ambiente de neg\u00f3cios.<br \/>\n\u00a0<\/p>\n<p>\t\t\t\t\t\t\t\t\t<img loading=\"lazy\" decoding=\"async\" src=\"https:\/\/brasil61.com\/api\/v1\/serve_pixel\/17677\/82816\" alt=\"Pixel Brasil 61\" class=\"b61_pixel\" width=\"0\" height=\"0\"><\/p>\n<input type=\"hidden\" id=\"baseurl\" value=\"https:\/\/noticiasdestaque.com.br\"><input type=\"hidden\" id=\"audio_nonce\" value=\"34245022d4\">","protected":false},"excerpt":{"rendered":"<p>Entidades do setor produtivo refor\u00e7am pedido de revoga\u00e7\u00e3o imediata da medida, que imp\u00f5e restri\u00e7\u00f5es ao com\u00e9rcio e afeta renda de trabalhadores<\/p>\n","protected":false},"author":1,"featured_media":44433,"comment_status":"open","ping_status":"open","sticky":false,"template":"","format":"standard","meta":{"fifu_image_url":"","fifu_image_alt":"","footnotes":""},"categories":[59],"tags":[],"class_list":["post-44432","post","type-post","status-publish","format-standard","has-post-thumbnail","hentry","category-economia"],"distributor_meta":false,"distributor_terms":false,"distributor_media":false,"distributor_original_site_name":"Noticias em Destaque","distributor_original_site_url":"https:\/\/noticiasdestaque.com.br","push-errors":false,"_links":{"self":[{"href":"https:\/\/noticiasdestaque.com.br\/index.php\/wp-json\/wp\/v2\/posts\/44432","targetHints":{"allow":["GET"]}}],"collection":[{"href":"https:\/\/noticiasdestaque.com.br\/index.php\/wp-json\/wp\/v2\/posts"}],"about":[{"href":"https:\/\/noticiasdestaque.com.br\/index.php\/wp-json\/wp\/v2\/types\/post"}],"author":[{"embeddable":true,"href":"https:\/\/noticiasdestaque.com.br\/index.php\/wp-json\/wp\/v2\/users\/1"}],"replies":[{"embeddable":true,"href":"https:\/\/noticiasdestaque.com.br\/index.php\/wp-json\/wp\/v2\/comments?post=44432"}],"version-history":[{"count":0,"href":"https:\/\/noticiasdestaque.com.br\/index.php\/wp-json\/wp\/v2\/posts\/44432\/revisions"}],"wp:featuredmedia":[{"embeddable":true,"href":"https:\/\/noticiasdestaque.com.br\/index.php\/wp-json\/wp\/v2\/media\/44433"}],"wp:attachment":[{"href":"https:\/\/noticiasdestaque.com.br\/index.php\/wp-json\/wp\/v2\/media?parent=44432"}],"wp:term":[{"taxonomy":"category","embeddable":true,"href":"https:\/\/noticiasdestaque.com.br\/index.php\/wp-json\/wp\/v2\/categories?post=44432"},{"taxonomy":"post_tag","embeddable":true,"href":"https:\/\/noticiasdestaque.com.br\/index.php\/wp-json\/wp\/v2\/tags?post=44432"}],"curies":[{"name":"wp","href":"https:\/\/api.w.org\/{rel}","templated":true}]}}