{"id":44380,"date":"2025-06-16T18:40:00","date_gmt":"2025-06-16T21:40:00","guid":{"rendered":"https:\/\/noticiasdestaque.com.br\/index.php\/2025\/06\/16\/canais-publicos-vao-chegar-a-80-cidades-de-16-estados\/"},"modified":"2025-06-16T18:40:00","modified_gmt":"2025-06-16T21:40:00","slug":"canais-publicos-vao-chegar-a-80-cidades-de-16-estados","status":"publish","type":"post","link":"https:\/\/noticiasdestaque.com.br\/index.php\/2025\/06\/16\/canais-publicos-vao-chegar-a-80-cidades-de-16-estados\/","title":{"rendered":"Canais p\u00fablicos v\u00e3o chegar a 80 cidades de 16 estados"},"content":{"rendered":"<p>\t\t\t\t\t\t\t\t\t\t<audio controls class=\"b61_audio_player\" data-noticia=\"82767\" src=\"https:\/\/brasil61.com\/rails\/active_storage\/blobs\/eyJfcmFpbHMiOnsibWVzc2FnZSI6IkJBaHBBemRqQXc9PSIsImV4cCI6bnVsbCwicHVyIjoiYmxvYl9pZCJ9fQ==--7bb0854b715f4d7397c2d441088b5a80072ca127\/MCOM250188A\"><\/audio><\/p>\n<p>Mais 80 cidades brasileiras v\u00e3o contar, em breve, com novas op\u00e7\u00f5es de <strong>canais digitais de TV<\/strong>.\u00a0O ministro das Comunica\u00e7\u00f5es, Frederico de Siqueira Filho, assinou dois novos contratos, no valor total de R$ 32 milh\u00f5es, para a instala\u00e7\u00e3o de esta\u00e7\u00f5es transmissoras em munic\u00edpios que ainda n\u00e3o contam com canais da <strong>Empresa Brasil de Comunica\u00e7\u00e3o (EBC)<\/strong> ou da<strong> Rede Legislativa<\/strong>.<\/p>\n<p>Os recursos do programa s\u00e3o do<strong> Novo Programa de Acelera\u00e7\u00e3o do Crescimento (Novo PAC)<\/strong>.<\/p>\n<p>A iniciativa faz parte do <strong>Programa Brasil Digital<\/strong>, que j\u00e1 est\u00e1 em expans\u00e3o e prev\u00ea beneficiar, no total, 250 cidades em todo o territ\u00f3rio nacional. Os equipamentos ser\u00e3o instalados em espa\u00e7os cedidos por \u00f3rg\u00e3os p\u00fablicos, promovendo economia e agilidade na implementa\u00e7\u00e3o.<\/p>\n<p>\u201cLevar o sinal digital de TV para todos os cantos do pa\u00eds, especialmente nas regi\u00f5es mais remotas, \u00e9 uma das metas do governo. A popula\u00e7\u00e3o tem o direito de acessar informa\u00e7\u00e3o de qualidade, cultura e servi\u00e7os p\u00fablicos na tela da TV\u201d, destacou o ministro das Comunica\u00e7\u00f5es, Frederico de Siqueira Filho.<\/p>\n<p>Com a amplia\u00e7\u00e3o, milh\u00f5es de brasileiros poder\u00e3o acompanhar a programa\u00e7\u00e3o de canais p\u00fablicos como<strong> TV Brasil, TV Educa\u00e7\u00e3o, TV Sa\u00fade, Canal GOV<\/strong>, al\u00e9m das emissoras da <strong>Rede Legislativa<\/strong>, que transmitem conte\u00fados da<strong> C\u00e2mara dos Deputados, Senado Federal, c\u00e2maras municipais e assembleias legislativas<\/strong>.<\/p>\n<h2><strong>Cidades contempladas<\/strong><\/h2>\n<p>Os novos contratos contemplam munic\u00edpios em 16 estados, com destaque para Minas Gerais (12 cidades), Par\u00e1 (10), Piau\u00ed (11) e S\u00e3o Paulo (8). Todos os locais passar\u00e3o por vistorias t\u00e9cnicas para confirma\u00e7\u00e3o da viabilidade de instala\u00e7\u00e3o. As estruturas poder\u00e3o, ainda, ser compartilhadas com outras emissoras, p\u00fablicas ou privadas, caso haja capacidade dispon\u00edvel.<\/p>\n<p>A empresa contratada, Kokusai Denki Electric Linear S\/A, ser\u00e1 respons\u00e1vel pela instala\u00e7\u00e3o das esta\u00e7\u00f5es. A a\u00e7\u00e3o segue as diretrizes da <strong>Portaria n\u00ba 13.345<\/strong>, publicada em maio de 2023, que rege o Brasil Digital.<\/p>\n<p>A lista de cidades pode sofrer altera\u00e7\u00f5es conforme os crit\u00e9rios t\u00e9cnicos da vistoria. A expectativa \u00e9 que as transmiss\u00f5es estejam em funcionamento nos pr\u00f3ximos meses, ampliando o alcance da TV Digital p\u00fablica e fortalecendo o papel da comunica\u00e7\u00e3o como servi\u00e7o essencial \u00e0 cidadania.<\/p>\n<h2><strong>Munic\u00edpios beneficiados<\/strong><\/h2>\n<ul>\n<li><strong>Acre:<\/strong>\u00a0Cruzeiro do Sul e Sena Madureira<\/li>\n<li><strong>Cear\u00e1:<\/strong>\u00a0Crate\u00fas<\/li>\n<li><strong>Esp\u00edrito Santo:<\/strong>\u00a0Cachoeiro de Itapemirim, Colatina, Guarapari e Linhares<\/li>\n<li><strong>Goi\u00e1s:<\/strong>\u00a0An\u00e1polis<\/li>\n<li><strong>Minas Gerais:<\/strong>\u00a0Arax\u00e1, Capelinha, Diamantina, Ipatinga, Itajub\u00e1, Jo\u00e3o Monlevade, Mariana, Ouro Preto, Po\u00e7os de Caldas, S\u00e3o Francisco, S\u00e3o Jo\u00e3o Del Rei e Varginha<\/li>\n<li><strong>Mato Grosso do Sul:<\/strong>\u00a0Aquidauana<\/li>\n<li><strong>Mato Grosso:<\/strong>\u00a0Lucas do Rio Verde, Primavera do Leste, Sinop, Sorriso e Tangar\u00e1 da Serra<\/li>\n<li><strong>Par\u00e1:<\/strong>\u00a0Altamira, Barcarena, Bragan\u00e7a, Breves, Camet\u00e1, Cana\u00e3 dos Caraj\u00e1s, Castanhal, Itaituba, Marab\u00e1 e Portel<\/li>\n<li><strong>Pernambuco:<\/strong>\u00a0Belo Jardim, Garanhuns, Limoeiro, Santa Cruz do Capibaribe, Timba\u00faba e Vit\u00f3ria de Santo Ant\u00e3o<\/li>\n<li><strong>Piau\u00ed:<\/strong>\u00a0Altos, Barras, Bom Jesus, Campo Maior, Corrente, Esperantina, Jos\u00e9 de Freitas, Oeiras, Piripiri, S\u00e3o Raimundo Nonato e Uni\u00e3o<\/li>\n<li><strong>Paran\u00e1:<\/strong>\u00a0Campo Mour\u00e3o, Foz do Igua\u00e7u, Guarapuava, Paranagu\u00e1, Paranava\u00ed e Ponta Grossa<\/li>\n<li><strong>Rio Grande do Norte:<\/strong>\u00a0A\u00e7u, Caic\u00f3, Currais Novos e Pau dos Ferros<\/li>\n<li><strong>Rio Grande do Sul:<\/strong>\u00a0Alegrete, Erechim, Iju\u00ed e Passo Fundo<\/li>\n<li><strong>Santa Catarina:<\/strong>\u00a0Balne\u00e1rio Cambori\u00fa<\/li>\n<li><strong>S\u00e3o Paulo:<\/strong>\u00a0Araras, Bebedouro, Caraguatatuba, Indaiatuba, Itatiba, Limeira, Pindamonhangaba e Santa Cruz do Rio Pardo<\/li>\n<li><strong>Tocantins:<\/strong>\u00a0Colinas do Tocantins, Guara\u00ed, Lagoa da Confus\u00e3o e Natividade<\/li>\n<\/ul>\n<p>\t\t\t\t\t\t\t\t\t<img loading=\"lazy\" decoding=\"async\" src=\"https:\/\/brasil61.com\/api\/v1\/serve_pixel\/17677\/82767\" alt=\"Pixel Brasil 61\" class=\"b61_pixel\" width=\"0\" height=\"0\"><\/p>\n<input type=\"hidden\" id=\"baseurl\" value=\"https:\/\/noticiasdestaque.com.br\"><input type=\"hidden\" id=\"audio_nonce\" value=\"6f73a554f1\">","protected":false},"excerpt":{"rendered":"<p>Com novos contratos assinados, Programa Brasil Digital vai beneficiar moradores de todas as regi\u00f5es do pa\u00eds; a previs\u00e3o \u00e9 de atender, no total, 250 munic\u00edpios<\/p>\n","protected":false},"author":1,"featured_media":44381,"comment_status":"open","ping_status":"open","sticky":false,"template":"","format":"standard","meta":{"fifu_image_url":"","fifu_image_alt":"","footnotes":""},"categories":[48],"tags":[],"class_list":["post-44380","post","type-post","status-publish","format-standard","has-post-thumbnail","hentry","category-mundo"],"distributor_meta":false,"distributor_terms":false,"distributor_media":false,"distributor_original_site_name":"Noticias em Destaque","distributor_original_site_url":"https:\/\/noticiasdestaque.com.br","push-errors":false,"_links":{"self":[{"href":"https:\/\/noticiasdestaque.com.br\/index.php\/wp-json\/wp\/v2\/posts\/44380","targetHints":{"allow":["GET"]}}],"collection":[{"href":"https:\/\/noticiasdestaque.com.br\/index.php\/wp-json\/wp\/v2\/posts"}],"about":[{"href":"https:\/\/noticiasdestaque.com.br\/index.php\/wp-json\/wp\/v2\/types\/post"}],"author":[{"embeddable":true,"href":"https:\/\/noticiasdestaque.com.br\/index.php\/wp-json\/wp\/v2\/users\/1"}],"replies":[{"embeddable":true,"href":"https:\/\/noticiasdestaque.com.br\/index.php\/wp-json\/wp\/v2\/comments?post=44380"}],"version-history":[{"count":0,"href":"https:\/\/noticiasdestaque.com.br\/index.php\/wp-json\/wp\/v2\/posts\/44380\/revisions"}],"wp:featuredmedia":[{"embeddable":true,"href":"https:\/\/noticiasdestaque.com.br\/index.php\/wp-json\/wp\/v2\/media\/44381"}],"wp:attachment":[{"href":"https:\/\/noticiasdestaque.com.br\/index.php\/wp-json\/wp\/v2\/media?parent=44380"}],"wp:term":[{"taxonomy":"category","embeddable":true,"href":"https:\/\/noticiasdestaque.com.br\/index.php\/wp-json\/wp\/v2\/categories?post=44380"},{"taxonomy":"post_tag","embeddable":true,"href":"https:\/\/noticiasdestaque.com.br\/index.php\/wp-json\/wp\/v2\/tags?post=44380"}],"curies":[{"name":"wp","href":"https:\/\/api.w.org\/{rel}","templated":true}]}}