{"id":44378,"date":"2025-06-16T04:00:00","date_gmt":"2025-06-16T07:00:00","guid":{"rendered":"https:\/\/noticiasdestaque.com.br\/index.php\/2025\/06\/16\/entidades-exigem-derrubada-de-veto-de-isencao-do-imposto-seletivo\/"},"modified":"2025-06-16T04:00:00","modified_gmt":"2025-06-16T07:00:00","slug":"entidades-exigem-derrubada-de-veto-de-isencao-do-imposto-seletivo","status":"publish","type":"post","link":"https:\/\/noticiasdestaque.com.br\/index.php\/2025\/06\/16\/entidades-exigem-derrubada-de-veto-de-isencao-do-imposto-seletivo\/","title":{"rendered":"Entidades exigem derrubada de veto de isen\u00e7\u00e3o do Imposto Seletivo"},"content":{"rendered":"<p>As<strong> principais entidades da ind\u00fastria brasileira<\/strong>, representadas pelo <strong>Instituto Brasileiro de Petr\u00f3leo e G\u00e1s (<a href=\"https:\/\/www.ibp.org.br\/\" target=\"_blank\">IBP<\/a>)<\/strong>, <strong>Instituto Brasileiro de Minera\u00e7\u00e3o (<a href=\"https:\/\/ibram.org.br\/\" target=\"_blank\">IBRAM<\/a>)<\/strong>, <strong>Federa\u00e7\u00e3o das Ind\u00fastrias do Estado do Rio de Janeiro (<a href=\"https:\/\/firjan.com.br\/pagina-inicial.htm\" target=\"_blank\">Firjan<\/a>)<\/strong>, <strong>Federa\u00e7\u00e3o das Ind\u00fastrias do Esp\u00edrito Santo (<a href=\"https:\/\/findes.com.br\/\" target=\"_blank\">FINDES<\/a>)<\/strong>, <strong>Federa\u00e7\u00e3o das Ind\u00fastrias do Estado do Par\u00e1 (<a href=\"https:\/\/www.fiepa.org.br\/\" target=\"_blank\">FIEPA<\/a>)<\/strong> e outras associa\u00e7\u00f5es do setor produtivo, entregaram junto com parlamentares um manifesto contra a manuten\u00e7\u00e3o do <strong>veto presidencial N\u00ba 7\/2025 (Item 07.25.023)<\/strong>, que trata do Imposto Seletivo nas exporta\u00e7\u00f5es de minerais extra\u00eddos. O documento \u00e9 assinado por diversas associa\u00e7\u00f5es setoriais e alerta para os graves riscos jur\u00eddicos e econ\u00f4micos caso a exporta\u00e7\u00e3o de bens minerais seja tributada.\u00a0<\/p>\n<p>O manifesto considera o veto um \u201cgrave equ\u00edvoco jur\u00eddico\u201d, pois a Constitui\u00e7\u00e3o Federal prev\u00ea a n\u00e3o incid\u00eancia do Imposto Seletivo sobre exporta\u00e7\u00f5es, baseada no princ\u00edpio do destino \u2013 onde tributos sobre consumo incidem apenas em bens consumidos no pa\u00eds. A tentativa de tributar a extra\u00e7\u00e3o de bens minerais destinados \u00e0 exporta\u00e7\u00e3o \u00e9 considerada um desrespeito direto \u00e0 Constitui\u00e7\u00e3o e um retrocesso que torna os produtos brasileiros menos competitivos no mercado global. O setor ressalta que essa medida vai na contram\u00e3o da pol\u00edtica comercial internacional de n\u00e3o exportar tributos e pode significar a perda de bilh\u00f5es de d\u00f3lares em neg\u00f3cios para outras na\u00e7\u00f5es.\u00a0<\/p>\n<p>As entidades afirmam que a tributa\u00e7\u00e3o na exporta\u00e7\u00e3o de bens minerais prejudica investimentos p\u00fablicos, coloca em risco a seguran\u00e7a energ\u00e9tica nacional e impacta a arrecada\u00e7\u00e3o futura e a atratividade dos ativos brasileiros. O min\u00e9rio de ferro, por exemplo, \u00e9 um insumo essencial para a transi\u00e7\u00e3o energ\u00e9tica global, e desestimular sua exporta\u00e7\u00e3o seria contraproducente. Diante deste cen\u00e1rio, as entidades signat\u00e1rias, que incluem <strong>IBP, IBRAM, Firjan, Findes, Abrasca, ABESPetro, Abpip, Fiepa e Ompetro<\/strong>, conclamam o apoio dos parlamentares para a derrubada do veto, a fim de proteger a economia e a competitividade do Pa\u00eds. O manifesto ressalta que o petr\u00f3leo e o min\u00e9rio de ferro s\u00e3o pilares das exporta\u00e7\u00f5es brasileiras e do super\u00e1vit na balan\u00e7a comercial. As entidades solicitam o apoio dos parlamentares para que o veto seja derrubado, evitando um \u201cgrave erro contra a economia do Pa\u00eds\u201d.<\/p>\n<p>\t\t\t\t\t\t\t\t\t<img loading=\"lazy\" decoding=\"async\" src=\"https:\/\/brasil61.com\/api\/v1\/serve_pixel\/17677\/82760\" alt=\"Pixel Brasil 61\" class=\"b61_pixel\" width=\"0\" height=\"0\"><\/p>\n<input type=\"hidden\" id=\"baseurl\" value=\"https:\/\/noticiasdestaque.com.br\"><input type=\"hidden\" id=\"audio_nonce\" value=\"6f73a554f1\">","protected":false},"excerpt":{"rendered":"<p>A tentativa de tributar a extra\u00e7\u00e3o de bens minerais destinados \u00e0 exporta\u00e7\u00e3o \u00e9 considerada um desrespeito direto \u00e0 Constitui\u00e7\u00e3o e um retrocesso que torna os produtos brasileiros menos competitivos no mercado global.<\/p>\n","protected":false},"author":1,"featured_media":44379,"comment_status":"open","ping_status":"open","sticky":false,"template":"","format":"standard","meta":{"fifu_image_url":"","fifu_image_alt":"","footnotes":""},"categories":[59],"tags":[],"class_list":["post-44378","post","type-post","status-publish","format-standard","has-post-thumbnail","hentry","category-economia"],"distributor_meta":false,"distributor_terms":false,"distributor_media":false,"distributor_original_site_name":"Noticias em Destaque","distributor_original_site_url":"https:\/\/noticiasdestaque.com.br","push-errors":false,"_links":{"self":[{"href":"https:\/\/noticiasdestaque.com.br\/index.php\/wp-json\/wp\/v2\/posts\/44378","targetHints":{"allow":["GET"]}}],"collection":[{"href":"https:\/\/noticiasdestaque.com.br\/index.php\/wp-json\/wp\/v2\/posts"}],"about":[{"href":"https:\/\/noticiasdestaque.com.br\/index.php\/wp-json\/wp\/v2\/types\/post"}],"author":[{"embeddable":true,"href":"https:\/\/noticiasdestaque.com.br\/index.php\/wp-json\/wp\/v2\/users\/1"}],"replies":[{"embeddable":true,"href":"https:\/\/noticiasdestaque.com.br\/index.php\/wp-json\/wp\/v2\/comments?post=44378"}],"version-history":[{"count":0,"href":"https:\/\/noticiasdestaque.com.br\/index.php\/wp-json\/wp\/v2\/posts\/44378\/revisions"}],"wp:featuredmedia":[{"embeddable":true,"href":"https:\/\/noticiasdestaque.com.br\/index.php\/wp-json\/wp\/v2\/media\/44379"}],"wp:attachment":[{"href":"https:\/\/noticiasdestaque.com.br\/index.php\/wp-json\/wp\/v2\/media?parent=44378"}],"wp:term":[{"taxonomy":"category","embeddable":true,"href":"https:\/\/noticiasdestaque.com.br\/index.php\/wp-json\/wp\/v2\/categories?post=44378"},{"taxonomy":"post_tag","embeddable":true,"href":"https:\/\/noticiasdestaque.com.br\/index.php\/wp-json\/wp\/v2\/tags?post=44378"}],"curies":[{"name":"wp","href":"https:\/\/api.w.org\/{rel}","templated":true}]}}