{"id":44371,"date":"2025-06-16T00:00:00","date_gmt":"2025-06-16T03:00:00","guid":{"rendered":"https:\/\/noticiasdestaque.com.br\/index.php\/2025\/06\/16\/derrubada-de-vetos-e-decretos-marcam-semana-encurtada-no-congresso\/"},"modified":"2025-06-16T00:00:00","modified_gmt":"2025-06-16T03:00:00","slug":"derrubada-de-vetos-e-decretos-marcam-semana-encurtada-no-congresso","status":"publish","type":"post","link":"https:\/\/noticiasdestaque.com.br\/index.php\/2025\/06\/16\/derrubada-de-vetos-e-decretos-marcam-semana-encurtada-no-congresso\/","title":{"rendered":"Derrubada de vetos e decretos marcam semana encurtada no Congresso"},"content":{"rendered":"<p>\t\t\t\t\t\t\t\t\t\t<audio controls class=\"b61_audio_player\" data-noticia=\"82727\" src=\"https:\/\/brasil61.com\/rails\/active_storage\/blobs\/eyJfcmFpbHMiOnsibWVzc2FnZSI6IkJBaHBBd3BpQXc9PSIsImV4cCI6bnVsbCwicHVyIjoiYmxvYl9pZCJ9fQ==--a65947f707b7310466704899b6d266f9c41a43ca\/BRAS2514122A\"><\/audio><\/p>\n<p>A pauta do Legislativo ser\u00e1 concentrada em vota\u00e7\u00f5es de alta repercuss\u00e3o pol\u00edtica e fiscal. A semana come\u00e7a com a C\u00e2mara dos Deputados analisando, nesta segunda-feira (16), o requerimento de urg\u00eancia para sustar o decreto presidencial que reajustou al\u00edquotas do Imposto sobre Opera\u00e7\u00f5es Financeiras (IOF). A medida foi defendida pelo presidente da Casa, Hugo Motta (Republicanos), ap\u00f3s reuni\u00e3o com l\u00edderes partid\u00e1rios. Segundo ele, o clima entre os deputados n\u00e3o \u00e9 favor\u00e1vel a aumentos de tributos com fins arrecadat\u00f3rios.<\/p>\n<p>Na ter\u00e7a-feira (17), uma sess\u00e3o conjunta do Congresso Nacional est\u00e1 prevista para apreciar cerca de 60 vetos presidenciais acumulados desde 2022. Segundo o l\u00edder do governo no Congresso, senador Randolfe Rodrigues (PT-AP), a an\u00e1lise dos vetos relacionados ao Benef\u00edcio de Presta\u00e7\u00e3o Continuada (BPC) e \u00e0s e\u00f3licas offshore deve ser adiada. Al\u00e9m dos vetos, a sess\u00e3o ser\u00e1 palco da leitura do requerimento de cria\u00e7\u00e3o da Comiss\u00e3o Parlamentar Mista de Inqu\u00e9rito (CPMI) para apurar descontos indevidos em benef\u00edcios de aposentados do INSS.<\/p>\n<p>Entre os vetos em pauta, entidades do setor produtivo pressionam o Congresso pela derrubada de dispositivos considerados estrat\u00e9gicos. A C\u00e2mara Brasileira da Ind\u00fastria da Constru\u00e7\u00e3o (CBIC), por exemplo, defende a rejei\u00e7\u00e3o dos vetos n\u00ba 18\/2023, n\u00ba 46\/2023 e n\u00ba 7\/2025. Segundo a entidade, os dispositivos impactam diretamente a habita\u00e7\u00e3o popular, os contratos p\u00fablicos e os investimentos imobili\u00e1rios, incluindo regras do Minha Casa, Minha Vida, da nova Lei de Licita\u00e7\u00f5es e da reforma tribut\u00e1ria.<\/p>\n<p>O cen\u00e1rio fiscal tamb\u00e9m deve dominar os debates no Senado, onde ainda n\u00e3o h\u00e1 consenso sobre a Medida Provis\u00f3ria 1.303\/2025. A MP trata da tributa\u00e7\u00e3o de investimentos e foi apresentada como alternativa ao aumento do IOF. L\u00edderes partid\u00e1rios indicaram necessidade de mais tempo para an\u00e1lise dos dispositivos, que incluem mudan\u00e7as na CSLL de institui\u00e7\u00f5es financeiras e eleva\u00e7\u00e3o da al\u00edquota sobre apostas online. O \u00fanico ponto de converg\u00eancia at\u00e9 o momento \u00e9 a taxa\u00e7\u00e3o das \u201cbets\u201d, que poder\u00e1 chegar a 18%.<\/p>\n<p>Al\u00e9m dessas pautas, o Senado deve votar na quarta-feira (18) a urg\u00eancia e o m\u00e9rito do projeto de lei que amplia o n\u00famero de deputados federais, atualizando a composi\u00e7\u00e3o da C\u00e2mara com base na popula\u00e7\u00e3o dos estados. O texto prop\u00f5e a eleva\u00e7\u00e3o do n\u00famero de cadeiras de 513 para 531 a partir das elei\u00e7\u00f5es de 2026.<\/p>\n<p>\t\t\t\t\t\t\t\t\t<img loading=\"lazy\" decoding=\"async\" src=\"https:\/\/brasil61.com\/api\/v1\/serve_pixel\/17677\/82727\" alt=\"Pixel Brasil 61\" class=\"b61_pixel\" width=\"0\" height=\"0\"><\/p>\n<input type=\"hidden\" id=\"baseurl\" value=\"https:\/\/noticiasdestaque.com.br\"><input type=\"hidden\" id=\"audio_nonce\" value=\"6f73a554f1\">","protected":false},"excerpt":{"rendered":"<p>Sess\u00e3o conjunta na ter\u00e7a (17) deve analisar mais de 60 vetos presidenciais e ler requerimento de cria\u00e7\u00e3o da CPMI do INSS; C\u00e2mara vota urg\u00eancia para sustar decreto do IOF<\/p>\n","protected":false},"author":1,"featured_media":44372,"comment_status":"open","ping_status":"open","sticky":false,"template":"","format":"standard","meta":{"fifu_image_url":"","fifu_image_alt":"","footnotes":""},"categories":[50],"tags":[],"class_list":["post-44371","post","type-post","status-publish","format-standard","has-post-thumbnail","hentry","category-politica"],"distributor_meta":false,"distributor_terms":false,"distributor_media":false,"distributor_original_site_name":"Noticias em Destaque","distributor_original_site_url":"https:\/\/noticiasdestaque.com.br","push-errors":false,"_links":{"self":[{"href":"https:\/\/noticiasdestaque.com.br\/index.php\/wp-json\/wp\/v2\/posts\/44371","targetHints":{"allow":["GET"]}}],"collection":[{"href":"https:\/\/noticiasdestaque.com.br\/index.php\/wp-json\/wp\/v2\/posts"}],"about":[{"href":"https:\/\/noticiasdestaque.com.br\/index.php\/wp-json\/wp\/v2\/types\/post"}],"author":[{"embeddable":true,"href":"https:\/\/noticiasdestaque.com.br\/index.php\/wp-json\/wp\/v2\/users\/1"}],"replies":[{"embeddable":true,"href":"https:\/\/noticiasdestaque.com.br\/index.php\/wp-json\/wp\/v2\/comments?post=44371"}],"version-history":[{"count":0,"href":"https:\/\/noticiasdestaque.com.br\/index.php\/wp-json\/wp\/v2\/posts\/44371\/revisions"}],"wp:featuredmedia":[{"embeddable":true,"href":"https:\/\/noticiasdestaque.com.br\/index.php\/wp-json\/wp\/v2\/media\/44372"}],"wp:attachment":[{"href":"https:\/\/noticiasdestaque.com.br\/index.php\/wp-json\/wp\/v2\/media?parent=44371"}],"wp:term":[{"taxonomy":"category","embeddable":true,"href":"https:\/\/noticiasdestaque.com.br\/index.php\/wp-json\/wp\/v2\/categories?post=44371"},{"taxonomy":"post_tag","embeddable":true,"href":"https:\/\/noticiasdestaque.com.br\/index.php\/wp-json\/wp\/v2\/tags?post=44371"}],"curies":[{"name":"wp","href":"https:\/\/api.w.org\/{rel}","templated":true}]}}