{"id":44357,"date":"2025-06-14T03:30:00","date_gmt":"2025-06-14T06:30:00","guid":{"rendered":"https:\/\/noticiasdestaque.com.br\/index.php\/2025\/06\/14\/camara-aprova-prorrogacao-de-prazo-para-georreferenciamento-de-imovel-rural\/"},"modified":"2025-06-14T03:30:00","modified_gmt":"2025-06-14T06:30:00","slug":"camara-aprova-prorrogacao-de-prazo-para-georreferenciamento-de-imovel-rural","status":"publish","type":"post","link":"https:\/\/noticiasdestaque.com.br\/index.php\/2025\/06\/14\/camara-aprova-prorrogacao-de-prazo-para-georreferenciamento-de-imovel-rural\/","title":{"rendered":"C\u00e2mara aprova prorroga\u00e7\u00e3o de prazo para georreferenciamento de im\u00f3vel rural"},"content":{"rendered":"<p>\t\t\t\t\t\t\t\t\t\t<audio controls class=\"b61_audio_player\" data-noticia=\"82729\" src=\"https:\/\/brasil61.com\/rails\/active_storage\/blobs\/eyJfcmFpbHMiOnsibWVzc2FnZSI6IkJBaHBBeWRpQXc9PSIsImV4cCI6bnVsbCwicHVyIjoiYmxvYl9pZCJ9fQ==--10e891d86ddb74899449881ca3f2b0b154e60de5\/BRAS2514124A\"><\/audio><\/p>\n<p>A C\u00e2mara dos Deputados aprovou o \u00a0<a href=\"https:\/\/www.camara.leg.br\/proposicoesWeb\/fichadetramitacao?idProposicao=2471177\" target=\"_blank\">Projeto de Lei (PL 4497\/2024)<\/a>, que altera regras sobre a regulariza\u00e7\u00e3o de im\u00f3veis rurais em \u00e1reas de fronteira. Um dos dispositivos da proposta <strong>prorroga,\u00a0por mais tr\u00eas anos, o prazo para produtores rurais realizarem o georreferenciamento do im\u00f3vel rural<\/strong>.<\/p>\n<p>A exig\u00eancia atual de georreferenciamento prevista na Lei dos Cart\u00f3rios (Lei 6.015\/73) <strong>deve passar a ser obrigat\u00f3ria somente a partir de 31 de dezembro de 2028<\/strong> \u2013 o que ser\u00e1 aplicado em qualquer situa\u00e7\u00e3o de transfer\u00eancia de im\u00f3vel rural quando de seu registro.<\/p>\n<p>Segundo a Confedera\u00e7\u00e3o da Agricultura e Pecu\u00e1ria do Brasil (CNA), a <strong>medida garante seguran\u00e7a jur\u00eddica aos produtores rurais<\/strong> e beneficia os produtores que ainda possuem dificuldades operacionais ou financeiras para atender \u00e0 exig\u00eancia.\u00a0<\/p>\n<p>\u201cAntes da nova norma, o prazo para im\u00f3veis com menos de 25 hectares se encerraria em 20 de novembro deste ano. Agora, todos os im\u00f3veis sujeitos \u00e0 obrigatoriedade, independentemente do tamanho, ter\u00e3o mais tempo para se adequar\u201d, destacou a CNA, em nota.<\/p>\n<p>Pelo projeto, para im\u00f3veis de at\u00e9 4 m\u00f3dulos fiscais, a obrigatoriedade adiada para 2028 ser\u00e1 aplicada apenas ap\u00f3s quatro anos da publica\u00e7\u00e3o de decreto do Poder Executivo regulamentando a isen\u00e7\u00e3o de custos com esse levantamento de localiza\u00e7\u00e3o para os propriet\u00e1rios com im\u00f3veis at\u00e9 essa \u00e1rea.<\/p>\n<p>O PL \u00e9 de autoria do deputado Ti\u00e3o Medeiros (PP-PR), aprovado sob a relatoria da deputada Caroline de Toni (PL-SC). A proposta segue para o Senado Federal.<\/p>\n<h2>Im\u00f3vel em faixa de fronteira<\/h2>\n<p>A proposta permite a regulariza\u00e7\u00e3o de im\u00f3veis rurais em \u00e1reas de fronteira com declara\u00e7\u00e3o escrita e assinada pelo requerente em substitui\u00e7\u00e3o a certid\u00f5es oficiais, caso n\u00e3o seja poss\u00edvel obt\u00ea-las diretamente do \u00f3rg\u00e3o respons\u00e1vel pela base de dados oficial ou se o \u00f3rg\u00e3o passar de 15 dias para responder.<\/p>\n<p>O texto tamb\u00e9m <strong>prorroga de 2025 para 2030 o prazo para a ratifica\u00e7\u00e3o de registros de im\u00f3veis rurais localizados em faixa de fronteira<\/strong>.<\/p>\n<p>Segundo a CNA, a proposta teve atua\u00e7\u00e3o ativa da Federa\u00e7\u00e3o da Agricultura do Estado do Paran\u00e1 (Sistema FAEP) para aprova\u00e7\u00e3o. A Confedera\u00e7\u00e3o defendeu, em nota, que a medida evita que propriet\u00e1rios rurais na faixa de fronteira percam as terras para a Uni\u00e3o por conta de entraves burocr\u00e1ticos para finalizar a regulariza\u00e7\u00e3o.\u00a0<\/p>\n<p>\t\t\t\t\t\t\t\t\t<img loading=\"lazy\" decoding=\"async\" src=\"https:\/\/brasil61.com\/api\/v1\/serve_pixel\/17677\/82729\" alt=\"Pixel Brasil 61\" class=\"b61_pixel\" width=\"0\" height=\"0\"><\/p>\n<input type=\"hidden\" id=\"baseurl\" value=\"https:\/\/noticiasdestaque.com.br\"><input type=\"hidden\" id=\"audio_nonce\" value=\"6f73a554f1\">","protected":false},"excerpt":{"rendered":"<p>Segundo a Confedera\u00e7\u00e3o da Agricultura e Pecu\u00e1ria do Brasil (CNA), medida garante seguran\u00e7a jur\u00eddica aos produtores rurais. Projeto segue para o Senado<\/p>\n","protected":false},"author":1,"featured_media":44358,"comment_status":"open","ping_status":"open","sticky":false,"template":"","format":"standard","meta":{"fifu_image_url":"","fifu_image_alt":"","footnotes":""},"categories":[50],"tags":[],"class_list":["post-44357","post","type-post","status-publish","format-standard","has-post-thumbnail","hentry","category-politica"],"distributor_meta":false,"distributor_terms":false,"distributor_media":false,"distributor_original_site_name":"Noticias em Destaque","distributor_original_site_url":"https:\/\/noticiasdestaque.com.br","push-errors":false,"_links":{"self":[{"href":"https:\/\/noticiasdestaque.com.br\/index.php\/wp-json\/wp\/v2\/posts\/44357","targetHints":{"allow":["GET"]}}],"collection":[{"href":"https:\/\/noticiasdestaque.com.br\/index.php\/wp-json\/wp\/v2\/posts"}],"about":[{"href":"https:\/\/noticiasdestaque.com.br\/index.php\/wp-json\/wp\/v2\/types\/post"}],"author":[{"embeddable":true,"href":"https:\/\/noticiasdestaque.com.br\/index.php\/wp-json\/wp\/v2\/users\/1"}],"replies":[{"embeddable":true,"href":"https:\/\/noticiasdestaque.com.br\/index.php\/wp-json\/wp\/v2\/comments?post=44357"}],"version-history":[{"count":0,"href":"https:\/\/noticiasdestaque.com.br\/index.php\/wp-json\/wp\/v2\/posts\/44357\/revisions"}],"wp:featuredmedia":[{"embeddable":true,"href":"https:\/\/noticiasdestaque.com.br\/index.php\/wp-json\/wp\/v2\/media\/44358"}],"wp:attachment":[{"href":"https:\/\/noticiasdestaque.com.br\/index.php\/wp-json\/wp\/v2\/media?parent=44357"}],"wp:term":[{"taxonomy":"category","embeddable":true,"href":"https:\/\/noticiasdestaque.com.br\/index.php\/wp-json\/wp\/v2\/categories?post=44357"},{"taxonomy":"post_tag","embeddable":true,"href":"https:\/\/noticiasdestaque.com.br\/index.php\/wp-json\/wp\/v2\/tags?post=44357"}],"curies":[{"name":"wp","href":"https:\/\/api.w.org\/{rel}","templated":true}]}}