{"id":44337,"date":"2025-06-12T17:00:00","date_gmt":"2025-06-12T20:00:00","guid":{"rendered":"https:\/\/noticiasdestaque.com.br\/index.php\/2025\/06\/12\/siga-antenado-5-milhoes-de-familias-ja-receberam-antenas-digitais-gratuitas\/"},"modified":"2025-06-12T17:00:00","modified_gmt":"2025-06-12T20:00:00","slug":"siga-antenado-5-milhoes-de-familias-ja-receberam-antenas-digitais-gratuitas","status":"publish","type":"post","link":"https:\/\/noticiasdestaque.com.br\/index.php\/2025\/06\/12\/siga-antenado-5-milhoes-de-familias-ja-receberam-antenas-digitais-gratuitas\/","title":{"rendered":"Siga Antenado: 5 milh\u00f5es de fam\u00edlias j\u00e1 receberam antenas digitais\u00a0gratuitas"},"content":{"rendered":"<p>\t\t\t\t\t\t\t\t\t\t<audio controls class=\"b61_audio_player\" data-noticia=\"82699\" src=\"https:\/\/brasil61.com\/rails\/active_storage\/blobs\/eyJfcmFpbHMiOnsibWVzc2FnZSI6IkJBaHBBNUJoQXc9PSIsImV4cCI6bnVsbCwicHVyIjoiYmxvYl9pZCJ9fQ==--9fa27c7bd4b7c6eda4258cc5d400f1bae9792497\/MCOM250187A\"><\/audio><\/p>\n<p>Mais de 5 milh\u00f5es de fam\u00edlias brasileiras j\u00e1 foram beneficiadas com a <strong>instala\u00e7\u00e3o gratuita de kits da nova parab\u00f3lica digital<\/strong> por meio do <strong>programa Siga Antenado<\/strong>. A iniciativa \u00e9 uma pol\u00edtica p\u00fablica coordenada pelo Minist\u00e9rio das Comunica\u00e7\u00f5es, em parceria com a<strong> Entidade Administradora da Faixa (EAF)<\/strong> e com supervis\u00e3o da <strong>Anatel<\/strong>, e foi criada como contrapartida do <strong>leil\u00e3o do 5G<\/strong>.<\/p>\n<p>O balan\u00e7o foi apresentado nesta quarta-feira (11), em Bras\u00edlia (DF), e marca uma das maiores a\u00e7\u00f5es de inclus\u00e3o digital j\u00e1 realizadas no pa\u00eds. Voltado a fam\u00edlias de baixa renda inscritas no <strong>Cadastro \u00danico (Cad\u00danico<\/strong>) que utilizavam parab\u00f3lica tradicional, o programa garante acesso gratuito \u00e0 nova parab\u00f3lica digital, com som e imagem em alta defini\u00e7\u00e3o e mais de 100 canais abertos. O Programa foi executado em todos os estados brasileiros, inclusive em regi\u00f5es com baixa cobertura terrestre.<\/p>\n<p>\u201cAtingir cinco milh\u00f5es de lares com esse benef\u00edcio gratuito \u00e9 uma conquista hist\u00f3rica. Estamos promovendo inclus\u00e3o digital, ampliando o acesso \u00e0 informa\u00e7\u00e3o de qualidade e preparando o Brasil para a nova era da conectividade\u201d, afirmou o ministro das Comunica\u00e7\u00f5es, Frederico de Siqueira Filho.<\/p>\n<p>Al\u00e9m de levar a nova parab\u00f3lica digital gratuitamente \u00e0 popula\u00e7\u00e3o, o programa tamb\u00e9m permitiu a libera\u00e7\u00e3o completa da faixa de<strong> 3,5 GHz<\/strong>, que permite a implementa\u00e7\u00e3o do 5G em todo o territ\u00f3rio nacional. A limpeza da faixa foi conclu\u00edda 14 meses antes do prazo previsto.<\/p>\n<p>\u201cMais do que trocar antenas, entregamos dignidade, acesso \u00e0 informa\u00e7\u00e3o e conectividade de qualidade para milh\u00f5es de fam\u00edlias. Esse \u00e9 o legado do Siga Antenado: um projeto de alta complexidade t\u00e9cnica, que exigiu log\u00edstica nacional, desenvolvimento de solu\u00e7\u00f5es sob medida e coordena\u00e7\u00e3o com dezenas de parceiros p\u00fablicos e privados\u201d, afirma Leandro Guerra, CEO da <strong>EAF<\/strong>. \u201cMostramos que \u00e9 poss\u00edvel executar uma pol\u00edtica p\u00fablica em escala continental com efici\u00eancia, inova\u00e7\u00e3o e prop\u00f3sito, transformando o presente e preparando o pa\u00eds para o futuro digital\u201d, completa.<\/p>\n<p>Fam\u00edlias eleg\u00edveis para o programa e que ainda n\u00e3o fizeram a troca de sua parab\u00f3lica tradicional t\u00eam at\u00e9 o dia 30 de junho para solicitar e agendar a instala\u00e7\u00e3o de sua nova antena parab\u00f3lica digital. O agendamento, a entrega e a instala\u00e7\u00e3o do kit digital s\u00e3o gratuitos. Mais informa\u00e7\u00f5es est\u00e3o dispon\u00edveis em sigaantenado.com.br ou pelo telefone 0800 729 2404, que tamb\u00e9m atende por mensagens via WhatsApp.<\/p>\n<h2><strong>Amplia\u00e7\u00e3o do programa<\/strong><\/h2>\n<p>Inicialmente destinado apenas a usu\u00e1rios do <strong>Cad\u00danico <\/strong>com parab\u00f3lica tradicional, o programa foi ampliado em maio de 2025 por meio de portaria do Minist\u00e9rio das Comunica\u00e7\u00f5es. A Fase Extra contemplar\u00e1 moradores de baixa renda em 323 munic\u00edpios com cobertura terrestre limitada, mesmo que n\u00e3o possuam parab\u00f3lica instalada.<\/p>\n<p>Foram priorizadas cidades em 16 estados brasileiros: <strong>Bahia (20), Cear\u00e1 (7), Esp\u00edrito Santo (2), Goi\u00e1s (21), Maranh\u00e3o (46), Minas Gerais (30), Mato Grosso (23), Mato Grosso do Sul (4), Par\u00e1 (15), Pernambuco (3), Piau\u00ed (88), Rio Grande do Norte (9), Rond\u00f4nia (4), Roraima (3), Rio Grande do Sul (4) e Tocantins (44).<\/strong><\/p>\n<p>A substitui\u00e7\u00e3o \u00e9 necess\u00e1ria para evitar interfer\u00eancias causadas pela ativa\u00e7\u00e3o do 5G, que utiliza a mesma faixa de frequ\u00eancia (3,5 GHz). Os novos equipamentos oferecem melhor desempenho de sinal, estabilidade na recep\u00e7\u00e3o e qualidade superior de \u00e1udio e v\u00eddeo.<\/p>\n<p>A lista completa dos munic\u00edpios contemplados est\u00e1 dispon\u00edvel no site do programa.<\/p>\n<p>\t\t\t\t\t\t\t\t\t<img loading=\"lazy\" decoding=\"async\" src=\"https:\/\/brasil61.com\/api\/v1\/serve_pixel\/17677\/82699\" alt=\"Pixel Brasil 61\" class=\"b61_pixel\" width=\"0\" height=\"0\"><\/p>\n<input type=\"hidden\" id=\"baseurl\" value=\"https:\/\/noticiasdestaque.com.br\"><input type=\"hidden\" id=\"audio_nonce\" value=\"5128c810d9\">","protected":false},"excerpt":{"rendered":"<p>Programa Siga Antenado chega \u00e0 reta final com a substitui\u00e7\u00e3o de antenas tradicionais em todo Brasil e leva TV com qualidade de som e imagem a milh\u00f5es de brasileiros<\/p>\n","protected":false},"author":1,"featured_media":44338,"comment_status":"open","ping_status":"open","sticky":false,"template":"","format":"standard","meta":{"fifu_image_url":"","fifu_image_alt":"","footnotes":""},"categories":[48],"tags":[],"class_list":["post-44337","post","type-post","status-publish","format-standard","has-post-thumbnail","hentry","category-mundo"],"distributor_meta":false,"distributor_terms":false,"distributor_media":false,"distributor_original_site_name":"Noticias em Destaque","distributor_original_site_url":"https:\/\/noticiasdestaque.com.br","push-errors":false,"_links":{"self":[{"href":"https:\/\/noticiasdestaque.com.br\/index.php\/wp-json\/wp\/v2\/posts\/44337","targetHints":{"allow":["GET"]}}],"collection":[{"href":"https:\/\/noticiasdestaque.com.br\/index.php\/wp-json\/wp\/v2\/posts"}],"about":[{"href":"https:\/\/noticiasdestaque.com.br\/index.php\/wp-json\/wp\/v2\/types\/post"}],"author":[{"embeddable":true,"href":"https:\/\/noticiasdestaque.com.br\/index.php\/wp-json\/wp\/v2\/users\/1"}],"replies":[{"embeddable":true,"href":"https:\/\/noticiasdestaque.com.br\/index.php\/wp-json\/wp\/v2\/comments?post=44337"}],"version-history":[{"count":0,"href":"https:\/\/noticiasdestaque.com.br\/index.php\/wp-json\/wp\/v2\/posts\/44337\/revisions"}],"wp:featuredmedia":[{"embeddable":true,"href":"https:\/\/noticiasdestaque.com.br\/index.php\/wp-json\/wp\/v2\/media\/44338"}],"wp:attachment":[{"href":"https:\/\/noticiasdestaque.com.br\/index.php\/wp-json\/wp\/v2\/media?parent=44337"}],"wp:term":[{"taxonomy":"category","embeddable":true,"href":"https:\/\/noticiasdestaque.com.br\/index.php\/wp-json\/wp\/v2\/categories?post=44337"},{"taxonomy":"post_tag","embeddable":true,"href":"https:\/\/noticiasdestaque.com.br\/index.php\/wp-json\/wp\/v2\/tags?post=44337"}],"curies":[{"name":"wp","href":"https:\/\/api.w.org\/{rel}","templated":true}]}}