{"id":44325,"date":"2025-06-11T18:30:00","date_gmt":"2025-06-11T21:30:00","guid":{"rendered":"https:\/\/noticiasdestaque.com.br\/index.php\/2025\/06\/11\/brasil-se-torna-lider-na-exportacao-de-bovinos-vivos-pelo-mar-atividade-gera-criticas-por-sofrimento-animal-e-riscos-socioambientais\/"},"modified":"2025-06-11T18:30:00","modified_gmt":"2025-06-11T21:30:00","slug":"brasil-se-torna-lider-na-exportacao-de-bovinos-vivos-pelo-mar-atividade-gera-criticas-por-sofrimento-animal-e-riscos-socioambientais","status":"publish","type":"post","link":"https:\/\/noticiasdestaque.com.br\/index.php\/2025\/06\/11\/brasil-se-torna-lider-na-exportacao-de-bovinos-vivos-pelo-mar-atividade-gera-criticas-por-sofrimento-animal-e-riscos-socioambientais\/","title":{"rendered":"Brasil se torna l\u00edder na exporta\u00e7\u00e3o de bovinos vivos pelo mar; atividade gera cr\u00edticas por sofrimento animal e riscos socioambientais"},"content":{"rendered":"<p>\t\t\t\t\t\t\t\t\t\t<audio controls class=\"b61_audio_player\" data-noticia=\"82659\" src=\"https:\/\/brasil61.com\/rails\/active_storage\/blobs\/eyJfcmFpbHMiOnsibWVzc2FnZSI6IkJBaHBBd3RoQXc9PSIsImV4cCI6bnVsbCwicHVyIjoiYmxvYl9pZCJ9fQ==--4d47c26b1c3aa2d4709f2eeb21e03b8a1159386d\/BRAS2514103B\"><\/audio><\/p>\n<p>O Brasil se tornou o maior exportador de bovinos vivos por via mar\u00edtima do mundo: <strong>foram mais de \u00a0960 mil animais embarcados vivos de navio para o abate no exterior em 2024<\/strong>. \u00a0O pa\u00eds ultrapassou a Austr\u00e1lia, que liderava o ranking do mercado at\u00e9 ent\u00e3o. Os dados foram apurados pela <a href=\"https:\/\/mercyforanimals.org.br\/\" target=\"_blank\">ONG Mercy For Animals (MFA)<\/a>, a partir de informa\u00e7\u00f5es de sistemas de com\u00e9rcio exterior do Minist\u00e9rio do Desenvolvimento, Ind\u00fastria, Com\u00e9rcio e Servi\u00e7os (<a href=\"https:\/\/www.gov.br\/mdic\/pt-br\" target=\"_blank\">MDIC<\/a>).<\/p>\n<p>Este ano, <strong>apenas de janeiro a abril de 2025, o Brasil j\u00e1 exportou 298,2 mil bois vivos dessa maneira<\/strong>. Segundo a MFA, o montante \u00e9 superior ao total anual de anos anteriores, como 2013, 2014, 2015, 2016, 2021 e 2022.<\/p>\n<p>Paradoxalmente, a organiza\u00e7\u00e3o aponta que a maior parte da popula\u00e7\u00e3o condena a atividade. Segundo uma pesquisa da Ipsos, 84% dos brasileiros concordam, totalmente ou em parte, que a exporta\u00e7\u00e3o de animais vivos por via mar\u00edtima deveria ser proibida no Brasil.<\/p>\n<p>Os cr\u00edticos da atividade avaliam que <a href=\"https:\/\/mercyforanimalsmedia.com\/2019BrasilExportacao\/content\/2021BRLiveExportRelatorioExportacaoVergonhaFinal.pdf\" target=\"_blank\">transportar animais vivos por mar \u00e9 uma das pr\u00e1ticas de maior impacto negativo da pecu\u00e1ria<\/a>. Dentro dos navios, os bois viajam em condi\u00e7\u00f5es prec\u00e1rias, mantidos em espa\u00e7os pequenos &#8211; quase do tamanho de uma porta \u2013 e s\u00e3o submetidos a m\u00e1s condi\u00e7\u00f5es de higiene, usualmente com ac\u00famulo de dejetos, e de bem-estar, como superlota\u00e7\u00e3o e calor elevado. Eles s\u00e3o obrigados a viajar entre as pr\u00f3prias fezes e urina. <strong>Durante o trajeto, muitos animais morrem por conta do calor elevado e doen\u00e7as respirat\u00f3rias<\/strong>. Nos pa\u00edses importadores, eles podem ser abatidos com procedimentos que n\u00e3o seriam permitidos aqui no Brasil. Investiga\u00e7\u00f5es mostram o uso de pr\u00e1ticas como corte de tend\u00f5es das pernas, perfura\u00e7\u00e3o dos olhos e tor\u00e7\u00e3o do rabo para imobilizar os animais.<\/p>\n<p>Vanessa Garbini, vice-presidente de Rela\u00e7\u00f5es Institucionais e Governamentais da Mercy For Animals no Brasil, aponta que al\u00e9m do sofrimento animal, tal atividade ainda oferece riscos \u00e0 sa\u00fade p\u00fablica: \u201cA exporta\u00e7\u00e3o de animais vivos por mar tamb\u00e9m representa um risco para a sa\u00fade p\u00fablica global. O transporte de animais vivos atrav\u00e9s de fronteiras nacionais \u00e9 um vetor para a transmiss\u00e3o de doen\u00e7as zoon\u00f3ticas e a eclos\u00e3o de novas pandemias\u201d, afirma<\/p>\n<h2>Preju\u00edzos ambientais<\/h2>\n<p>Vanessa Garbini explica que a exporta\u00e7\u00e3o de bovinos vivos por via mar\u00edtima tamb\u00e9m impacta negativamente o meio ambiente, a qualidade do ar, os ecossistemas marinhos e propicia a propaga\u00e7\u00e3o de doen\u00e7as. \u201cA exporta\u00e7\u00e3o de animais vivos gera riscos para os ecossistemas marinhos, para a seguran\u00e7a da navega\u00e7\u00e3o e a seguran\u00e7a portu\u00e1ria. Ela tamb\u00e9m impacta a qualidade do ar nas cidades onde ocorrem os embarques. Al\u00e9m disso, \u00e9 um potencial vetor de transmiss\u00e3o de doen\u00e7as de origem zoon\u00f3tica\u201d, elenca Sturaro.<\/p>\n<p>Segundo o jornal brit\u00e2nico <a href=\"https:\/\/www.theguardian.com\/environment\/2020\/oct\/28\/exclusive-livestock-ships-twice-as-likely-to-be-lost-as-cargo-vessels?utm_source=Sentient+Today&amp;utm_campaign=9d1a9c9290-EMAIL_CAMPAIGN_2020_10_15_03_45_COPY_01&amp;utm_medium=email&amp;utm_term=0_5b050108b9-9d1a9c9290-96867106\" target=\"_blank\">The Guardian<\/a>, estima-se que a chance de um navio que transporta animais vivos naufragar e causar um acidente ambiental ou mar\u00edtimo \u00e9 duas vezes maior do que a de outros navios mercantes, como j\u00e1 aconteceu anteriormente em diferentes locais do mundo, inclusive no Brasil.<\/p>\n<p>Em 2015, um navio com mais de 5 mil bois tombou e afundou no porto de Vila do Conde, em Barcarena, no Par\u00e1. A maior parte dos animais embarcados morreu afogada e seus corpos em decomposi\u00e7\u00e3o e o \u00f3leo que vazou do navio polu\u00edram rios e praias, o que causou s\u00e9rios preju\u00edzos para a subsist\u00eancia e para a sa\u00fade das comunidades locais. A trag\u00e9dia, que completa 10 anos em 2025, comprometeu a opera\u00e7\u00e3o do porto, resultando na queda de 70% nas exporta\u00e7\u00f5es no primeiro ano ap\u00f3s o acidente. Um dos ber\u00e7os de atraca\u00e7\u00e3o segue bloqueado com a carca\u00e7a do navio e dois ber\u00e7os adjacentes tiveram a sua capacidade operacional prejudicada. Segundo o relat\u00f3rio Exporta\u00e7\u00e3o Vergonha, estima-se que o preju\u00edzo causado pelo naufr\u00e1gio chegue a mais de 200 milh\u00f5es de reais.<\/p>\n<h2>Tema em debate no pa\u00eds\u00a0<\/h2>\n<p>Hoje, quatro projetos de lei que visam proibir ou restringir a exporta\u00e7\u00e3o de animais vivos no Brasil tramitam no Congresso Nacional. Para a MFA, as propostas refletem a press\u00e3o da sociedade civil e de organiza\u00e7\u00f5es de defesa animal sobre o tema.<\/p>\n<p><strong>Confira o que cada projeto prev\u00ea e a tramita\u00e7\u00e3o de cada um:<\/strong><\/p>\n<ul>\n<li><a href=\"https:\/\/www25.senado.leg.br\/web\/atividade\/materias\/-\/materia\/149736#:~:text=Projeto%20de%20Lei%20n%C2%B0%203093%2C%20de%202021&amp;text=2021%20Descri%C3%A7%C3%A3o%2FEmenta-,Pro%C3%ADbe%20a%20exporta%C3%A7%C3%A3o%20de%20animais%20vivos%20para,exterior%20e%20d%C3%A1%20outras%20provid%C3%AAncias\" target=\"_blank\">PL 3093\/2021<\/a>: pro\u00edbe a exporta\u00e7\u00e3o de animais vivos para abate no exterior, de autoria da Comiss\u00e3o de Direitos Humanos e Legisla\u00e7\u00e3o Participativa do Senado. Situa\u00e7\u00e3o: aguardando inclus\u00e3o em Ordem do Dia dos Requerimentos;<\/li>\n<li><a href=\"https:\/\/www.camara.leg.br\/proposicoesWeb\/fichadetramitacao?idProposicao=2421309\" target=\"_blank\">PLP 23\/2024<\/a>: veta a isen\u00e7\u00e3o tribut\u00e1ria para exporta\u00e7\u00e3o de animais vivos. Situa\u00e7\u00e3o: pronta para pauta na Comiss\u00e3o de Meio Ambiente e Desenvolvimento Sustent\u00e1vel da C\u00e2mara (CMADS), j\u00e1 que possui parecer pela aprova\u00e7\u00e3o do relator, deputado Duda Salabert (PDT-MG), desde 29\/05\/2025;<\/li>\n<li><a href=\"https:\/\/www.camara.leg.br\/proposicoesWeb\/fichadetramitacao?idProposicao=2421311#:~:text=PL%20786%2F2024%20Inteiro%20teor,Projeto%20de%20Lei&amp;text=Disp%C3%B5e%20sobre%20a%20incid%C3%AAncia%20do,11%20de%20outubro%20de%201977\" target=\"_blank\">PL 786\/2024<\/a>: aumenta a al\u00edquota m\u00ednima do imposto de exporta\u00e7\u00e3o de animais vivos para 50% (cinquenta por cento). Situa\u00e7\u00e3o: Aguardando Parecer do(a) Relator(a) na Comiss\u00e3o de Meio Ambiente e Desenvolvimento Sustent\u00e1vel da C\u00e2mara (CMADS);<\/li>\n<li><a href=\"https:\/\/www.camara.leg.br\/proposicoesWeb\/fichadetramitacao?idProposicao=2518143\" target=\"_blank\">PL 2627\/2025<\/a>: projeto apresentado em 28\/05\/2025 que institui o Programa para a Redu\u00e7\u00e3o Progressiva da Exporta\u00e7\u00e3o de Animais Vivos para Abate, com o objetivo de eliminar progressivamente a exporta\u00e7\u00e3o de animais vivos para fins de abate, com cronograma e plano de diminui\u00e7\u00e3o para p\u00f4r fim \u00e0 pr\u00e1tica no Brasil. Situa\u00e7\u00e3o: Aguardando Despacho do Presidente da C\u00e2mara dos Deputados<\/li>\n<\/ul>\n<p>Al\u00e9m dos projetos, uma <strong>a\u00e7\u00e3o civil p\u00fablica<\/strong> movida pelo F\u00f3rum Nacional de Prote\u00e7\u00e3o e Defesa Animal tamb\u00e9m tramita na justi\u00e7a desde 2017. A entidade alegou que a atividade para o abate em pa\u00edses no exterior \u00e9 feita de modo inerentemente cruel.<\/p>\n<p>Na primeira inst\u00e2ncia, a Justi\u00e7a acatou o pedido do F\u00f3rum para suspender a exporta\u00e7\u00e3o de animais vivos em todos os portos do Brasil. Por\u00e9m, a decis\u00e3o s\u00f3 valeria se fosse acatada em segundo grau \u2013 o que n\u00e3o ocorreu. O F\u00f3rum Animal vai recorrer ao Supremo Tribunal Federal (STF) e ao Superior Tribunal de Justi\u00e7a (STJ).<\/p>\n<p>Pa\u00edses como o Reino Unido, Alemanha, Luxemburgo, Nova Zel\u00e2ndia e \u00cdndia j\u00e1 adotaram medidas para acabar ou restringir a atividade em seus territ\u00f3rios.<\/p>\n<p>\t\t\t\t\t\t\t\t\t<img loading=\"lazy\" decoding=\"async\" src=\"https:\/\/brasil61.com\/api\/v1\/serve_pixel\/17677\/82659\" alt=\"Pixel Brasil 61\" class=\"b61_pixel\" width=\"0\" height=\"0\"><\/p>\n<input type=\"hidden\" id=\"baseurl\" value=\"https:\/\/noticiasdestaque.com.br\"><input type=\"hidden\" id=\"audio_nonce\" value=\"6f73a554f1\">","protected":false},"excerpt":{"rendered":"<p>M\u00e1s condi\u00e7\u00f5es de higiene e bem-estar animal nos navios tamb\u00e9m oferecem riscos \u00e0 sa\u00fade p\u00fablica e ao meio ambiente, alerta a ONG Mercy For Animals (MFA); propostas de restri\u00e7\u00e3o tramitam no Congresso Nacional e pesquisa aponta que este tipo de com\u00e9rcio \u00e9 rejeitado pela maioria da popula\u00e7\u00e3o brasileira<\/p>\n","protected":false},"author":1,"featured_media":44326,"comment_status":"open","ping_status":"open","sticky":false,"template":"","format":"standard","meta":{"fifu_image_url":"","fifu_image_alt":"","footnotes":""},"categories":[48],"tags":[],"class_list":["post-44325","post","type-post","status-publish","format-standard","has-post-thumbnail","hentry","category-mundo"],"distributor_meta":false,"distributor_terms":false,"distributor_media":false,"distributor_original_site_name":"Noticias em Destaque","distributor_original_site_url":"https:\/\/noticiasdestaque.com.br","push-errors":false,"_links":{"self":[{"href":"https:\/\/noticiasdestaque.com.br\/index.php\/wp-json\/wp\/v2\/posts\/44325","targetHints":{"allow":["GET"]}}],"collection":[{"href":"https:\/\/noticiasdestaque.com.br\/index.php\/wp-json\/wp\/v2\/posts"}],"about":[{"href":"https:\/\/noticiasdestaque.com.br\/index.php\/wp-json\/wp\/v2\/types\/post"}],"author":[{"embeddable":true,"href":"https:\/\/noticiasdestaque.com.br\/index.php\/wp-json\/wp\/v2\/users\/1"}],"replies":[{"embeddable":true,"href":"https:\/\/noticiasdestaque.com.br\/index.php\/wp-json\/wp\/v2\/comments?post=44325"}],"version-history":[{"count":0,"href":"https:\/\/noticiasdestaque.com.br\/index.php\/wp-json\/wp\/v2\/posts\/44325\/revisions"}],"wp:featuredmedia":[{"embeddable":true,"href":"https:\/\/noticiasdestaque.com.br\/index.php\/wp-json\/wp\/v2\/media\/44326"}],"wp:attachment":[{"href":"https:\/\/noticiasdestaque.com.br\/index.php\/wp-json\/wp\/v2\/media?parent=44325"}],"wp:term":[{"taxonomy":"category","embeddable":true,"href":"https:\/\/noticiasdestaque.com.br\/index.php\/wp-json\/wp\/v2\/categories?post=44325"},{"taxonomy":"post_tag","embeddable":true,"href":"https:\/\/noticiasdestaque.com.br\/index.php\/wp-json\/wp\/v2\/tags?post=44325"}],"curies":[{"name":"wp","href":"https:\/\/api.w.org\/{rel}","templated":true}]}}