{"id":44323,"date":"2025-06-11T00:30:00","date_gmt":"2025-06-11T03:30:00","guid":{"rendered":"https:\/\/noticiasdestaque.com.br\/index.php\/2025\/06\/11\/greve-de-caminhoneiros-em-mg-categoria-ameaca-nova-paralizacao-caso-a-vibra-energia-nao-atenda-reivindicacoes\/"},"modified":"2025-06-11T00:30:00","modified_gmt":"2025-06-11T03:30:00","slug":"greve-de-caminhoneiros-em-mg-categoria-ameaca-nova-paralizacao-caso-a-vibra-energia-nao-atenda-reivindicacoes","status":"publish","type":"post","link":"https:\/\/noticiasdestaque.com.br\/index.php\/2025\/06\/11\/greve-de-caminhoneiros-em-mg-categoria-ameaca-nova-paralizacao-caso-a-vibra-energia-nao-atenda-reivindicacoes\/","title":{"rendered":"Greve de caminhoneiros em MG: categoria amea\u00e7a nova paraliza\u00e7\u00e3o, caso a Vibra Energia n\u00e3o atenda reivindica\u00e7\u00f5es"},"content":{"rendered":"<p>\t\t\t\t\t\t\t\t\t\t<audio controls class=\"b61_audio_player\" data-noticia=\"82657\" src=\"https:\/\/brasil61.com\/rails\/active_storage\/blobs\/eyJfcmFpbHMiOnsibWVzc2FnZSI6IkJBaHBBOVZnQXc9PSIsImV4cCI6bnVsbCwicHVyIjoiYmxvYl9pZCJ9fQ==--167269cedce976a06cc4bf3db2f300e32a17c778\/BRAS2514101A\"><\/audio><\/p>\n<p>Caminhoneiros que prestam servi\u00e7os para a <a href=\"https:\/\/vibraenergiaweb.com\/?app=vibraenergia&amp;gad_source=1&amp;gad_campaignid=22580231922&amp;gbraid=0AAAAAD5YWmrMXWIqsKNKUwW_2EbRsqwFZ&amp;gclid=CjwKCAjwr5_CBhBlEiwAzfwYuPEnp2yRG6f2xMo7CdsocQS58TKfuTT5kT8CZPOj6jC73RK_gq_VXRoCb6MQAvD_BwE\" target=\"_blank\">Vibra Energia<\/a> &#8211; antiga BR Distribuidora &#8211; e transportam combust\u00edveis e derivados de petr\u00f3leo suspenderam a greve iniciada na madrugada da segunda-feira (9). No entanto, a categoria afirma que a paraliza\u00e7\u00e3o poder\u00e1 ser retomado, caso\u00a0as reivindica\u00e7\u00f5es n\u00e3o sejam atendidas.<\/p>\n<p>A informa\u00e7\u00e3o \u00e9 do\u00a0presidente do Sindicato dos Transportadores de Combust\u00edveis e Derivados de Petr\u00f3leo do Estado de Minas Gerais (Sindtaque-MG), Irani Gomes.\u00a0A companhia assumiu o compromisso de atender \u00e0s reivindica\u00e7\u00f5es dos transportadores at\u00e9 esta quarta-feira (11).\u00a0<\/p>\n<p>Um grupo da categoria havia se concentrado nas proximidades da base da companhia, no munic\u00edpio de Betim, localizado na regi\u00e3o metropolitana de Belo Horizonte, em Minas Gerais.\u00a0<\/p>\n<p>Gomes\u00a0tamb\u00e9m cobrou do Minist\u00e9rio dos Transportes, por meio da Ag\u00eancia Nacional de Transportes Terrestres <a href=\"https:\/\/www.gov.br\/antt\/pt-br\" target=\"_blank\">(ANTT)<\/a>, \u201cmaior fiscaliza\u00e7\u00e3o para o efetivo cumprimento das leis\u201d, independentemente da empresa contratante de servi\u00e7os de frete.<\/p>\n<h2>Greve dos caminhoneiros em Minas Gerais: entenda motivos da paraliza\u00e7\u00e3o\u00a0<\/h2>\n<p>Os transportadores reivindicam o pagamento do Piso M\u00ednimo de Frete, previsto na Lei 13.703\/2018; e do Vale-Ped\u00e1gio Obrigat\u00f3rio, como destaca a Lei 10.209\/2001, regulamentada ANTT.<\/p>\n<p><a href=\"https:\/\/brasil61.com\/n\/fpm-de-junho-injeta-r-6-8-bilhoes-nas-prefeituras-nesta-terca-feira-10-confira-quanto-cada-ente-recebe-bras2514073\" target=\"_blank\">FPM de junho injeta R$ 6,8 bilh\u00f5es nas prefeituras, nesta ter\u00e7a-feira (10); confira quanto cada ente recebe<\/a><\/p>\n<p><a href=\"https:\/\/brasil61.com\/n\/fundeb-recursos-poderao-ser-aplicados-em-obras-escolares-bras2514081\" target=\"_blank\">Fundeb: recursos poder\u00e3o ser aplicados em obras escolares<\/a><\/p>\n<p>Ainda segundo Irani Gomes, a entidade apoiava o movimento\u00a0por entender que h\u00e1 um descumprimento dessas leis por parte das empresas.<br \/>\n\u201cCom o descumprimento do Piso M\u00ednimo de Frete e do Vale-Ped\u00e1gio Obrigat\u00f3rio em Minas, os transportadores v\u00eam acumulando preju\u00edzos incalcul\u00e1veis. Exigimos da\u00a0Vibra o cumprimento imediato desses direitos dos transportadores, bem como a amplia\u00e7\u00e3o e intensifica\u00e7\u00e3o da fiscaliza\u00e7\u00e3o aos contratantes de servi\u00e7os de frete por parte da ANTT\u201d, disse.<\/p>\n<p>Por meio de nota, o Sindicato do Com\u00e9rcio Varejista de Derivados de Petr\u00f3leo no Estado de Minas Gerais (Minaspetro) destacou que foi comunicado sobre a greve e que monitorava o movimento, assim como impactos que a paraliza\u00e7\u00e3o poderia proporcionar.<\/p>\n<h2>Greve de caminhoneiros em MG: posicionamento da Vibra Energia<\/h2>\n<p>Tamb\u00e9m por meio de nota, a Vibra Energia havia destacado que estava adotando medidas necess\u00e1rias para reduzir poss\u00edveis riscos de desabastecimento e atendimento aos seus clientes. &#8220;Ressaltamos que os contratos firmados entre Vibra e empresas transportadoras encontram-se vigentes e precisam ser cumpridos, sob pena da aplica\u00e7\u00e3o das penalidades previstas&#8221;, disse<br \/>\n\u00a0<\/p>\n<p>\t\t\t\t\t\t\t\t\t<img loading=\"lazy\" decoding=\"async\" src=\"https:\/\/brasil61.com\/api\/v1\/serve_pixel\/17677\/82657\" alt=\"Pixel Brasil 61\" class=\"b61_pixel\" width=\"0\" height=\"0\"><\/p>\n<input type=\"hidden\" id=\"baseurl\" value=\"https:\/\/noticiasdestaque.com.br\"><input type=\"hidden\" id=\"audio_nonce\" value=\"5128c810d9\">","protected":false},"excerpt":{"rendered":"<p>Um grupo de caminhoneiros havia se concentrado nas proximidades da base da companhia, no munic\u00edpio de Betim, localizado na regi\u00e3o metropolitana de Belo Horizonte, em Minas Gerais<\/p>\n","protected":false},"author":1,"featured_media":44324,"comment_status":"open","ping_status":"open","sticky":false,"template":"","format":"standard","meta":{"fifu_image_url":"","fifu_image_alt":"","footnotes":""},"categories":[48],"tags":[],"class_list":["post-44323","post","type-post","status-publish","format-standard","has-post-thumbnail","hentry","category-mundo"],"distributor_meta":false,"distributor_terms":false,"distributor_media":false,"distributor_original_site_name":"Noticias em Destaque","distributor_original_site_url":"https:\/\/noticiasdestaque.com.br","push-errors":false,"_links":{"self":[{"href":"https:\/\/noticiasdestaque.com.br\/index.php\/wp-json\/wp\/v2\/posts\/44323","targetHints":{"allow":["GET"]}}],"collection":[{"href":"https:\/\/noticiasdestaque.com.br\/index.php\/wp-json\/wp\/v2\/posts"}],"about":[{"href":"https:\/\/noticiasdestaque.com.br\/index.php\/wp-json\/wp\/v2\/types\/post"}],"author":[{"embeddable":true,"href":"https:\/\/noticiasdestaque.com.br\/index.php\/wp-json\/wp\/v2\/users\/1"}],"replies":[{"embeddable":true,"href":"https:\/\/noticiasdestaque.com.br\/index.php\/wp-json\/wp\/v2\/comments?post=44323"}],"version-history":[{"count":0,"href":"https:\/\/noticiasdestaque.com.br\/index.php\/wp-json\/wp\/v2\/posts\/44323\/revisions"}],"wp:featuredmedia":[{"embeddable":true,"href":"https:\/\/noticiasdestaque.com.br\/index.php\/wp-json\/wp\/v2\/media\/44324"}],"wp:attachment":[{"href":"https:\/\/noticiasdestaque.com.br\/index.php\/wp-json\/wp\/v2\/media?parent=44323"}],"wp:term":[{"taxonomy":"category","embeddable":true,"href":"https:\/\/noticiasdestaque.com.br\/index.php\/wp-json\/wp\/v2\/categories?post=44323"},{"taxonomy":"post_tag","embeddable":true,"href":"https:\/\/noticiasdestaque.com.br\/index.php\/wp-json\/wp\/v2\/tags?post=44323"}],"curies":[{"name":"wp","href":"https:\/\/api.w.org\/{rel}","templated":true}]}}