{"id":44317,"date":"2025-06-10T20:30:00","date_gmt":"2025-06-10T23:30:00","guid":{"rendered":"https:\/\/noticiasdestaque.com.br\/index.php\/2025\/06\/10\/essa-conta-nao-e-nossa-entidades-criticam-nova-estrategia-fiscal-do-governo\/"},"modified":"2025-06-10T20:30:00","modified_gmt":"2025-06-10T23:30:00","slug":"essa-conta-nao-e-nossa-entidades-criticam-nova-estrategia-fiscal-do-governo","status":"publish","type":"post","link":"https:\/\/noticiasdestaque.com.br\/index.php\/2025\/06\/10\/essa-conta-nao-e-nossa-entidades-criticam-nova-estrategia-fiscal-do-governo\/","title":{"rendered":"\u201cEssa conta n\u00e3o \u00e9 nossa\u201d: entidades criticam nova estrat\u00e9gia fiscal do governo"},"content":{"rendered":"<p>\t\t\t\t\t\t\t\t\t\t<audio controls class=\"b61_audio_player\" data-noticia=\"82660\" src=\"https:\/\/brasil61.com\/rails\/active_storage\/blobs\/eyJfcmFpbHMiOnsibWVzc2FnZSI6IkJBaHBBODVnQXc9PSIsImV4cCI6bnVsbCwicHVyIjoiYmxvYl9pZCJ9fQ==--3d39947f529c34a082c6c60c067974328b7bc1ce\/CACB250024A\"><\/audio><\/p>\n<p>As medidas alternativas aos dois decretos que aumentaram o IOF n\u00e3o foram bem recebidas por diversas entidades do setor produtivo, que reagiram logo ap\u00f3s o an\u00fancio. Entre essas entidades est\u00e1 a <a href=\"https:\/\/cacb.org.br\/\">CACB<\/a> (Confedera\u00e7\u00e3o das Associa\u00e7\u00f5es Comerciais e Empresariais do Brasil). O presidente, Alfredo Cotait, subiu o tom:<\/p>\n<p>\u201cEsta conta tamb\u00e9m n\u00e3o \u00e9 nossa. N\u00f3s lan\u00e7amos o Gasto Brasil, onde mostramos que o governo est\u00e1 gastando mais do que arrecada. At\u00e9 maio, mais de 500 bilh\u00f5es de reais \u00e9 o desequil\u00edbrio das contas p\u00fablicas. N\u00f3s temos que trabalhar para falar para o governo: corte de gastos j\u00e1! Equil\u00edbrio nas contas. \u00c9 isso que o povo est\u00e1 pedindo\u201d, afirmou Cotait.<\/p>\n<p>A rea\u00e7\u00e3o ocorre em meio ao esfor\u00e7o do governo federal para encontrar alternativas ao aumento do Imposto sobre Opera\u00e7\u00f5es Financeiras (IOF), ap\u00f3s press\u00e3o de setores empresariais e do Congresso Nacional. O recuo foi anunciado ap\u00f3s cr\u00edticas de que a eleva\u00e7\u00e3o do imposto penalizaria a atividade econ\u00f4mica e encareceria o cr\u00e9dito em um momento de baixo crescimento.<\/p>\n<p><a href=\"https:\/\/brasil61.com\/n\/alta-do-iof-pressiona-empresas-e-acende-alerta-sobre-credito-consumo-e-investimentos-bras2514079\">Alta do IOF pressiona empresas e acende alerta sobre cr\u00e9dito, consumo e investimentos<\/a><\/p>\n<h2>Recuo<\/h2>\n<p>Diante da necessidade de compensar a perda de arrecada\u00e7\u00e3o prevista com o recuo do IOF, o Minist\u00e9rio da Fazenda apresentou um pacote de medidas que inclui a reonera\u00e7\u00e3o de setores espec\u00edficos, a revis\u00e3o de subs\u00eddios e a antecipa\u00e7\u00e3o de receitas extraordin\u00e1rias, como dividendos de estatais. A estrat\u00e9gia, no entanto, foi recebida com ceticismo pelo setor produtivo, que v\u00ea nas propostas mais uma forma de transferir a conta do ajuste fiscal para empresas e consumidores.<\/p>\n<p>Para a CACB, o governo deveria priorizar cortes de gastos e maior efici\u00eancia da m\u00e1quina p\u00fablica, em vez de lan\u00e7ar m\u00e3o de medidas que, segundo afirmam, apenas adiam o enfrentamento do desequil\u00edbrio fiscal.<\/p>\n<p>Segundo o analista de mercado, Eduardo Domenico, algumas das medidas sugeridas, como a taxa\u00e7\u00e3o das bets, s\u00e3o v\u00e1lidas. \u201cPrincipalmente, com rela\u00e7\u00e3o \u00e0 quest\u00e3o social, para se coibir o que pode se tornar um v\u00edcio entre os usu\u00e1rios.\u201d Outras, por\u00e9m, ele acredita n\u00e3o serem t\u00e3o f\u00e1ceis de aprovar:<\/p>\n<p>\u201cAcredito ser bem dif\u00edcil a aprova\u00e7\u00e3o da nova tributa\u00e7\u00e3o dos LCIs e LCAs, sendo que o agro e a constru\u00e7\u00e3o civil s\u00e3o os grandes fomentadores do PIB e do emprego no Brasil. Criar novas al\u00edquotas para esses segmentos vai dificultar e encarecer ainda mais a obten\u00e7\u00e3o de cr\u00e9dito\u201d, avalia o especialista.<\/p>\n<p>Enquanto isso, o clima entre empres\u00e1rios \u00e9 de alerta. A percep\u00e7\u00e3o \u00e9 que, independentemente do formato, o ajuste pode resultar em aumento da carga tribut\u00e1ria ou redu\u00e7\u00e3o da competitividade.<br \/>\n\u00a0<\/p>\n<p>\t\t\t\t\t\t\t\t\t<img loading=\"lazy\" decoding=\"async\" src=\"https:\/\/brasil61.com\/api\/v1\/serve_pixel\/17677\/82660\" alt=\"Pixel Brasil 61\" class=\"b61_pixel\" width=\"0\" height=\"0\"><\/p>\n<input type=\"hidden\" id=\"baseurl\" value=\"https:\/\/noticiasdestaque.com.br\"><input type=\"hidden\" id=\"audio_nonce\" value=\"5128c810d9\">","protected":false},"excerpt":{"rendered":"<p>Ap\u00f3s desistir de elevar o IOF, governo prop\u00f5e reonera\u00e7\u00e3o e corte de subs\u00eddios, mas setor produtivo v\u00ea tentativa de transferir \u00f4nus do ajuste \u00e0s empresas e consumidores<\/p>\n","protected":false},"author":1,"featured_media":44318,"comment_status":"open","ping_status":"open","sticky":false,"template":"","format":"standard","meta":{"fifu_image_url":"","fifu_image_alt":"","footnotes":""},"categories":[59],"tags":[],"class_list":["post-44317","post","type-post","status-publish","format-standard","has-post-thumbnail","hentry","category-economia"],"distributor_meta":false,"distributor_terms":false,"distributor_media":false,"distributor_original_site_name":"Noticias em Destaque","distributor_original_site_url":"https:\/\/noticiasdestaque.com.br","push-errors":false,"_links":{"self":[{"href":"https:\/\/noticiasdestaque.com.br\/index.php\/wp-json\/wp\/v2\/posts\/44317","targetHints":{"allow":["GET"]}}],"collection":[{"href":"https:\/\/noticiasdestaque.com.br\/index.php\/wp-json\/wp\/v2\/posts"}],"about":[{"href":"https:\/\/noticiasdestaque.com.br\/index.php\/wp-json\/wp\/v2\/types\/post"}],"author":[{"embeddable":true,"href":"https:\/\/noticiasdestaque.com.br\/index.php\/wp-json\/wp\/v2\/users\/1"}],"replies":[{"embeddable":true,"href":"https:\/\/noticiasdestaque.com.br\/index.php\/wp-json\/wp\/v2\/comments?post=44317"}],"version-history":[{"count":0,"href":"https:\/\/noticiasdestaque.com.br\/index.php\/wp-json\/wp\/v2\/posts\/44317\/revisions"}],"wp:featuredmedia":[{"embeddable":true,"href":"https:\/\/noticiasdestaque.com.br\/index.php\/wp-json\/wp\/v2\/media\/44318"}],"wp:attachment":[{"href":"https:\/\/noticiasdestaque.com.br\/index.php\/wp-json\/wp\/v2\/media?parent=44317"}],"wp:term":[{"taxonomy":"category","embeddable":true,"href":"https:\/\/noticiasdestaque.com.br\/index.php\/wp-json\/wp\/v2\/categories?post=44317"},{"taxonomy":"post_tag","embeddable":true,"href":"https:\/\/noticiasdestaque.com.br\/index.php\/wp-json\/wp\/v2\/tags?post=44317"}],"curies":[{"name":"wp","href":"https:\/\/api.w.org\/{rel}","templated":true}]}}