{"id":44303,"date":"2025-06-09T21:05:00","date_gmt":"2025-06-10T00:05:00","guid":{"rendered":"https:\/\/noticiasdestaque.com.br\/index.php\/2025\/06\/09\/dolar-atinge-menor-valor-em-oito-meses\/"},"modified":"2025-06-09T21:05:00","modified_gmt":"2025-06-10T00:05:00","slug":"dolar-atinge-menor-valor-em-oito-meses","status":"publish","type":"post","link":"https:\/\/noticiasdestaque.com.br\/index.php\/2025\/06\/09\/dolar-atinge-menor-valor-em-oito-meses\/","title":{"rendered":"D\u00f3lar atinge menor valor em oito meses"},"content":{"rendered":"<p>\t\t\t\t\t\t\t\t\t\t<audio controls class=\"b61_audio_player\" data-noticia=\"82616\" src=\"https:\/\/brasil61.com\/rails\/active_storage\/blobs\/eyJfcmFpbHMiOnsibWVzc2FnZSI6IkJBaHBBN1ZmQXc9PSIsImV4cCI6bnVsbCwicHVyIjoiYmxvYl9pZCJ9fQ==--7c4303cbf6261d63afdec16896f3b686fd7a4c9b\/BRAS2514090A\"><\/audio><\/p>\n<p>O d\u00f3lar come\u00e7a a ter\u00e7a-feira (10) em leve queda de 0,13%, cotado a R$ 5,56 \u2014 o menor valor do ano e o mais baixo desde 8 de outubro do ano passado. A desvaloriza\u00e7\u00e3o da moeda norte-americana reflete o otimismo do mercado diante das sinaliza\u00e7\u00f5es do governo federal sobre a agenda fiscal, especialmente ap\u00f3s o ministro da Fazenda, Fernando Haddad, anunciar que ser\u00e1 publicada ainda nesta semana uma medida provis\u00f3ria com novas medidas para aumentar a arrecada\u00e7\u00e3o e substituir o decreto que elevava o IOF.<\/p>\n<p>Entre as medidas confirmadas, est\u00e3o a taxa\u00e7\u00e3o de 5% sobre t\u00edtulos atualmente isentos, como LCIs e LCAs, e a eleva\u00e7\u00e3o da tributa\u00e7\u00e3o sobre as chamadas \u201cbets\u201d. \u00a0Haddad tamb\u00e9m destacou que o governo e o Congresso chegaram a um entendimento para discutir a redu\u00e7\u00e3o de ao menos 10% nas isen\u00e7\u00f5es fiscais e revisar propostas de cortes de gastos em tramita\u00e7\u00e3o. A percep\u00e7\u00e3o de maior articula\u00e7\u00e3o entre Executivo e Legislativo na condu\u00e7\u00e3o das contas p\u00fablicas foi bem recebida por investidores e contribuiu para o fortalecimento do real frente ao d\u00f3lar.<br \/>\n\u00a0<\/p>\n<p>\t\t\t\t\t\t\t\t\t<img loading=\"lazy\" decoding=\"async\" src=\"https:\/\/brasil61.com\/api\/v1\/serve_pixel\/17677\/82616\" alt=\"Pixel Brasil 61\" class=\"b61_pixel\" width=\"0\" height=\"0\"><\/p>\n<input type=\"hidden\" id=\"baseurl\" value=\"https:\/\/noticiasdestaque.com.br\"><input type=\"hidden\" id=\"audio_nonce\" value=\"6f73a554f1\">","protected":false},"excerpt":{"rendered":"<p>Moeda americana chega ao menor valor desde outubro, cotada a R$ 5,56<\/p>\n","protected":false},"author":1,"featured_media":44304,"comment_status":"open","ping_status":"open","sticky":false,"template":"","format":"standard","meta":{"fifu_image_url":"","fifu_image_alt":"","footnotes":""},"categories":[59],"tags":[],"class_list":["post-44303","post","type-post","status-publish","format-standard","has-post-thumbnail","hentry","category-economia"],"distributor_meta":false,"distributor_terms":false,"distributor_media":false,"distributor_original_site_name":"Noticias em Destaque","distributor_original_site_url":"https:\/\/noticiasdestaque.com.br","push-errors":false,"_links":{"self":[{"href":"https:\/\/noticiasdestaque.com.br\/index.php\/wp-json\/wp\/v2\/posts\/44303","targetHints":{"allow":["GET"]}}],"collection":[{"href":"https:\/\/noticiasdestaque.com.br\/index.php\/wp-json\/wp\/v2\/posts"}],"about":[{"href":"https:\/\/noticiasdestaque.com.br\/index.php\/wp-json\/wp\/v2\/types\/post"}],"author":[{"embeddable":true,"href":"https:\/\/noticiasdestaque.com.br\/index.php\/wp-json\/wp\/v2\/users\/1"}],"replies":[{"embeddable":true,"href":"https:\/\/noticiasdestaque.com.br\/index.php\/wp-json\/wp\/v2\/comments?post=44303"}],"version-history":[{"count":0,"href":"https:\/\/noticiasdestaque.com.br\/index.php\/wp-json\/wp\/v2\/posts\/44303\/revisions"}],"wp:featuredmedia":[{"embeddable":true,"href":"https:\/\/noticiasdestaque.com.br\/index.php\/wp-json\/wp\/v2\/media\/44304"}],"wp:attachment":[{"href":"https:\/\/noticiasdestaque.com.br\/index.php\/wp-json\/wp\/v2\/media?parent=44303"}],"wp:term":[{"taxonomy":"category","embeddable":true,"href":"https:\/\/noticiasdestaque.com.br\/index.php\/wp-json\/wp\/v2\/categories?post=44303"},{"taxonomy":"post_tag","embeddable":true,"href":"https:\/\/noticiasdestaque.com.br\/index.php\/wp-json\/wp\/v2\/tags?post=44303"}],"curies":[{"name":"wp","href":"https:\/\/api.w.org\/{rel}","templated":true}]}}